{"id":17049,"date":"2021-05-31T08:46:20","date_gmt":"2021-05-31T11:46:20","guid":{"rendered":"https:\/\/radardofuturo.com.br\/?p=17049"},"modified":"2021-05-31T08:46:31","modified_gmt":"2021-05-31T11:46:31","slug":"empresa-de-biotecnologia-aposta-em-acoes-sustentaveis","status":"publish","type":"post","link":"https:\/\/radardofuturo.com.br\/test\/empresa-de-biotecnologia-aposta-em-acoes-sustentaveis\/","title":{"rendered":"Empresa de biotecnologia aposta em a\u00e7\u00f5es sustent\u00e1veis"},"content":{"rendered":"\n<figure class=\"wp-block-image size-large is-style-default\"><img loading=\"lazy\" decoding=\"async\" width=\"1880\" height=\"1253\" src=\"https:\/\/radardofuturo.com.br\/test\/wp-content\/uploads\/2021\/05\/pexels-photo-1072824.jpeg\" alt=\"person holding a green plant\npessoa mosta uma planta verde \na&ccedil;&otilde;es sustent&aacute;veis\" class=\"wp-image-17050\" srcset=\"https:\/\/radardofuturo.com.br\/test\/wp-content\/uploads\/2021\/05\/pexels-photo-1072824.jpeg 1880w, https:\/\/radardofuturo.com.br\/test\/wp-content\/uploads\/2021\/05\/pexels-photo-1072824-300x200.jpeg 300w, https:\/\/radardofuturo.com.br\/test\/wp-content\/uploads\/2021\/05\/pexels-photo-1072824-1024x682.jpeg 1024w, https:\/\/radardofuturo.com.br\/test\/wp-content\/uploads\/2021\/05\/pexels-photo-1072824-768x512.jpeg 768w, https:\/\/radardofuturo.com.br\/test\/wp-content\/uploads\/2021\/05\/pexels-photo-1072824-1536x1024.jpeg 1536w, https:\/\/radardofuturo.com.br\/test\/wp-content\/uploads\/2021\/05\/pexels-photo-1072824-696x464.jpeg 696w, https:\/\/radardofuturo.com.br\/test\/wp-content\/uploads\/2021\/05\/pexels-photo-1072824-1392x928.jpeg 1392w\" sizes=\"auto, (max-width: 1880px) 100vw, 1880px\"><figcaption>Photo by Akil  Mazumder on <a href=\"https:\/\/www.pexels.com\/photo\/person-holding-a-green-plant-1072824\/\" rel=\"nofollow noopener\" target=\"_blank\">Pexels.com<\/a><\/figcaption><\/figure>\n\n\n\n<p>Eppendorf faz distribui&ccedil;&atilde;o de sementes para celebrar Dia Mundial do Meio Ambiente<\/p>\n\n\n\n<!--more-->\n\n\n\n<p>Com o objetivo n&atilde;o apenas de otimizar seu sistema de gest&atilde;o ambiental mas tamb&eacute;m aperfei&ccedil;o&aacute;-lo a longo prazo, a Eppendorf, empresa alem&atilde; de biotecnologia com foco em Life Science, est&aacute; apostando em neg&oacute;cios sustent&aacute;veis para cada est&aacute;gio do ciclo de vida de seus produtos. No Brasil, a empresa desenvolve a&ccedil;&atilde;o de distribui&ccedil;&atilde;o aos clientes, de sementes em tubos c&ocirc;nicos que podem ser reutilizados para a planta&ccedil;&atilde;o de novas mudas. Entre as esp&eacute;cies de &aacute;rvores est&atilde;o a paineira, a canaf&iacute;stula e o mutambo.<\/p>\n\n\n\n<p>&ldquo;Fazemos da sustentabilidade nosso guia para a tomada de decis&otilde;es. Os funcion&aacute;rios da Eppendorf s&atilde;o a base de todo o sistema de gest&atilde;o. Portanto, a consci&ecirc;ncia ambiental &eacute; promovida continuamente por meio de informa&ccedil;&atilde;o, treinamento, educa&ccedil;&atilde;o continuada, integra&ccedil;&atilde;o e lideran&ccedil;a. Al&eacute;m disso, cada membro da gest&atilde;o tem a tarefa de introduzir e fortalecer a consci&ecirc;ncia ambiental em seus departamentos&rdquo;, diz Ana Paula Aukar, CEO da empresa no Brasil.<\/p>\n\n\n\n<h2 class=\"wp-block-heading\">Mais a&ccedil;&otilde;es sustent&aacute;veis<\/h2>\n\n\n\n<p>Grandes conquistas com pequenos passos: Esse princ&iacute;pio &eacute; adotado e implementado em todos os setores da Eppendorf. Em seu centro de compet&ecirc;ncia para o desenvolvimento e produ&ccedil;&atilde;o de consum&iacute;veis em Oldenburg, na Alemanha, por exemplo, uma preocupa&ccedil;&atilde;o particular se destaca. N&atilde;o &eacute; segredo que a produ&ccedil;&atilde;o de itens descart&aacute;veis de pl&aacute;stico, fundamentais nos laborat&oacute;rios, requer o consumo de muita energia e recursos. Por isso, a empresa refor&ccedil;a altos padr&otilde;es de seguran&ccedil;a e qualidade em suas instala&ccedil;&otilde;es, com o objetivo de garantir a menor carga ambiental poss&iacute;vel em todos os processos de fabrica&ccedil;&atilde;o. Entre eles, a instala&ccedil;&atilde;o de novas caldeiras de condensa&ccedil;&atilde;o a g&aacute;s para minimizar o consumo de calor, a instala&ccedil;&atilde;o de motores de ventiladores econ&ocirc;micos e ajustes de frequ&ecirc;ncia no sistema de controle de temperatura para economizar eletricidade.<\/p>\n\n\n\n<p>Menos papel para comunicar: Al&eacute;m de incentivar ativamente os canais digitais, a Eppendorf usa em sua comunica&ccedil;&atilde;o impressa mat&eacute;rias-primas renov&aacute;veis. Todo o material publicit&aacute;rio &eacute; impresso utilizando um processo neutro em carbono, com a garantia de que o desperd&iacute;cio de papel e as tiragens sejam m&iacute;nimas. Al&eacute;m disso, todas as embalagens s&atilde;o fabricadas em papel FSC, produzido a partir de fibras recuperadas p&oacute;s-consumo.<\/p>\n\n\n\n<p>Redu&ccedil;&atilde;o de CO2 nas instala&ccedil;&otilde;es: No pr&eacute;dio que abriga a sede da empresa em Hamburgo, na Alemanha, foi implementada a utiliza&ccedil;&atilde;o da geot&eacute;rmica existente no local. O espa&ccedil;o conta somente com energia solar gerada pelo sistema no telhado da nova estrutura.<\/p>\n\n\n\n<h4 class=\"wp-block-heading\">Produtos<\/h4>\n\n\n\n<p>Centr&iacute;fugas refrigeradas s&atilde;o um dos principais produtos do portf&oacute;lio da empresa. A Eppenforf criou um procedimento de reciclagem que &eacute; ecol&oacute;gica e economicamente sustent&aacute;vel: os res&iacute;duos de alum&iacute;nio s&atilde;o coletados e comprimidos em briquetes em alta press&atilde;o em uma prensa hidr&aacute;ulica. A compress&atilde;o libera a maior parte do lubrificante de resfriamento, que pode ser coletado para reutiliza&ccedil;&atilde;o conforme necess&aacute;rio. Pode parecer uma pequena a&ccedil;&atilde;o no processo de produ&ccedil;&atilde;o de equipamentos, mas importante o suficiente para otimizar o suprimento de energia. Com esse sistema, &eacute; poss&iacute;vel economizar cerca de 50% de eletricidade.<\/p>\n\n\n\n<p>Em 2007, os ultrafreezers da Eppendorf foram os primeiros freezers sem hidrocarbonetos a serem oferecidos no mercado. Atrav&eacute;s da ado&ccedil;&atilde;o de refrigeramentos ecol&oacute;gicos, a empresa foi capaz de reduzir o consumo de energia destes dispositivos em at&eacute; 10%. A medida gera economia de custos para o usu&aacute;rio por meio de um menor consumo de energia.<\/p>\n\n\n\n<h4 class=\"wp-block-heading\">Sobre a Eppendorf<\/h4>\n\n\n\n<p>Fundada em 1945, em Hamburgo, a Eppendorf possui f&aacute;bricas nos Estados Unidos e Europa. Conta ainda com mais de 26 subsidi&aacute;rias em diferentes pa&iacute;ses. Seu escrit&oacute;rio no Brasil opera h&aacute; 20 anos, atendendo aos mercados brasileiro e latino-americano. A empresa tamb&eacute;m &eacute; pioneira no desenvolvimento e comercializa&ccedil;&atilde;o de instrumentos, desde a d&eacute;cada de 1960, com o lan&ccedil;amento da primeira centr&iacute;fuga com sistema de medi&ccedil;&atilde;o em microlitros no mercado, incluindo microecentr&iacute;fugas, microtubos, entre outros produtos, revolucionando a investiga&ccedil;&atilde;o em bioci&ecirc;ncia em todo o mundo.<\/p>\n","protected":false},"excerpt":{"rendered":"<p>Eppendorf faz distribui&ccedil;&atilde;o de sementes para celebrar Dia Mundial do Meio Ambiente<\/p>\n","protected":false},"author":15,"featured_media":17050,"comment_status":"open","ping_status":"open","sticky":false,"template":"","format":"standard","meta":{"tdm_status":"","tdm_grid_status":"","footnotes":"","jetpack_publicize_message":"","jetpack_publicize_feature_enabled":true,"jetpack_social_post_already_shared":true,"jetpack_social_options":{"image_generator_settings":{"template":"highway","enabled":false},"version":2}},"categories":[16,1423],"tags":[2858,2859,147],"class_list":{"0":"post-17049","1":"post","2":"type-post","3":"status-publish","4":"format-standard","5":"has-post-thumbnail","7":"category-tendencias-setores","8":"category-sustentabilidade","9":"tag-negocios-sustentaveis","10":"tag-sobre-biotecnologia","11":"tag-sustentabilidade"},"jetpack_publicize_connections":[],"jetpack_featured_media_url":"https:\/\/radardofuturo.com.br\/test\/wp-content\/uploads\/2021\/05\/pexels-photo-1072824.jpeg","post_mailing_queue_ids":[],"_links":{"self":[{"href":"https:\/\/radardofuturo.com.br\/test\/wp-json\/wp\/v2\/posts\/17049","targetHints":{"allow":["GET"]}}],"collection":[{"href":"https:\/\/radardofuturo.com.br\/test\/wp-json\/wp\/v2\/posts"}],"about":[{"href":"https:\/\/radardofuturo.com.br\/test\/wp-json\/wp\/v2\/types\/post"}],"author":[{"embeddable":true,"href":"https:\/\/radardofuturo.com.br\/test\/wp-json\/wp\/v2\/users\/15"}],"replies":[{"embeddable":true,"href":"https:\/\/radardofuturo.com.br\/test\/wp-json\/wp\/v2\/comments?post=17049"}],"version-history":[{"count":0,"href":"https:\/\/radardofuturo.com.br\/test\/wp-json\/wp\/v2\/posts\/17049\/revisions"}],"wp:featuredmedia":[{"embeddable":true,"href":"https:\/\/radardofuturo.com.br\/test\/wp-json\/wp\/v2\/media\/17050"}],"wp:attachment":[{"href":"https:\/\/radardofuturo.com.br\/test\/wp-json\/wp\/v2\/media?parent=17049"}],"wp:term":[{"taxonomy":"category","embeddable":true,"href":"https:\/\/radardofuturo.com.br\/test\/wp-json\/wp\/v2\/categories?post=17049"},{"taxonomy":"post_tag","embeddable":true,"href":"https:\/\/radardofuturo.com.br\/test\/wp-json\/wp\/v2\/tags?post=17049"}],"curies":[{"name":"wp","href":"https:\/\/api.w.org\/{rel}","templated":true}]}}