{"id":16607,"date":"2021-04-27T16:17:51","date_gmt":"2021-04-27T19:17:51","guid":{"rendered":"https:\/\/radardofuturo.com.br\/?p=16607"},"modified":"2021-04-27T16:17:57","modified_gmt":"2021-04-27T19:17:57","slug":"tecnologias-ditarao-o-futuro-da-educacao","status":"publish","type":"post","link":"https:\/\/radardofuturo.com.br\/test\/tecnologias-ditarao-o-futuro-da-educacao\/","title":{"rendered":"Entenda por que as tecnologias ditar\u00e3o o futuro da educa\u00e7\u00e3o"},"content":{"rendered":"\n<figure class=\"wp-block-image size-large\"><img loading=\"lazy\" decoding=\"async\" width=\"1024\" height=\"683\" src=\"https:\/\/radardofuturo.com.br\/test\/wp-content\/uploads\/2021\/04\/Educacao-tecnologia-1024x683.jpg\" alt=\"\" class=\"wp-image-16608\" srcset=\"https:\/\/radardofuturo.com.br\/test\/wp-content\/uploads\/2021\/04\/Educacao-tecnologia-1024x683.jpg 1024w, https:\/\/radardofuturo.com.br\/test\/wp-content\/uploads\/2021\/04\/Educacao-tecnologia-300x200.jpg 300w, https:\/\/radardofuturo.com.br\/test\/wp-content\/uploads\/2021\/04\/Educacao-tecnologia-768x512.jpg 768w, https:\/\/radardofuturo.com.br\/test\/wp-content\/uploads\/2021\/04\/Educacao-tecnologia-1536x1024.jpg 1536w, https:\/\/radardofuturo.com.br\/test\/wp-content\/uploads\/2021\/04\/Educacao-tecnologia-696x464.jpg 696w, https:\/\/radardofuturo.com.br\/test\/wp-content\/uploads\/2021\/04\/Educacao-tecnologia-1392x928.jpg 1392w, https:\/\/radardofuturo.com.br\/test\/wp-content\/uploads\/2021\/04\/Educacao-tecnologia.jpg 1920w\" sizes=\"auto, (max-width: 1024px) 100vw, 1024px\"><figcaption>Imagem de <a href=\"https:\/\/pixabay.com\/pt\/users\/cherylt23-29385\/?utm_source=link-attribution&amp;utm_medium=referral&amp;utm_campaign=image&amp;utm_content=99506\" target=\"_blank\" rel=\"noopener\">cherylt23<\/a> por <a href=\"https:\/\/pixabay.com\/pt\/?utm_source=link-attribution&amp;utm_medium=referral&amp;utm_campaign=image&amp;utm_content=99506\" target=\"_blank\" rel=\"noopener\">Pixabay<\/a><\/figcaption><\/figure>\n\n\n\n<p>*Por Samir Iasb&eacute;ck<\/p>\n\n\n\n<p>N&atilde;o &eacute; mist&eacute;rio para ningu&eacute;m o quanto a pandemia de covid-19 afetou todos os setores da economia. Toda a cadeia precisou passar por ajustes r&aacute;pidos para conseguirem se adaptar &agrave; nova realidade e minimizar os seus preju&iacute;zos. Na &aacute;rea educacional n&atilde;o foi diferente. Mesmo aqueles que ainda eram relutantes ao ensino online precisaram buscar ferramentas para seguirem com as aulas. <\/p>\n\n\n\n<p>Segundo um estudo realizado pela Educa Insights, empresa pioneira no desenvolvimento de solu&ccedil;&otilde;es inovadoras para o mercado de Educa&ccedil;&atilde;o, 80% das institui&ccedil;&otilde;es e empresas de ensino realizaram o processo de migra&ccedil;&atilde;o para o ambiente digital em cerca de 40 dias.<\/p>\n\n\n\n<p>&Eacute; poss&iacute;vel dizer ainda que o uso de tecnologias neste segmento j&aacute; era uma tend&ecirc;ncia, a pandemia s&oacute; acelerou o processo de transforma&ccedil;&atilde;o digital. V&aacute;rias institui&ccedil;&otilde;es j&aacute; utilizavam tablets, <a href=\"https:\/\/vestibular.brasilescola.uol.com.br\/estudar-no-exterior\/o-que-significa-o-ensino-hibrido-adotado-pelas-universidades-internacionais-na-pandemia.htm\" class=\"rank-math-link\" target=\"_blank\" rel=\"noopener\">sistemas h&iacute;bridos de ensino<\/a>, aulas de rob&oacute;tica, entre diversas atividades que, n&atilde;o necessariamente, estavam dentro do cronograma de todas as escolas, mas j&aacute; incentivava alunos de todo pa&iacute;s. <\/p>\n\n\n\n<p>Outro grande exemplo dessas implementa&ccedil;&otilde;es &eacute; a gamifica&ccedil;&atilde;o. Baseada na utiliza&ccedil;&atilde;o de elementos de jogos digitais para ensinar, ela proporciona maior intera&ccedil;&atilde;o social, estudantes mais engajados e motivados, est&iacute;mulo na resolu&ccedil;&atilde;o de problemas, melhoria de resultados e desempenho e desenvolvimento socioemocionais.<\/p>\n\n\n\n<p>Mas lembre-se: a <a href=\"https:\/\/radardofuturo.com.br\/test\/tecnologia-acelera-passos-para-educacao-do-futuro\/\" class=\"rank-math-link\">educa&ccedil;&atilde;o do futuro<\/a> n&atilde;o precisa depender de projetos caros e muito menos migrar&aacute; a sala de aula definitivamente para o virtual. Ela funciona como uma alavanca para repensar a forma de ensinar e como as institui&ccedil;&otilde;es preparam essas pessoas para as profiss&otilde;es do futuro, que muito provavelmente, ser&atilde;o mais tecnol&oacute;gicas. <\/p>\n\n\n\n<p>Apostar em pr&aacute;ticas mais modernas, incentivar a flexibiliza&ccedil;&atilde;o de aulas engessadas, inserir aplicativos de perguntas e respostas, utilizar a internet para pesquisas e apresenta&ccedil;&otilde;es criativas, com certeza proporcionar&aacute; uma experi&ecirc;ncia diferenciada e far&aacute; com o que o aluno queira aprender.<\/p>\n\n\n\n<p>Diante disso, concluo e entendo que mesmo com o in&iacute;cio da vacina&ccedil;&atilde;o e a volta &agrave;s aulas presenciais, acredito que as solu&ccedil;&otilde;es digitais continuar&atilde;o fazendo parte do dia a dia das institui&ccedil;&otilde;es. Muitas delas, antes mesmo da crise de sa&uacute;de p&uacute;blica, j&aacute; tentavam se aproximar dessa nova gera&ccedil;&atilde;o que vive conectada. <\/p>\n\n\n\n<p>Aulas ma&ccedil;antes, com pouca intera&ccedil;&atilde;o entre os alunos n&atilde;o despertam mais interesse como antes. &Eacute; hora de buscarmos o novo e a tecnologia pode ser uma pe&ccedil;a-chave para essa revolu&ccedil;&atilde;o. Pense nisso.<\/p>\n\n\n\n<p><em>*Samir I&aacute;sbeck &eacute; CEO e fundador do Qranio, plataforma mobile de aprendizagem que usa a gamifica&ccedil;&atilde;o para estimular os usu&aacute;rios a se envolverem com conte&uacute;dos educacionais em todos os momentos<\/em><\/p>\n","protected":false},"excerpt":{"rendered":"<p>*Por Samir Iasb&eacute;ck N&atilde;o &eacute; mist&eacute;rio para ningu&eacute;m o quanto a pandemia de covid-19 afetou todos os setores da economia. Toda a cadeia precisou passar por ajustes r&aacute;pidos para conseguirem se adaptar &agrave; nova realidade e minimizar os seus preju&iacute;zos. Na &aacute;rea educacional n&atilde;o foi diferente. Mesmo aqueles que ainda eram relutantes ao ensino online [&hellip;]<\/p>\n","protected":false},"author":15,"featured_media":16608,"comment_status":"open","ping_status":"open","sticky":false,"template":"","format":"standard","meta":{"tdm_status":"","tdm_grid_status":"","footnotes":"","jetpack_publicize_message":"","jetpack_publicize_feature_enabled":true,"jetpack_social_post_already_shared":true,"jetpack_social_options":{"image_generator_settings":{"template":"highway","enabled":false},"version":2}},"categories":[9,20,15,36],"tags":[70,504,242,990,989],"class_list":{"0":"post-16607","1":"post","2":"type-post","3":"status-publish","4":"format-standard","5":"has-post-thumbnail","7":"category-artigos","8":"category-destaques","9":"category-noticias","10":"category-pensadores-futuro","11":"tag-educacao","12":"tag-educacao-no-futuro","13":"tag-futuro-da-educacao","14":"tag-tecnologias-na-educacao","15":"tag-tecnologias-na-sala-de-aula"},"jetpack_publicize_connections":[],"jetpack_featured_media_url":"https:\/\/radardofuturo.com.br\/test\/wp-content\/uploads\/2021\/04\/Educacao-tecnologia.jpg","post_mailing_queue_ids":[],"_links":{"self":[{"href":"https:\/\/radardofuturo.com.br\/test\/wp-json\/wp\/v2\/posts\/16607","targetHints":{"allow":["GET"]}}],"collection":[{"href":"https:\/\/radardofuturo.com.br\/test\/wp-json\/wp\/v2\/posts"}],"about":[{"href":"https:\/\/radardofuturo.com.br\/test\/wp-json\/wp\/v2\/types\/post"}],"author":[{"embeddable":true,"href":"https:\/\/radardofuturo.com.br\/test\/wp-json\/wp\/v2\/users\/15"}],"replies":[{"embeddable":true,"href":"https:\/\/radardofuturo.com.br\/test\/wp-json\/wp\/v2\/comments?post=16607"}],"version-history":[{"count":0,"href":"https:\/\/radardofuturo.com.br\/test\/wp-json\/wp\/v2\/posts\/16607\/revisions"}],"wp:featuredmedia":[{"embeddable":true,"href":"https:\/\/radardofuturo.com.br\/test\/wp-json\/wp\/v2\/media\/16608"}],"wp:attachment":[{"href":"https:\/\/radardofuturo.com.br\/test\/wp-json\/wp\/v2\/media?parent=16607"}],"wp:term":[{"taxonomy":"category","embeddable":true,"href":"https:\/\/radardofuturo.com.br\/test\/wp-json\/wp\/v2\/categories?post=16607"},{"taxonomy":"post_tag","embeddable":true,"href":"https:\/\/radardofuturo.com.br\/test\/wp-json\/wp\/v2\/tags?post=16607"}],"curies":[{"name":"wp","href":"https:\/\/api.w.org\/{rel}","templated":true}]}}