{"id":16570,"date":"2021-04-25T18:19:35","date_gmt":"2021-04-25T21:19:35","guid":{"rendered":"https:\/\/radardofuturo.com.br\/?p=16570"},"modified":"2021-04-25T18:19:41","modified_gmt":"2021-04-25T21:19:41","slug":"semana-da-educacao-debate-como-inclusao-pode-transformar-a-sociedade-brasileira","status":"publish","type":"post","link":"https:\/\/radardofuturo.com.br\/test\/semana-da-educacao-debate-como-inclusao-pode-transformar-a-sociedade-brasileira\/","title":{"rendered":"Semana da Educa\u00e7\u00e3o debate como inclus\u00e3o pode transformar a sociedade brasileira"},"content":{"rendered":"\n<p><br><strong>Evento on-line promovido pelo Cursinho Popular EACH-USP discute a import&acirc;ncia da educa&ccedil;&atilde;o como ferramenta de transforma&ccedil;&atilde;o social; palestras ocorrer&atilde;o entre os dias 27 e 30 de abril<\/strong><\/p>\n\n\n\n<!--more-->\n\n\n\n<p>David Ferrari<\/p>\n\n\n\n<p>Por causa das desigualdades sociais, raciais e de g&ecirc;nero, o acesso &agrave; educa&ccedil;&atilde;o n&atilde;o &eacute; igualit&aacute;rio. Uns podem estudar nas melhores escolas, com os melhores professores e materiais, enquanto outros sequer conseguem concluir o estudo prim&aacute;rio. Com o objetivo de promover discuss&otilde;es sobre o atual cen&aacute;rio educacional, o <a href=\"https:\/\/www.facebook.com\/CursinhoPopularEACH\/\" class=\"rank-math-link\" target=\"_blank\" rel=\"noopener\">Cursinho Popular EACH-USP<\/a> organiza a edi&ccedil;&atilde;o da Semana da Educa&ccedil;&atilde;o, um evento on-line gratuito que abordar&aacute; a import&acirc;ncia da educa&ccedil;&atilde;o na transforma&ccedil;&atilde;o da sociedade.<\/p>\n\n\n\n<p>Com o tema A transforma&ccedil;&atilde;o social atrav&eacute;s da educa&ccedil;&atilde;o: como a inclus&atilde;o pode mudar a sociedade brasileira, a entidade da Escola de Artes, Ci&ecirc;ncias e Humanidades (EACH) debater&aacute; quest&otilde;es como g&ecirc;nero, sexualidade, educa&ccedil;&atilde;o perif&eacute;rica e a Educa&ccedil;&atilde;o de Jovens e Adultos (EJA) no Brasil.<\/p>\n\n\n\n<p>Aberta ao p&uacute;blico, a Semana da Educa&ccedil;&atilde;o acontecer&aacute; entre os dias 27 e 30 de abril, das 17 horas &agrave;s 18h15. Cada encontro ter&aacute; uma mesa tem&aacute;tica composta de palestrantes de diferentes &aacute;reas. Entre os participantes confirmados est&atilde;o Gabriela Bailas, cientista, youtuber e podcaster, Helena Vieira, professora e transfeminista, e Mari&acirc;ngela Graciano, professora da Universidade Federal de S&atilde;o Paulo (Unifesp) e especialista nas tem&aacute;ticas da EJA.<\/p>\n\n\n\n<p>Para participar, &eacute; necess&aacute;rio fazer inscri&ccedil;&atilde;o atrav&eacute;s do site, neste link, at&eacute; o dia 27 de abril. A transmiss&atilde;o das mesas ocorrer&aacute; por meio das plataformas do cursinho no Facebook e Youtube. Os links para acesso ser&atilde;o enviados atrav&eacute;s do e-mail cadastrado durante as inscri&ccedil;&otilde;es. Ao final, todos os participantes receber&atilde;o um certificado.<\/p>\n\n\n\n<p>O Cursinho Popular EACH-USP &eacute; uma entidade organizada e gerida por estudantes e professores volunt&aacute;rios. O grupo busca ser um facilitador para jovens que se encontram em estado de vulnerabilidade social e sonham em ingressar em uma universidade.<\/p>\n\n\n\n<h2 class=\"wp-block-heading\">Confira a programa&ccedil;&atilde;o do evento:<\/h2>\n\n\n\n<p><strong>Mesa 1 (27 de abril &agrave;s 17h)<\/strong> &ndash; Pensamento Anticient&iacute;fico e Negacionismo no Brasil, com Gabriela Bailas (cientista graduada em F&iacute;sica e PhD em F&iacute;sica te&oacute;rica de part&iacute;culas, youtuber e podcaster);<\/p>\n\n\n\n<p><strong>Mesa 2 (28 de abril &agrave;s 17h)<\/strong> &ndash; Educa&ccedil;&atilde;o, G&ecirc;nero e Sexualidade, com Helena Vieira (escritora, professora e transfeminista), Jade Arbo (mestra em Filosofia e bacharela em Letras) e Vict&oacute;ria Toth (graduanda em Direito pela USP e pesquisadora no N&uacute;cleo de Estudos da Viol&ecirc;ncia &ndash; NEV-USP);<\/p>\n\n\n\n<p><strong>Mesa 3 (29 de abril &agrave;s 17h)<\/strong> &ndash; Educa&ccedil;&atilde;o de Jovens e Adultos: uma experi&ecirc;ncia brasileira, com Mari&acirc;ngela Graciano (doutora em Educa&ccedil;&atilde;o), Cleber Vieira (doutor em Educa&ccedil;&atilde;o) e Danyelle Cavalcante (ex-aluna da EJA);<\/p>\n\n\n\n<p><strong>Mesa 4 (30 de abril &agrave;s 17h)<\/strong> &ndash; A Import&acirc;ncia da Educa&ccedil;&atilde;o Decolonial nas Periferias, com Kaio Gameleira (graduando em Gest&atilde;o de Pol&iacute;ticas P&uacute;blicas pela USP, pesquisador e ativista) e Caio Gabriel (graduando em Letras pela USP, poeta e m&uacute;sico).<\/p>\n\n\n\n<p>Para participar, inscreva-se gratuitamente atrav&eacute;s do&nbsp;<a href=\"https:\/\/bit.ly\/SemanadaEduca%C3%A7%C3%A3o2021\" target=\"_blank\" rel=\"noreferrer noopener\">formul&aacute;rio<\/a>.<\/p>\n\n\n\n<p>Acesse o&nbsp;<a href=\"https:\/\/bit.ly\/EventoSemanadaEduca%C3%A7%C3%A3o\" target=\"_blank\" rel=\"noreferrer noopener\">evento no Facebook<\/a>.<\/p>\n","protected":false},"excerpt":{"rendered":"<p>Evento on-line promovido pelo Cursinho Popular EACH-USP discute a import&acirc;ncia da educa&ccedil;&atilde;o como ferramenta de transforma&ccedil;&atilde;o social; palestras ocorrer&atilde;o entre os dias 27 e 30 de abril<\/p>\n","protected":false},"author":1,"featured_media":7619,"comment_status":"open","ping_status":"open","sticky":false,"template":"","format":"standard","meta":{"tdm_status":"","tdm_grid_status":"","footnotes":"","jetpack_publicize_message":"","jetpack_publicize_feature_enabled":true,"jetpack_social_post_already_shared":true,"jetpack_social_options":{"image_generator_settings":{"template":"highway","enabled":false},"version":2}},"categories":[18],"tags":[],"class_list":{"0":"post-16570","1":"post","2":"type-post","3":"status-publish","4":"format-standard","5":"has-post-thumbnail","7":"category-eventos"},"jetpack_publicize_connections":[],"jetpack_featured_media_url":"https:\/\/radardofuturo.com.br\/test\/wp-content\/uploads\/2019\/10\/usp-panoramica-foto-george-campos-drone-3353737580-1570538362192.jpg","post_mailing_queue_ids":[],"_links":{"self":[{"href":"https:\/\/radardofuturo.com.br\/test\/wp-json\/wp\/v2\/posts\/16570","targetHints":{"allow":["GET"]}}],"collection":[{"href":"https:\/\/radardofuturo.com.br\/test\/wp-json\/wp\/v2\/posts"}],"about":[{"href":"https:\/\/radardofuturo.com.br\/test\/wp-json\/wp\/v2\/types\/post"}],"author":[{"embeddable":true,"href":"https:\/\/radardofuturo.com.br\/test\/wp-json\/wp\/v2\/users\/1"}],"replies":[{"embeddable":true,"href":"https:\/\/radardofuturo.com.br\/test\/wp-json\/wp\/v2\/comments?post=16570"}],"version-history":[{"count":0,"href":"https:\/\/radardofuturo.com.br\/test\/wp-json\/wp\/v2\/posts\/16570\/revisions"}],"wp:featuredmedia":[{"embeddable":true,"href":"https:\/\/radardofuturo.com.br\/test\/wp-json\/wp\/v2\/media\/7619"}],"wp:attachment":[{"href":"https:\/\/radardofuturo.com.br\/test\/wp-json\/wp\/v2\/media?parent=16570"}],"wp:term":[{"taxonomy":"category","embeddable":true,"href":"https:\/\/radardofuturo.com.br\/test\/wp-json\/wp\/v2\/categories?post=16570"},{"taxonomy":"post_tag","embeddable":true,"href":"https:\/\/radardofuturo.com.br\/test\/wp-json\/wp\/v2\/tags?post=16570"}],"curies":[{"name":"wp","href":"https:\/\/api.w.org\/{rel}","templated":true}]}}