{"id":1648,"date":"2018-07-24T08:04:21","date_gmt":"2018-07-24T11:04:21","guid":{"rendered":"https:\/\/radardofuturo.com.br\/?p=1648"},"modified":"2018-07-24T08:04:21","modified_gmt":"2018-07-24T11:04:21","slug":"usp-forma-especialistas-em-computacao-aplicada-a-educacao","status":"publish","type":"post","link":"https:\/\/radardofuturo.com.br\/test\/usp-forma-especialistas-em-computacao-aplicada-a-educacao\/","title":{"rendered":"USP forma especialistas em computa\u00e7\u00e3o aplicada \u00e0 educa\u00e7\u00e3o"},"content":{"rendered":"<figure id=\"attachment_1654\" aria-describedby=\"caption-attachment-1654\" style=\"width: 960px\" class=\"wp-caption aligncenter\"><a href=\"https:\/\/radardofuturo.com.br\/test\/wp-content\/uploads\/2018\/07\/usp-cria-curso-para-formacao-de-especialistas-em-computacao-aplicada-a-educacao_foto-Marcos-Santos.jpg\"><img loading=\"lazy\" decoding=\"async\" class=\"size-full wp-image-1654\" src=\"https:\/\/radardofuturo.com.br\/test\/wp-content\/uploads\/2018\/07\/usp-cria-curso-para-formacao-de-especialistas-em-computacao-aplicada-a-educacao_foto-Marcos-Santos.jpg\" alt=\"As inscri&ccedil;&otilde;es j&aacute; est&atilde;o abertas e as disciplinas ser&atilde;o oferecidas na modalidade ensino a dist&acirc;ncia - Foto: foto-Marcos-Santos - USP Imagens\" width=\"960\" height=\"640\" srcset=\"https:\/\/radardofuturo.com.br\/test\/wp-content\/uploads\/2018\/07\/usp-cria-curso-para-formacao-de-especialistas-em-computacao-aplicada-a-educacao_foto-Marcos-Santos.jpg 960w, https:\/\/radardofuturo.com.br\/test\/wp-content\/uploads\/2018\/07\/usp-cria-curso-para-formacao-de-especialistas-em-computacao-aplicada-a-educacao_foto-Marcos-Santos-300x200.jpg 300w, https:\/\/radardofuturo.com.br\/test\/wp-content\/uploads\/2018\/07\/usp-cria-curso-para-formacao-de-especialistas-em-computacao-aplicada-a-educacao_foto-Marcos-Santos-768x512.jpg 768w, https:\/\/radardofuturo.com.br\/test\/wp-content\/uploads\/2018\/07\/usp-cria-curso-para-formacao-de-especialistas-em-computacao-aplicada-a-educacao_foto-Marcos-Santos-480x320.jpg 480w\" sizes=\"auto, (max-width: 960px) 100vw, 960px\"><\/a><figcaption id=\"caption-attachment-1654\" class=\"wp-caption-text\">As inscri&ccedil;&otilde;es j&aacute; est&atilde;o abertas e as disciplinas ser&atilde;o oferecidas na modalidade ensino a dist&acirc;ncia<\/figcaption><\/figure>\n<p><!--more--><\/p>\n<p>USP<\/p>\n<p>Propiciar um contato direto com diferentes tecnologias computacionais que t&ecirc;m potencial para revolucionar a educa&ccedil;&atilde;o brasileira. Esse &eacute; o principal objetivo do primeiro curso de p&oacute;s-gradua&ccedil;&atilde;o a dist&acirc;ncia lan&ccedil;ado pelo Instituto de Ci&ecirc;ncias Matem&aacute;ticas e de Computa&ccedil;&atilde;o (ICMC) da USP, em S&atilde;o Carlos: uma&nbsp;especializa&ccedil;&atilde;o em computa&ccedil;&atilde;o aplicada &agrave; educa&ccedil;&atilde;o. Qualquer pessoa com forma&ccedil;&atilde;o universit&aacute;ria pode se inscrever na iniciativa, j&aacute; que n&atilde;o &eacute; necess&aacute;rio possuir conhecimento pr&eacute;vio na &aacute;rea de computa&ccedil;&atilde;o e programa&ccedil;&atilde;o.<\/p>\n<p>Durante os 23 meses do curso, os participantes conhecer&atilde;o as t&eacute;cnicas, pr&aacute;ticas e ferramentas mais avan&ccedil;adas na &aacute;rea de computa&ccedil;&atilde;o que d&atilde;o apoio aos processos de ensino e aprendizagem. Entre os t&oacute;picos que ser&atilde;o abordados est&atilde;o, por exemplo, m&eacute;todos motivacionais que podem ser utilizados no ambiente computacional para reduzir a evas&atilde;o de alunos e t&eacute;cnicas da computa&ccedil;&atilde;o que permitem personalizar a aprendizagem, de acordo com as necessidades dos estudantes e dos professores. Al&eacute;m disso, ser&atilde;o apresentadas tecnologias abertas, colaborativas e de imers&atilde;o &ndash; tais como as que j&aacute; s&atilde;o utilizadas em jogos e as que possibilitam criar <a href=\"https:\/\/radardofuturo.com.br\/test\/ddof\/realidade-aumentada\/\" target=\"_self\" title=\"Realidade aumentada &eacute; a tecnologia que utiliza recursos para facilitar a informa&ccedil;&otilde;es e conhecimentos do mundo externo, seja sobre caracter&iacute;sticas de produtos, de coisas ou lugares. A ideia &eacute; aumentar seu conhecimento imediato do mundo ao seu redor. Para isso, insere informa&ccedil;&otilde;es curtas, diretas e relevantes nele. Isso permite maior intera&ccedil;&atilde;o e aumenta as possibilidades&hellip;\" class=\"encyclopedia\">realidade aumentada<\/a> ou virtual &ndash;, e tamb&eacute;m t&eacute;cnicas e ferramentas baseadas em intelig&ecirc;ncia artificial.<\/p>\n<p>&ldquo;Todas essas tecnologias t&ecirc;m potencial para mudar radicalmente a intera&ccedil;&atilde;o do estudante com o ambiente educacional, aumentando a intera&ccedil;&atilde;o com o conte&uacute;do que &eacute; ensinado. Consequentemente, &eacute; poss&iacute;vel aprimorar a qualidade do ensino bem como os resultados de aprendizagem em todos os &acirc;mbitos, quer seja no ensino fundamental, m&eacute;dio ou superior&rdquo;, explica o professor Seiji Isotani, do ICMC, coordenador do novo curso.<\/p>\n<p>O professor ressalta que o campo de trabalho e pesquisa na &aacute;rea de computa&ccedil;&atilde;o aplicada &agrave; educa&ccedil;&atilde;o tem crescido fortemente no Brasil e no mundo. Segundo o&nbsp;The Boston Consulting Group, s&oacute; em 2015 foram mais de 4,5 bilh&otilde;es de d&oacute;lares investidos em tecnologias educacionais apenas no setor privado. Atualmente, centenas de startups (empresas de base tecnol&oacute;gica) com foco em desenvolvimento de tecnologia atuam nesse setor e grandes empresas tamb&eacute;m est&atilde;o investindo a fim de propor, desenvolver e aplicar tecnologias computacionais para apoiar as atividades de ensino e aprendizagem. &ldquo;O pr&oacute;prio Minist&eacute;rio da Educa&ccedil;&atilde;o tem atuado fortemente para criar pol&iacute;ticas p&uacute;blicas que fomentem o desenvolvimento e uso adequado das tecnologias, principalmente na educa&ccedil;&atilde;o b&aacute;sica. Cito como exemplo o edital do&nbsp;Guia de Tecnologias&nbsp;e a&nbsp;Plataforma Integrada MEC de Recursos Educacionais Digitais&rdquo;, completa Isotani.<\/p>\n<h2>Como participar<\/h2>\n<p>Para se inscrever na especializa&ccedil;&atilde;o, basta realizar o cadastro no sistema online de inscri&ccedil;&atilde;o dispon&iacute;vel no&nbsp;site do curso&nbsp;at&eacute; dia 30 de setembro. A taxa de inscri&ccedil;&atilde;o &eacute; de R$ 150. Ser&atilde;o selecionados, no m&aacute;ximo, 300 candidatos de todo o Brasil. O processo seletivo consistir&aacute; na an&aacute;lise dos documentos enviados durante a inscri&ccedil;&atilde;o e o resultado final ser&aacute; informado via e-mail. Ap&oacute;s a divulga&ccedil;&atilde;o do resultado, o candidato aprovado dever&aacute; manifestar interesse na vaga, tamb&eacute;m via e-mail, e efetuar o pagamento da taxa de matr&iacute;cula (R$ 390) em at&eacute; sete dias. O valor da taxa &eacute; id&ecirc;ntico ao da mensalidade do curso, que totaliza 23 parcelas de R$ 390.<\/p>\n<p>Ser&atilde;o oferecidas, ainda, algumas bolsas de estudos para os alunos matriculados, os quais ter&atilde;o isen&ccedil;&atilde;o total no pagamento da matr&iacute;cula e das mensalidades. A sele&ccedil;&atilde;o dos bolsistas tamb&eacute;m ser&aacute; realizada por meio da an&aacute;lise dos documentos enviados na inscri&ccedil;&atilde;o. Haver&aacute; prioridade para a concess&atilde;o de bolsas a professores, gestores e funcion&aacute;rios de rede p&uacute;blica que trabalham no ensino fundamental e m&eacute;dio&nbsp;(veja os demais crit&eacute;rios de sele&ccedil;&atilde;o no site).<\/p>\n<p>Todas as informa&ccedil;&otilde;es referentes ao acesso ao ambiente online de aprendizagem e tamb&eacute;m em rela&ccedil;&atilde;o ao primeiro encontro presencial ser&atilde;o enviadas aos selecionados logo ap&oacute;s a confirma&ccedil;&atilde;o da matr&iacute;cula. As aulas no ambiente online come&ccedil;ar&atilde;o dia 15 de outubro e o primeiro encontro presencial j&aacute; est&aacute; agendado: acontecer&aacute; nos dias 20 e 21 de outubro no ICMC, no campus da USP, em S&atilde;o Carlos. Conhecida como a capital da tecnologia, S&atilde;o Carlos est&aacute; localizada no centro do Estado de S&atilde;o Paulo, a apenas 244 quil&ocirc;metros da capital paulista, 146 quil&ocirc;metros de Campinas e 101 de Ribeir&atilde;o Preto.<\/p>\n<h2>Ambiente diferenciado<\/h2>\n<p>O ambiente de ensino a dist&acirc;ncia em que a especializa&ccedil;&atilde;o ser&aacute; oferecida est&aacute; em total sintonia com a proposta da iniciativa. Personalizado, o ambiente oferecer&aacute; uma ampla gama de atividades, tais como v&iacute;deo-aulas, atividades de leitura, avalia&ccedil;&atilde;o pelos pares, trabalhos em grupo, discuss&otilde;es em f&oacute;runs, webin&aacute;rios, escrita de resenhas, cria&ccedil;&atilde;o de conte&uacute;dos educacionais, desenvolvimento de projetos e provas.<\/p>\n<p>Os t&iacute;tulos de algumas das disciplinas que ser&atilde;o oferecidas d&atilde;o pistas sobre o conte&uacute;do que ser&aacute; abordado em cada uma: &ldquo;Gamifica&ccedil;&atilde;o da aprendizagem&rdquo;; &ldquo;Intelig&ecirc;ncia artificial na educa&ccedil;&atilde;o&rdquo;; &ldquo;A revolu&ccedil;&atilde;o das tecnologias da computa&ccedil;&atilde;o e o potencial de aplica&ccedil;&atilde;o na educa&ccedil;&atilde;o&rdquo;. Al&eacute;m do professor Seiji Isotani e da professora Ellen Francine, ambos do ICMC, o corpo docente do curso &eacute; multidisciplinar e agrega profissionais qualificados, todos com doutorado, que atuam em diferentes centros de pesquisa e ensino como a Escola Polit&eacute;cnica da USP, a Universidade Federal do Estado do Rio de Janeiro, a Universidade Federal de Alagoas, a Universidade Federal de Pernambuco e a Universidade do Vale do Rio dos Sinos.<\/p>\n<p>A especializa&ccedil;&atilde;o conta, ainda, com o apoio do&nbsp;Centro de Ci&ecirc;ncias Matem&aacute;ticas Aplicadas &agrave; Ind&uacute;stria (CeMEAI)&nbsp;e da Funda&ccedil;&atilde;o de Apoio &agrave; F&iacute;sica e &agrave; Qu&iacute;mica (FAFQ).<\/p>\n<p>Texto: Denise Casatti &ndash; Assessoria de Comunica&ccedil;&atilde;o do ICMC\/USP<\/p>\n","protected":false},"excerpt":{"rendered":"","protected":false},"author":1,"featured_media":1654,"comment_status":"closed","ping_status":"closed","sticky":false,"template":"","format":"standard","meta":{"tdm_status":"","tdm_grid_status":"","footnotes":"","jetpack_publicize_message":"","jetpack_publicize_feature_enabled":true,"jetpack_social_post_already_shared":true,"jetpack_social_options":{"image_generator_settings":{"template":"highway","enabled":false},"version":2}},"categories":[20,19,31],"tags":[662,70,663,589],"class_list":{"0":"post-1648","1":"post","2":"type-post","3":"status-publish","4":"format-standard","5":"has-post-thumbnail","7":"category-destaques","8":"category-insights","9":"category-tendencias-profissoes","10":"tag-computacao-aplicada-a-educacao","11":"tag-educacao","12":"tag-especializacao","13":"tag-formacao"},"jetpack_publicize_connections":[],"jetpack_featured_media_url":"https:\/\/radardofuturo.com.br\/test\/wp-content\/uploads\/2018\/07\/usp-cria-curso-para-formacao-de-especialistas-em-computacao-aplicada-a-educacao_foto-Marcos-Santos.jpg","post_mailing_queue_ids":[],"_links":{"self":[{"href":"https:\/\/radardofuturo.com.br\/test\/wp-json\/wp\/v2\/posts\/1648","targetHints":{"allow":["GET"]}}],"collection":[{"href":"https:\/\/radardofuturo.com.br\/test\/wp-json\/wp\/v2\/posts"}],"about":[{"href":"https:\/\/radardofuturo.com.br\/test\/wp-json\/wp\/v2\/types\/post"}],"author":[{"embeddable":true,"href":"https:\/\/radardofuturo.com.br\/test\/wp-json\/wp\/v2\/users\/1"}],"replies":[{"embeddable":true,"href":"https:\/\/radardofuturo.com.br\/test\/wp-json\/wp\/v2\/comments?post=1648"}],"version-history":[{"count":0,"href":"https:\/\/radardofuturo.com.br\/test\/wp-json\/wp\/v2\/posts\/1648\/revisions"}],"wp:featuredmedia":[{"embeddable":true,"href":"https:\/\/radardofuturo.com.br\/test\/wp-json\/wp\/v2\/media\/1654"}],"wp:attachment":[{"href":"https:\/\/radardofuturo.com.br\/test\/wp-json\/wp\/v2\/media?parent=1648"}],"wp:term":[{"taxonomy":"category","embeddable":true,"href":"https:\/\/radardofuturo.com.br\/test\/wp-json\/wp\/v2\/categories?post=1648"},{"taxonomy":"post_tag","embeddable":true,"href":"https:\/\/radardofuturo.com.br\/test\/wp-json\/wp\/v2\/tags?post=1648"}],"curies":[{"name":"wp","href":"https:\/\/api.w.org\/{rel}","templated":true}]}}