{"id":16333,"date":"2021-04-06T18:00:00","date_gmt":"2021-04-06T21:00:00","guid":{"rendered":"https:\/\/radardofuturo.com.br\/?p=16333"},"modified":"2021-04-06T13:50:07","modified_gmt":"2021-04-06T16:50:07","slug":"para-45-dos-ceos-globais-negocios-nao-voltam-a-normalidade-ate-2022","status":"publish","type":"post","link":"https:\/\/radardofuturo.com.br\/test\/para-45-dos-ceos-globais-negocios-nao-voltam-a-normalidade-ate-2022\/","title":{"rendered":"Para 45% dos CEOs globais, neg\u00f3cios n\u00e3o voltam \u00e0 normalidade at\u00e9 2022"},"content":{"rendered":"\n<figure class=\"wp-block-image size-large\"><img loading=\"lazy\" decoding=\"async\" width=\"1024\" height=\"427\" src=\"https:\/\/radardofuturo.com.br\/test\/wp-content\/uploads\/2021\/04\/CEO-1024x427.jpg\" alt=\"\" class=\"wp-image-16334\" srcset=\"https:\/\/radardofuturo.com.br\/test\/wp-content\/uploads\/2021\/04\/CEO-1024x427.jpg 1024w, https:\/\/radardofuturo.com.br\/test\/wp-content\/uploads\/2021\/04\/CEO-300x125.jpg 300w, https:\/\/radardofuturo.com.br\/test\/wp-content\/uploads\/2021\/04\/CEO-768x320.jpg 768w, https:\/\/radardofuturo.com.br\/test\/wp-content\/uploads\/2021\/04\/CEO-1536x640.jpg 1536w, https:\/\/radardofuturo.com.br\/test\/wp-content\/uploads\/2021\/04\/CEO-696x290.jpg 696w, https:\/\/radardofuturo.com.br\/test\/wp-content\/uploads\/2021\/04\/CEO-1392x580.jpg 1392w, https:\/\/radardofuturo.com.br\/test\/wp-content\/uploads\/2021\/04\/CEO.jpg 1920w\" sizes=\"auto, (max-width: 1024px) 100vw, 1024px\"><figcaption>L&iacute;deres empresariais tamb&eacute;m acreditam que suas empresas se transformaram para sempre com a pandemia<\/figcaption><\/figure>\n\n\n\n<p>Quase metade (45%) dos CEOs globais n&atilde;o enxergam um retorno dos neg&oacute;cios &agrave; normalidade at&eacute; 2022 e apenas um ter&ccedil;o deles (31%) esperam que o retorno ao curso normal ocorra em 2021. Al&eacute;m disso, 24% desses CEOs n&atilde;o esperam mais por isso e afirmam que suas empresas e opera&ccedil;&otilde;es mudaram para sempre com a pandemia. <\/p>\n\n\n\n<p>Mais da metade (55%) dos l&iacute;deres empresariais temem que nem todos seus funcion&aacute;rios tenham acesso a uma vacina contra a Covid-19, o que poder&aacute; colocar alguns mercados e opera&ccedil;&otilde;es em desvantagem. Essas s&atilde;o as principais conclus&otilde;es da pesquisa &ldquo;CEO Outlook Pulse 2021&rdquo;, conduzida pela KPMG com 500 CEOs de 11 mercados.<\/p>\n\n\n\n<p>&ldquo;A pesquisa evidencia que os neg&oacute;cios nunca mais ser&atilde;o os mesmos em fun&ccedil;&atilde;o da pandemia. Sairemos dela com aprendizados importantes para o futuro das empresas, das pessoas, da sociedade e do meio ambiente. Os desafios est&atilde;o sendo enfrentados com resili&ecirc;ncia e h&aacute; diversas empresas que conseguem manter as opera&ccedil;&otilde;es e gerar neg&oacute;cios. Este &eacute; o momento de exercemos lideran&ccedil;a e gest&atilde;o de forma mais inovadora, estrat&eacute;gica e assertiva. Nunca o mundo esteve t&atilde;o conectado e nunca tivemos acesso a tantas informa&ccedil;&otilde;es. O futuro das empresas depender&aacute; de iniciativas de neg&oacute;cios mais anal&iacute;ticas e tecnol&oacute;gicas, integradas com uma governan&ccedil;a atenta aos aspectos econ&ocirc;micos, sociais e ambientais&rdquo;, afirma Charles Krieck, presidente da KPMG no Brasil e na Am&eacute;rica do Sul.<\/p>\n\n\n\n<p>O conte&uacute;do revelou tamb&eacute;m que a maioria (90%) dos l&iacute;deres desejam garantir a seguran&ccedil;a da equipe, solicitando aos funcion&aacute;rios que notifiquem a empresa quando forem vacinados. Outro dado relevante &eacute; que quase dois ter&ccedil;os (61%) das empresas tamb&eacute;m buscar&atilde;o uma implementa&ccedil;&atilde;o bem-sucedida da vacina contra a Covid-19 nos mercados consultados antes de solicitarem que seus funcion&aacute;rios retornem aos escrit&oacute;rios.<\/p>\n\n\n\n<h2 class=\"wp-block-heading\">Crescimento<\/h2>\n\n\n\n<p>Em rela&ccedil;&atilde;o &agrave;s perspectivas de crescimento de seus pa&iacute;ses, as respostas s&atilde;o: 19% muito confiantes, 65% confiantes, 11% neutros, 5% n&atilde;o muito confiantes. Sobre perspectivas de crescimento da economia global, os dados s&atilde;o: 13% muito confiantes, 30% confiantes, 14% neutros, 39% n&atilde;o muito confiantes, 4% nada confiantes.<\/p>\n\n\n\n<p>A confian&ccedil;a dos CEOs no crescimento de suas empresas, setores e pa&iacute;ses no horizonte de tr&ecirc;s anos &eacute; elevada. No entanto, as perspectivas para a economia global s&atilde;o baixas. De acordo com a pesquisa, as perspectivas dos entrevistados para o crescimento de suas empresas nesse per&iacute;odo s&atilde;o: 22% muito confiantes, 66% confiantes, 11% neutros, 1% n&atilde;o muito confiantes. Sobre crescimento do setor, as perspectivas s&atilde;o: 23% muito confiantes, 67% confiantes, 8% neutros, 2% n&atilde;o muito confiantes.<\/p>\n\n\n\n<p>J&aacute; os riscos ambiental e clim&aacute;tico continuam sendo preocupantes para as empresas, com 89% das empresas procurando assegurar ganhos de sustentabilidade e mudan&ccedil;a clim&aacute;tica obtidos durante a pandemia. Al&eacute;m disso, quase todas elas (96% agora contra 63% em agosto de 2020) aumentaram o foco no componente social dos programas de ESG.<\/p>\n\n\n\n<h2 class=\"wp-block-heading\">Conex&atilde;o digital<\/h2>\n\n\n\n<p>A pandemia tamb&eacute;m acelerou a aten&ccedil;&atilde;o dos CEOs no digital. Com a migra&ccedil;&atilde;o do modo de crise para a normaliza&ccedil;&atilde;o das opera&ccedil;&otilde;es, o foco migrou para seguran&ccedil;a cibern&eacute;tica e <a href=\"https:\/\/radardofuturo.com.br\/test\/importancia-da-transformacao-digital-no-mundo-pos-covid-19\/\" class=\"rank-math-link\">conex&atilde;o digital<\/a> com clientes. Como resultado, os respondentes identificaram a seguran&ccedil;a cibern&eacute;tica como a principal preocupa&ccedil;&atilde;o com impacto no crescimento e nas opera&ccedil;&otilde;es ao longo de tr&ecirc;s anos. A seguran&ccedil;a cibern&eacute;tica foi nomeada antes das preocupa&ccedil;&otilde;es regulat&oacute;rias, fiscais e da cadeia de fornecimento.<\/p>\n\n\n\n<p>A principal &aacute;rea de investimento planejado engloba medidas de seguran&ccedil;a de dados (52%), seguida por tecnologias centradas no cliente (50%). A maioria dos CEOs (61%) afirmaram que continuar&atilde;o desenvolvendo ferramentas de colabora&ccedil;&atilde;o e comunica&ccedil;&atilde;o digitais.<\/p>\n\n\n\n<h2 class=\"wp-block-heading\">Vacina&ccedil;&atilde;o<\/h2>\n\n\n\n<p>A vacina&ccedil;&atilde;o da equipe ter&aacute; muitos impactos sobre os funcion&aacute;rios e as viagens de neg&oacute;cios. Um quinto (21%) das empresas pedir&atilde;o a clientes e visitantes que informem se foram vacinados. Apenas 17% dos executivos globais est&atilde;o procurando reduzir os espa&ccedil;os dos escrit&oacute;rios em decorr&ecirc;ncia da pandemia, contra 69% dos entrevistados em agosto de 2020 que planejavam reduzir os espa&ccedil;os de escrit&oacute;rios ao longo de tr&ecirc;s anos.<\/p>\n\n\n\n<p>A pesquisa &ldquo;CEO Outlook Pulse 2021&rdquo;, da KPMG, solicitou aos CEOs das empresas mais influentes do mundo as perspectivas de tr&ecirc;s anos deles sobre o cen&aacute;rio econ&ocirc;mico e de neg&oacute;cios. Esta edi&ccedil;&atilde;o analisa como as opini&otilde;es evolu&iacute;ram desde a pesquisa CEO Outlook anual, realizada seis meses antes.<\/p>\n\n\n\n<p>Foram entrevistados 500 CEOs de 11 mercados (Austr&aacute;lia, Canad&aacute;, China, Fran&ccedil;a, Alemanha, &Iacute;ndia, It&aacute;lia, Jap&atilde;o, Espanha, Reino Unido e Estados Unidos) entre 29 de janeiro e 4 de mar&ccedil;o de 2021. Todos os entrevistados t&ecirc;m receitas anuais superiores a US$ 500 milh&otilde;es e 35% das empresas pesquisadas t&ecirc;m receita anual superior a US$ 10 bilh&otilde;es.<\/p>\n\n\n\n<p>O conte&uacute;do est&aacute; dispon&iacute;vel na &iacute;ntegra <a href=\"http:\/\/home.kpmg\/br\/pt\/home\/insights\/2021\/03\/ceo-outlook-pulse.html\" class=\"rank-math-link\" target=\"_blank\" rel=\"noopener\">aqui<\/a>.<\/p>\n","protected":false},"excerpt":{"rendered":"<p>Quase metade (45%) dos CEOs globais n&atilde;o enxergam um retorno dos neg&oacute;cios &agrave; normalidade at&eacute; 2022 e apenas um ter&ccedil;o deles (31%) esperam que o retorno ao curso normal ocorra em 2021.<\/p>\n","protected":false},"author":15,"featured_media":16334,"comment_status":"open","ping_status":"open","sticky":false,"template":"","format":"standard","meta":{"tdm_status":"","tdm_grid_status":"","footnotes":"","jetpack_publicize_message":"","jetpack_publicize_feature_enabled":true,"jetpack_social_post_already_shared":true,"jetpack_social_options":{"image_generator_settings":{"template":"highway","enabled":false},"version":2}},"categories":[10,20,15],"tags":[2648,1189,965,2666,2664,201,2665],"class_list":{"0":"post-16333","1":"post","2":"type-post","3":"status-publish","4":"format-standard","5":"has-post-thumbnail","7":"category-estudos-prospectivos","8":"category-destaques","9":"category-noticias","10":"tag-empresas","11":"tag-futuro-das-empresas","12":"tag-futuro-dos-negocios","13":"tag-kpmg","14":"tag-negocios-pos-pandemia","15":"tag-pesquisa","16":"tag-pesquisa-kpmg"},"jetpack_publicize_connections":[],"jetpack_featured_media_url":"https:\/\/radardofuturo.com.br\/test\/wp-content\/uploads\/2021\/04\/CEO.jpg","post_mailing_queue_ids":[],"_links":{"self":[{"href":"https:\/\/radardofuturo.com.br\/test\/wp-json\/wp\/v2\/posts\/16333","targetHints":{"allow":["GET"]}}],"collection":[{"href":"https:\/\/radardofuturo.com.br\/test\/wp-json\/wp\/v2\/posts"}],"about":[{"href":"https:\/\/radardofuturo.com.br\/test\/wp-json\/wp\/v2\/types\/post"}],"author":[{"embeddable":true,"href":"https:\/\/radardofuturo.com.br\/test\/wp-json\/wp\/v2\/users\/15"}],"replies":[{"embeddable":true,"href":"https:\/\/radardofuturo.com.br\/test\/wp-json\/wp\/v2\/comments?post=16333"}],"version-history":[{"count":0,"href":"https:\/\/radardofuturo.com.br\/test\/wp-json\/wp\/v2\/posts\/16333\/revisions"}],"wp:featuredmedia":[{"embeddable":true,"href":"https:\/\/radardofuturo.com.br\/test\/wp-json\/wp\/v2\/media\/16334"}],"wp:attachment":[{"href":"https:\/\/radardofuturo.com.br\/test\/wp-json\/wp\/v2\/media?parent=16333"}],"wp:term":[{"taxonomy":"category","embeddable":true,"href":"https:\/\/radardofuturo.com.br\/test\/wp-json\/wp\/v2\/categories?post=16333"},{"taxonomy":"post_tag","embeddable":true,"href":"https:\/\/radardofuturo.com.br\/test\/wp-json\/wp\/v2\/tags?post=16333"}],"curies":[{"name":"wp","href":"https:\/\/api.w.org\/{rel}","templated":true}]}}