{"id":16191,"date":"2021-03-26T10:58:12","date_gmt":"2021-03-26T13:58:12","guid":{"rendered":"https:\/\/radardofuturo.com.br\/?p=16191"},"modified":"2021-03-26T11:18:28","modified_gmt":"2021-03-26T14:18:28","slug":"4-tendencias-tecnologicas-que-vao-impactar-o-mercado-de-saude-mental","status":"publish","type":"post","link":"https:\/\/radardofuturo.com.br\/test\/4-tendencias-tecnologicas-que-vao-impactar-o-mercado-de-saude-mental\/","title":{"rendered":"4 tend\u00eancias tecnol\u00f3gicas que v\u00e3o impactar o mercado de sa\u00fade mental"},"content":{"rendered":"\n<figure class=\"wp-block-image size-large is-style-default\"><img loading=\"lazy\" decoding=\"async\" width=\"1024\" height=\"682\" src=\"https:\/\/radardofuturo.com.br\/test\/wp-content\/uploads\/2020\/06\/covid-medo-trauma-sonho-1024x682.jpg\" alt=\"Foto ilustrativa - mo&ccedil;a na janela com ilustra&ccedil;&otilde;es de covid. Foto: Pixabay\n\nA sa&uacute;de mental em tempos de pandemia: recursos possibilitam o monitoramento e tratamento preventivo das pessoas\" class=\"wp-image-11146\" srcset=\"https:\/\/radardofuturo.com.br\/test\/wp-content\/uploads\/2020\/06\/covid-medo-trauma-sonho-1024x682.jpg 1024w, https:\/\/radardofuturo.com.br\/test\/wp-content\/uploads\/2020\/06\/covid-medo-trauma-sonho-300x200.jpg 300w, https:\/\/radardofuturo.com.br\/test\/wp-content\/uploads\/2020\/06\/covid-medo-trauma-sonho-768x512.jpg 768w, https:\/\/radardofuturo.com.br\/test\/wp-content\/uploads\/2020\/06\/covid-medo-trauma-sonho-696x464.jpg 696w, https:\/\/radardofuturo.com.br\/test\/wp-content\/uploads\/2020\/06\/covid-medo-trauma-sonho.jpg 1280w\" sizes=\"auto, (max-width: 1024px) 100vw, 1024px\"><figcaption>Foto: Pixabay<\/figcaption><\/figure>\n\n\n\n<p>A sa&uacute;de mental em tempos de pandemia: recursos possibilitam o monitoramento e tratamento preventivo das pessoas<\/p>\n\n\n\n<!--more-->\n\n\n\n<p>Jos&eacute; Sim&otilde;es *<\/p>\n\n\n\n<p>Os impactos da pandemia da Covid-19 na <a href=\"https:\/\/radardofuturo.com.br\/test\/psicoterapia-on-line-supera-tabu-da-saude-mental\/\" class=\"rank-math-link\">sa&uacute;de mental<\/a> s&atilde;o diversos. Pensar que anos atr&aacute;s, se estiv&eacute;ssemos em isolamento social, n&atilde;o seria poss&iacute;vel ter sess&otilde;es de terapia, que eram apenas presenciais, para lidar com todas as quest&otilde;es emocionais j&aacute; inerentes e as novas causadas pelo per&iacute;odo, &eacute; assustador. Durante todos esses meses de quarentena, a tecnologia se mostrou uma grande aliada da sa&uacute;de mental. <\/p>\n\n\n\n<p>Por meio da telemedicina ou tamb&eacute;m da terapia online muitas pessoas se beneficiaram e encontraram no atendimento remoto uma forma de lidar com desafios impostos por tempos dif&iacute;ceis. Acontece que a evolu&ccedil;&atilde;o da tecnologia tem um potencial ainda maior para impactar o mercado de sa&uacute;de mental e contribuir cada vez mais com o desenvolvimento emocional de cada um de n&oacute;s. Pensando nisso, listei abaixo algumas <a href=\"https:\/\/radardofuturo.com.br\/test\/ddof\/o-que-sao-tendencias\/\" target=\"_self\" title=\"Confira o que s&atilde;o tend&ecirc;ncias, os fatos ou fen&ocirc;menos que podem acontecer em algum momento adiante na hist&oacute;ria da sociedade, como um novo comportamento individual ou de um grupo\" class=\"encyclopedia\">tend&ecirc;ncias<\/a> tecnol&oacute;gicas que prometem transformar, para melhor, a forma como lidamos com nosso emocional:<\/p>\n\n\n\n<h2 class=\"wp-block-heading\">1- Velocidade 5G<\/h2>\n\n\n\n<p>Sabemos das dificuldades da democratiza&ccedil;&atilde;o da internet no Brasil, mas a evolu&ccedil;&atilde;o da qualidade de rede e maior disponibilidade da tecnologia viabiliza a utiliza&ccedil;&atilde;o de outras tecnologias mais avan&ccedil;adas que poder&atilde;o revolucionar o cen&aacute;rio da sa&uacute;de emocional. Imagine que voc&ecirc; esteja passando por alguma dificuldade familiar e precise de um apoio imediato para falar sobre esses conflitos. Por meio da rede de alta velocidade ser&aacute; poss&iacute;vel fazer um atendimento via celular de qualquer lugar em que estiver, por exemplo.<\/p>\n\n\n\n<p>Al&eacute;m disso, a rede de alta velocidade abre possibilidade para utiliza&ccedil;&atilde;o de <a href=\"https:\/\/radardofuturo.com.br\/test\/ddof\/o-que-e-reconhecimento-facial\/\" target=\"_self\" title=\"Reconhecimento facial &eacute; jun&ccedil;&atilde;o de tecnologias de reconhecimento e processamento de imagens por intelig&ecirc;ncia artificial com c&acirc;meras instaladas em locais p&uacute;blicos e privados com o objetivo de possibilitar o monitoramento e identifica&ccedil;&atilde;o de pessoas a partir da an&aacute;lise de rostos. Os sistemas podem ser usados para identificar pessoas em fotos, v&iacute;deos ou em tempo real.&hellip;\" class=\"encyclopedia\">reconhecimento facial<\/a> e realidade virtual na terapia. Esses recursos ser&atilde;o importantes para garantir mais seguran&ccedil;a e novos recursos para as sess&otilde;es. Ao plugar um algoritmo &eacute; poss&iacute;vel viabilizar uma tradu&ccedil;&atilde;o simult&acirc;nea, por exemplo, permitindo que pessoas que n&atilde;o falam a mesma l&iacute;ngua se comuniquem.<\/p>\n\n\n\n<h2 class=\"wp-block-heading\">2- Linguagem<\/h2>\n\n\n\n<p>Falando na quest&atilde;o da comunica&ccedil;&atilde;o, outra tend&ecirc;ncia importante para o cen&aacute;rio do desenvolvimento pessoal e emocional est&aacute; no campo da linguagem. A necessidade cada vez mais latente de inclus&atilde;o, tamb&eacute;m vem criando tecnologias capazes de permitir a comunica&ccedil;&atilde;o entre pessoas que inicialmente n&atilde;o se comunicariam.<\/p>\n\n\n\n<p>O exemplo mais simples dessa tend&ecirc;ncia est&aacute; no uso do audiovisual, de legendas e linguagem de sinais para atendimento de deficientes auditivos, com um feedback mais &aacute;gil e tamb&eacute;m mais assertivo.<\/p>\n\n\n\n<h2 class=\"wp-block-heading\">3- Intelig&ecirc;ncia artificial + dados = Personaliza&ccedil;&atilde;o<\/h2>\n\n\n\n<p>Outro movimento de destaque no cen&aacute;rio da sa&uacute;de emocional diz respeito &agrave; combina&ccedil;&atilde;o de dados e uso de intelig&ecirc;ncia artificial. No caso da plataforma do Zenklub, por exemplo, com o levantamento de informa&ccedil;&otilde;es sobre o cliente (criptografadas, &eacute; claro), &eacute; poss&iacute;vel transmitir conte&uacute;dos e orienta&ccedil;&otilde;es personalizadas para auxiliar na sua jornada emocional. Do ponto de vista do profissional de sa&uacute;de, &eacute; poss&iacute;vel aliment&aacute;-lo com mais dados e informa&ccedil;&otilde;es do usu&aacute;rio, auxiliando-o na oferta de um tratamento muito mais personalizado e, consequentemente, mais eficiente. Por meio de intelig&ecirc;ncia artificial ser&aacute; poss&iacute;vel gerar uma receita autom&aacute;tica para um cliente para que ele desempenhe exerc&iacute;cios dentro de seu tratamento.<\/p>\n\n\n\n<p>Muitas pessoas acreditam que o desenvolvimento pessoal e a melhoria da sa&uacute;de emocional se d&aacute; apenas por meio de sess&otilde;es com psic&oacute;logos ou terapeutas, mas existe uma infinidade de ferramentas que podem auxiliar as pessoas nessa jornada e tornar o cuidado com a sa&uacute;de emocional algo presente no dia a dia, n&atilde;o apenas no momento de uma sess&atilde;o.<\/p>\n\n\n\n<h2 class=\"wp-block-heading\">4- Usu&aacute;rio no controle da experi&ecirc;ncia<\/h2>\n\n\n\n<p>Por &uacute;ltimo, um outro passo da tecnologia no mercado de sa&uacute;de mental est&aacute; no desenvolvimento de ferramentas que possibilitem &agrave; pessoa se desenvolver nesse contexto por conta pr&oacute;pria. &Eacute; evidente que a ajuda de um profissional &eacute; primordial, mas algumas atividades n&atilde;o s&oacute; podem como devem ser realizadas pelo pr&oacute;prio indiv&iacute;duo, trabalhando autoconhecimento e novas intera&ccedil;&otilde;es. Por meio de algoritmos &eacute; poss&iacute;vel fazer uso de um di&aacute;rio emocional para sugerir conte&uacute;dos, exerc&iacute;cios, pr&aacute;ticas direcionadas para aquele indiv&iacute;duo, ajudando em sua jornada emocional e tornando essa pessoa cada vez mais consciente de sua evolu&ccedil;&atilde;o.<\/p>\n\n\n\n<h4 class=\"wp-block-heading\">Sobre o Zenklub<\/h4>\n\n\n\n<p>O <a href=\"https:\/\/zenklub.com.br\/\" class=\"rank-math-link\" target=\"_blank\" rel=\"noopener\">Zenklub<\/a> &eacute; a maior plataforma de sa&uacute;de emocional e desenvolvimento pessoal do Brasil.<\/p>\n\n\n\n<hr class=\"wp-block-separator is-style-default\">\n\n\n\n<ul class=\"wp-block-list\"><li><strong>Jos&eacute; Sim&otilde;es<\/strong> &eacute; cofundador do Zenklub<\/li><\/ul>\n","protected":false},"excerpt":{"rendered":"<p>A sa&uacute;de mental em tempos de pandemia: recursos possibilitam o monitoramento e tratamento preventivo das pessoas<\/p>\n","protected":false},"author":1,"featured_media":11146,"comment_status":"open","ping_status":"open","sticky":false,"template":"","format":"standard","meta":{"tdm_status":"","tdm_grid_status":"","footnotes":"","jetpack_publicize_message":"","jetpack_publicize_feature_enabled":true,"jetpack_social_post_already_shared":true,"jetpack_social_options":{"image_generator_settings":{"template":"highway","enabled":false},"version":2}},"categories":[36,20,16],"tags":[2640,2636,2641,359,2639,2635,263,138,2633,2637,2369,2634],"class_list":{"0":"post-16191","1":"post","2":"type-post","3":"status-publish","4":"format-standard","5":"has-post-thumbnail","7":"category-pensadores-futuro","8":"category-destaques","9":"category-tendencias-setores","10":"tag-futuro-da","11":"tag-impactos-da-pandemia-na-saude-mental","12":"tag-mercado-de-saude-mental","13":"tag-o-futuro-da","14":"tag-o-futuro-da-saude-mental","15":"tag-perspectivas-da-saude-mental","16":"tag-psicologia","17":"tag-saude","18":"tag-saude-mental","19":"tag-tecnologia-e-saude-mental","20":"tag-tendencias-da-saude","21":"tag-tendencias-da-saude-mental"},"jetpack_publicize_connections":[],"jetpack_featured_media_url":"https:\/\/radardofuturo.com.br\/test\/wp-content\/uploads\/2020\/06\/covid-medo-trauma-sonho.jpg","post_mailing_queue_ids":[],"_links":{"self":[{"href":"https:\/\/radardofuturo.com.br\/test\/wp-json\/wp\/v2\/posts\/16191","targetHints":{"allow":["GET"]}}],"collection":[{"href":"https:\/\/radardofuturo.com.br\/test\/wp-json\/wp\/v2\/posts"}],"about":[{"href":"https:\/\/radardofuturo.com.br\/test\/wp-json\/wp\/v2\/types\/post"}],"author":[{"embeddable":true,"href":"https:\/\/radardofuturo.com.br\/test\/wp-json\/wp\/v2\/users\/1"}],"replies":[{"embeddable":true,"href":"https:\/\/radardofuturo.com.br\/test\/wp-json\/wp\/v2\/comments?post=16191"}],"version-history":[{"count":0,"href":"https:\/\/radardofuturo.com.br\/test\/wp-json\/wp\/v2\/posts\/16191\/revisions"}],"wp:featuredmedia":[{"embeddable":true,"href":"https:\/\/radardofuturo.com.br\/test\/wp-json\/wp\/v2\/media\/11146"}],"wp:attachment":[{"href":"https:\/\/radardofuturo.com.br\/test\/wp-json\/wp\/v2\/media?parent=16191"}],"wp:term":[{"taxonomy":"category","embeddable":true,"href":"https:\/\/radardofuturo.com.br\/test\/wp-json\/wp\/v2\/categories?post=16191"},{"taxonomy":"post_tag","embeddable":true,"href":"https:\/\/radardofuturo.com.br\/test\/wp-json\/wp\/v2\/tags?post=16191"}],"curies":[{"name":"wp","href":"https:\/\/api.w.org\/{rel}","templated":true}]}}