{"id":154,"date":"2016-01-15T12:27:36","date_gmt":"2016-01-15T15:27:36","guid":{"rendered":"https:\/\/litebold.co\/~radardofuturo\/entre-inovacoes-crises-e-mudancas\/"},"modified":"2016-01-15T12:27:36","modified_gmt":"2016-01-15T15:27:36","slug":"entre-inovacoes-crises-e-mudancas","status":"publish","type":"post","link":"https:\/\/radardofuturo.com.br\/test\/entre-inovacoes-crises-e-mudancas\/","title":{"rendered":"Entre inova\u00e7\u00f5es, crises e mudan\u00e7as"},"content":{"rendered":"<p>Este &eacute; um convite para empreendedores, gestores e profissionais interessados em se antecipar e se preparar para as oportunidades e as amea&ccedil;as do futuro, que impactam as atividades de setores, pessoas ou da sociedade.<\/p>\n<p>Pensar as grandes e pequenas revolu&ccedil;&otilde;es que v&ecirc;m pela frente, em algum ponto do futuro, &eacute; essencial neste momento de aumento da velocidade, da for&ccedil;a e da abrang&ecirc;ncia das transforma&ccedil;&otilde;es tecnol&oacute;gicas, sociais, econ&ocirc;micas, pol&iacute;ticas e culturais. O mundo est&aacute; em processo de ebuli&ccedil;&atilde;o. As vidas de 7,2 bilh&otilde;es de pessoas navegam em ondas de incertezas e transforma&ccedil;&otilde;es.<\/p>\n<p>Ou nos antecipamos aos acontecimentos para superar obst&aacute;culos, ou nos adaptamos, correndo riscos de perder o rumo. Ou reagimos ou seremos as v&iacute;timas da passividade diante das inova&ccedil;&otilde;es.<\/p>\n<p>A automa&ccedil;&atilde;o no trabalho e no cotidiano, a substitui&ccedil;&atilde;o de trabalhadores por rob&ocirc;s, a internet em todas as coisas e a expans&atilde;o do n&uacute;mero de usu&aacute;rios de smartphones, al&eacute;m de uma infinidade de acontecimentos, merecem a aten&ccedil;&atilde;o de toda a sociedade, incluindo, naturalmente, os setores produtivos. N&atilde;o h&aacute; como desconsiderar, por exemplo, a crise clim&aacute;tica, perspectiva sombria armada no horizonte, e as instabilidades dos setores produtivos e do mercado de trabalho.<\/p>\n<p>Em tempos de sobrecarga de informa&ccedil;&otilde;es, de vida acelerada e de rupturas com modelos tradicionais, refletir sobre <a href=\"https:\/\/radardofuturo.com.br\/test\/ddof\/o-que-sao-tendencias\/\" target=\"_self\" title=\"Confira o que s&atilde;o tend&ecirc;ncias, os fatos ou fen&ocirc;menos que podem acontecer em algum momento adiante na hist&oacute;ria da sociedade, como um novo comportamento individual ou de um grupo\" class=\"encyclopedia\">tend&ecirc;ncias<\/a> &eacute; uma quest&atilde;o de sobreviv&ecirc;ncia. Acompanhar os impactos dos acontecimentos requer conhecimentos e instrumentos de an&aacute;lise a explorar profissionalmente. Saber o que vem por a&iacute;, antecipar as <a href=\"https:\/\/radardofuturo.com.br\/test\/ddof\/o-que-sao-tendencias\/\" target=\"_self\" title=\"Confira o que s&atilde;o tend&ecirc;ncias, os fatos ou fen&ocirc;menos que podem acontecer em algum momento adiante na hist&oacute;ria da sociedade, como um novo comportamento individual ou de um grupo\" class=\"encyclopedia\">tend&ecirc;ncias<\/a>. Eis a quest&atilde;o central das pr&oacute;ximas p&aacute;ginas.<\/p>\n<p>Foco: an&aacute;lises sobre <a href=\"https:\/\/radardofuturo.com.br\/test\/ddof\/o-que-sao-tendencias\/\" target=\"_self\" title=\"Confira o que s&atilde;o tend&ecirc;ncias, os fatos ou fen&ocirc;menos que podem acontecer em algum momento adiante na hist&oacute;ria da sociedade, como um novo comportamento individual ou de um grupo\" class=\"encyclopedia\">tend&ecirc;ncias<\/a> de setores e atividades<\/p>\n<p>O conte&uacute;do desta publica&ccedil;&atilde;o tem foco especial na an&aacute;lise de setores e atividades produtivas e profissionais. Com adapta&ccedil;&otilde;es, &eacute; poss&iacute;vel aplicar em v&aacute;rios outros temas do cotidiano.<\/p>\n<p>Desafios do futuro<\/p>\n<p>Muta&ccedil;&otilde;es vis&iacute;veis e invis&iacute;veis, em forma&ccedil;&atilde;o no ambiente global, afetam o futuro e a sobreviv&ecirc;ncia da sociedade. Est&atilde;o em todas as dimens&otilde;es do cotidiano das pessoas, das empresas, dos mercados e da sociedade.<\/p>\n<p>De tudo e de todos.<\/p>\n","protected":false},"excerpt":{"rendered":"<p>Este &eacute; um convite para empreendedores, gestores e profissionais interessados em se antecipar e se preparar para as oportunidades e as amea&ccedil;as do futuro, que impactam as atividades de setores, pessoas ou da sociedade. Pensar as grandes e pequenas revolu&ccedil;&otilde;es que v&ecirc;m pela frente, em algum ponto do futuro, &eacute; essencial neste momento de aumento [&hellip;]<\/p>\n","protected":false},"author":1,"featured_media":0,"comment_status":"open","ping_status":"open","sticky":false,"template":"","format":"standard","meta":{"tdm_status":"","tdm_grid_status":"","footnotes":"","jetpack_publicize_message":"","jetpack_publicize_feature_enabled":true,"jetpack_social_post_already_shared":false,"jetpack_social_options":{"image_generator_settings":{"template":"highway","enabled":false},"version":2}},"categories":[28],"tags":[],"class_list":{"0":"post-154","1":"post","2":"type-post","3":"status-publish","4":"format-standard","6":"category-como-fazer-analise-de-tendencias"},"jetpack_publicize_connections":[],"jetpack_featured_media_url":"","post_mailing_queue_ids":[],"_links":{"self":[{"href":"https:\/\/radardofuturo.com.br\/test\/wp-json\/wp\/v2\/posts\/154","targetHints":{"allow":["GET"]}}],"collection":[{"href":"https:\/\/radardofuturo.com.br\/test\/wp-json\/wp\/v2\/posts"}],"about":[{"href":"https:\/\/radardofuturo.com.br\/test\/wp-json\/wp\/v2\/types\/post"}],"author":[{"embeddable":true,"href":"https:\/\/radardofuturo.com.br\/test\/wp-json\/wp\/v2\/users\/1"}],"replies":[{"embeddable":true,"href":"https:\/\/radardofuturo.com.br\/test\/wp-json\/wp\/v2\/comments?post=154"}],"version-history":[{"count":0,"href":"https:\/\/radardofuturo.com.br\/test\/wp-json\/wp\/v2\/posts\/154\/revisions"}],"wp:attachment":[{"href":"https:\/\/radardofuturo.com.br\/test\/wp-json\/wp\/v2\/media?parent=154"}],"wp:term":[{"taxonomy":"category","embeddable":true,"href":"https:\/\/radardofuturo.com.br\/test\/wp-json\/wp\/v2\/categories?post=154"},{"taxonomy":"post_tag","embeddable":true,"href":"https:\/\/radardofuturo.com.br\/test\/wp-json\/wp\/v2\/tags?post=154"}],"curies":[{"name":"wp","href":"https:\/\/api.w.org\/{rel}","templated":true}]}}