{"id":15363,"date":"2021-01-22T18:41:39","date_gmt":"2021-01-22T21:41:39","guid":{"rendered":"https:\/\/radardofuturo.com.br\/?p=15363"},"modified":"2021-01-22T19:13:16","modified_gmt":"2021-01-22T22:13:16","slug":"notas-economicas-18-a-22-de-janeiro-de-2021","status":"publish","type":"post","link":"https:\/\/radardofuturo.com.br\/test\/notas-economicas-18-a-22-de-janeiro-de-2021\/","title":{"rendered":"Notas econ\u00f4micas: 18 a 22 de janeiro de 2021"},"content":{"rendered":"\n<figure class=\"wp-block-image size-large is-style-default\"><img loading=\"lazy\" decoding=\"async\" width=\"718\" height=\"960\" src=\"https:\/\/radardofuturo.com.br\/test\/wp-content\/uploads\/2021\/01\/distribuicao-de-vacinas-foto-Fotospublicascom.jpg\" alt=\"\" class=\"wp-image-15366\" srcset=\"https:\/\/radardofuturo.com.br\/test\/wp-content\/uploads\/2021\/01\/distribuicao-de-vacinas-foto-Fotospublicascom.jpg 718w, https:\/\/radardofuturo.com.br\/test\/wp-content\/uploads\/2021\/01\/distribuicao-de-vacinas-foto-Fotospublicascom-224x300.jpg 224w, https:\/\/radardofuturo.com.br\/test\/wp-content\/uploads\/2021\/01\/distribuicao-de-vacinas-foto-Fotospublicascom-696x931.jpg 696w\" sizes=\"auto, (max-width: 718px) 100vw, 718px\"><figcaption>A semana foi marcada por distribui&ccedil;&atilde;o de lote de vacinas no Brasil e mudan&ccedil;a de governo nos Estados Unidos. Foto: site fotospublicas.com<\/figcaption><\/figure>\n\n\n\n<p class=\"has-luminous-vivid-orange-color has-text-color\"><em>Acontecimentos que marcaram o notici&aacute;rio pol&iacute;tico e econ&ocirc;mico da semana<\/em><\/p>\n\n\n\n<!--more-->\n\n\n\n<p class=\"has-black-color has-text-color\" id=\"block-a452d57f-388e-4d79-9028-51e970008bba\"><em>Paulo Roberto Bretas<br>Economista e Conselheiro do Corecon-MG<\/em><\/p>\n\n\n\n<pre class=\"wp-block-preformatted\">Aviso importante: na pr\u00f3xima semana n\u00e3o teremos a edi\u00e7\u00e3o das Notas Econ\u00f4micas (25 a 29 de janeiro). Estarei cumprindo um breve recesso. Agrade\u00e7o pela compreens\u00e3o.<\/pre>\n\n\n\n<p>Atraso Tecnol&oacute;gico do Brasil: A falta de material&nbsp;para produzir vacinas exp&otilde;e a&nbsp;fragilidade&nbsp;do setor no Brasil. Apenas 5% da mat&eacute;ria-prima &eacute; feita no pa&iacute;s. (Globo) (Meio)<\/p>\n\n\n\n<p>Acordo Vale\/Governo de Minas: Na v&eacute;spera dos dois anos do rompimento da barragem da mina de C&oacute;rrego do Feij&atilde;o, em Brumadinho (MG), que se completam dia 25-01, terminou frustrada a tentativa de entendimento entre a Vale e o governo de Minas Gerais em torno a um acordo definitivo sobre as repara&ccedil;&otilde;es e indeniza&ccedil;&otilde;es resultantes da trag&eacute;dia. (Valor)<\/p>\n\n\n\n<p>Enem 2021: A absten&ccedil;&atilde;o&nbsp;recorde de 51,5% dos candidatos ao Enem deste ano implicou um&nbsp;desperd&iacute;cio&nbsp;de R$ 332,5 milh&otilde;es aos cofres p&uacute;blicos, levando-se em conta o custo de R$ 117 para a aplica&ccedil;&atilde;o de cada teste. Segundo especialistas, a absten&ccedil;&atilde;o elevada se deveu ao fato de a prova presencial ter acontecido num momento de recrudescimento da Covid-19 no pa&iacute;s. Organiza&ccedil;&otilde;es estudantis e 47 entidades cient&iacute;ficas haviam pedido um novo adiamento, mas o Minist&eacute;rio da Educa&ccedil;&atilde;o manteve a data. A Defensoria P&uacute;blica da Uni&atilde;o tenta agora adiar a segunda fase. (Globo) (Meio)<\/p>\n\n\n\n<p>Blockchain para Vacinas: Para detectar&nbsp;qualquer irregularidade no armazenamento das vacinas contra Covid, dois hospitais no Reino Unido t&ecirc;m se&nbsp;apoiado no blockchain. A tecnologia usa sensores que acompanham a temperatura dos refrigeradores que armazenam os imunizantes. Depois, eles transmitem os dados para uma plataforma em nuvem,&nbsp;na qual s&atilde;o criptografados e, em seguida, repassados para a rede blockchain da empresa respons&aacute;vel, Hedera.&nbsp;O sistema &eacute; para evitar que a vacina seja violada. A da Pfizer, por exemplo, deve ser armazenada em temperaturas de -70&deg;C. (Meio)<\/p>\n\n\n\n<p>Fim dos Smartphones LG: Os smartphones da LG&nbsp;podem estar&nbsp;perto do fim. Em memorando aos funcion&aacute;rios, a empresa indicou mudan&ccedil;as na linha de produ&ccedil;&atilde;o&nbsp;e paralisa&ccedil;&atilde;o da fabrica&ccedil;&atilde;o de celulares devido&nbsp;&agrave; competi&ccedil;&atilde;o acirrada no mercado. Atualmente, a LG fica atr&aacute;s de gigantes como&nbsp;Samsung,&nbsp;Apple,&nbsp;Huawei&nbsp;e&nbsp;Xiaomi&nbsp;na venda dos aparelhos, e registrou preju&iacute;zo de US$ 4,5 bilh&otilde;es nos &uacute;ltimos cinco anos. (Meio)<\/p>\n\n\n\n<h2 class=\"wp-block-heading\">Ambiente econ&ocirc;mico<\/h2>\n\n\n\n<p>A Crise se Aprofunda: A crise econ&ocirc;mica provocada pela pandemia no Brasil deve perdurar ao longo de todo o ano de 2021. As consequ&ecirc;ncias mais preocupantes s&atilde;o o aumento do desemprego, o baixo crescimento&nbsp;e o aumento da extrema pobreza &ndash; que, sem o aux&iacute;lio emergencial, pode atingir at&eacute; 20 milh&otilde;es de pessoas. Economistas veem um cen&aacute;rio &ldquo;tr&aacute;gico&rdquo; e &ldquo;terr&iacute;vel&rdquo;, e a discuss&atilde;o sobre medidas emergenciais e estruturais continua a ganhar for&ccedil;a, mesmo ap&oacute;s o in&iacute;cio da vacina&ccedil;&atilde;o contra a Covid-19 no Pa&iacute;s. As pautas tratam da extens&atilde;o do aux&iacute;lio emergencial, passam por uma reforma tribut&aacute;ria progressiva que inclua a taxa&ccedil;&atilde;o de grandes fortunas e questionam a manuten&ccedil;&atilde;o do teto de gastos com as regras atuais. (Carta Capital)<\/p>\n\n\n\n<p>Recupera&ccedil;&atilde;o Adiada: Mesmo crescendo entre 3% e 4% neste ano, a economia brasileira n&atilde;o deve gerar ocupa&ccedil;&atilde;o suficiente para a massa de desempregados deixada pela pandemia. Agora, a possibilidade de reintrodu&ccedil;&atilde;o de medidas mais restritivas de isolamento social em algumas regi&otilde;es pode atrasar principalmente a recupera&ccedil;&atilde;o do mercado informal, o que mais oferece trabalho aos brasileiros. Do total de pessoas em idade de trabalhar, 30% est&atilde;o desalentados, desempregados ou subocupados.(Valor)<\/p>\n\n\n\n<h4 class=\"wp-block-heading\">Indicadores<\/h4>\n\n\n\n<p>PIB per Capita: O Brasil deve encerrar 2021 com PIB per capita 2,3% abaixo de 2019, ano anterior &agrave; pandemia &ndash; e esse indicador n&atilde;o tem prazo para retornar ao que era antes da crise. O alerta partiu dos pesquisadores da Funda&ccedil;&atilde;o Get&uacute;lio Vargas Claudio Considera e Juliana Trece. Os economistas levam em conta proje&ccedil;&otilde;es de mercado, do boletim Focus e do FMI, que sinalizam queda de 5,1% no PIB per capita em 2020, devido &agrave; pandemia; e crescimento de cerca de 3% na economia em 2021. Mas a recupera&ccedil;&atilde;o na atividade esperada para este ano n&atilde;o ser&aacute; suficiente para superar perdas da economia brasileira com a crise em 2020. (Valor)<\/p>\n\n\n\n<p>Monitor do PIB: A atividade econ&ocirc;mica no Brasil subiu 1,1% em novembro de 2020 ante outubro do ano passado, segundo leitura do Monitor do PIB, calculado pela Funda&ccedil;&atilde;o Get&uacute;lio Vargas. Tr&ecirc;s atividades econ&ocirc;micas impulsionaram a alta: ind&uacute;stria, servi&ccedil;os e Forma&ccedil;&atilde;o Bruta de Capital Fixo (FBCF). Houve aumentos respectivos de 0,7%, de 0,9% e de 1,2%. No Monitor, o PIB tamb&eacute;m sobe 4,4% no trimestre m&oacute;vel finalizado em novembro ante o encerrado em agosto. A economia ainda cai 0,6% ante novembro de 2019, e recua 1,7% no trimestre at&eacute; novembro de 2020 frente a igual per&iacute;odo de ano anterior. (Valor)<\/p>\n\n\n\n<p>Cai a Confian&ccedil;a do Com&eacute;rcio: O &Iacute;ndice de Confian&ccedil;a do Empres&aacute;rio do Com&eacute;rcio (Icec), calculado pela Confedera&ccedil;&atilde;o Nacional do Com&eacute;rcio de Bens, Servi&ccedil;os e Turismo (CNC), caiu 2,2% entre dezembro de 2020 e janeiro de 2021, para 105,8 pontos. Na compara&ccedil;&atilde;o com janeiro de 2020, a queda foi de 16,4%, informou a entidade.&nbsp;<\/p>\n\n\n\n<p>Vendas do McDonald&rsquo;s: As vendas compar&aacute;veis do McDonald&rsquo;s no Brasil ca&iacute;ram 10,6% no quarto trimestre, na compara&ccedil;&atilde;o com o mesmo per&iacute;odo de 2019. O resultado mostra uma redu&ccedil;&atilde;o no ritmo de queda visto desde o in&iacute;cio da pandemia da covid-19. Entre abril e junho, houve diminui&ccedil;&atilde;o de 46,3% nas vendas. No per&iacute;odo de julho a setembro, o recuo foi de 26,2%. No ano completo, as vendas tiveram queda de 21,8%. (Valor)<\/p>\n\n\n\n<p>Crise, que crise? A Abeifa, entidade que re&uacute;ne majoritariamente importadoras e parte das fabricantes no Brasil, revelou seu balan&ccedil;o de 2020 com queda de 20,7%, similar &agrave;s divulgadas pela Anfavea e Fenabrave. A surpresa, por&eacute;m, foi o crescimento acima da m&eacute;dia da Porsche. Segundo Rodrigo Soares, gerente de rela&ccedil;&otilde;es p&uacute;blicas da Porsche no Brasil, o crescimento vem desde a chegada oficial da marca no pa&iacute;s, e foi refor&ccedil;ado por conta do aumento da rede de concession&aacute;rios, sobretudo no Sul e Nordeste, e pela chegada de novos produtos, com destaque para as novas vers&otilde;es do 911. O esportivo foi o mais vendido da fabricante por aqui, com 774 unidades emplacadas &ndash; alta de 225%. A Porsche n&atilde;o comenta sua expectativa de vendas para 2021, mas confirma a chegada de novos modelos, como a pr&oacute;xima gera&ccedil;&atilde;o do 911 GT3 e a in&eacute;dita perua el&eacute;trica Taycan Cross Turismo. (Valor)<\/p>\n\n\n\n<p>Excesso de Oferta e Queda na Demanda: Ainda prejudicados pelo aumento de estoques decorrente da farta produ&ccedil;&atilde;o registrada na temporada 2019\/20, os embarques brasileiros de suco de laranja continuaram fracos em dezembro e encerraram os primeiros meses deste ciclo 2020\/21 com queda expressiva.<\/p>\n\n\n\n<p>Fus&otilde;es e Aquisi&ccedil;&otilde;es: A segunda onda da pandemia ajudou a derrubar o n&uacute;mero de fus&otilde;es e aquisi&ccedil;&otilde;es de empresas no pa&iacute;s em 2020. A queda foi de 9,3% no n&uacute;mero de opera&ccedil;&otilde;es na compara&ccedil;&atilde;o com 2019, segundo dados compilados pela KPMG que indicam decl&iacute;nio expressivo nos tr&ecirc;s &uacute;ltimos meses do ano passado. Ainda assim, o n&uacute;mero de opera&ccedil;&otilde;es de fus&atilde;o e aquisi&ccedil;&atilde;o registradas em 2020 foi o segundo maior na s&eacute;rie hist&oacute;rica dos &uacute;ltimos 20 anos, perdendo apenas para 2019. (Valor)<\/p>\n\n\n\n<h4 class=\"wp-block-heading\">Finan&ccedil;as<\/h4>\n\n\n\n<p>A Bolsa de Valores Perdeu: A Bolsa&nbsp;foi o investimento&nbsp;menos rent&aacute;vel&nbsp;na d&eacute;cada entre 2011 e 2020. Com alta total acumulada de 71,7%, o Ibovespa perdeu at&eacute; para a poupan&ccedil;a, a pen&uacute;ltima colocada da lista, com aumento de 80,2% no per&iacute;odo. O rendimento m&eacute;dio das a&ccedil;&otilde;es foi insuficiente, inclusive, para bater a infla&ccedil;&atilde;o, que fechou a d&eacute;cada com avan&ccedil;o acumulado de 74%.&nbsp;Na ponta oposta, a melhor aplica&ccedil;&atilde;o desses 10 anos foi o ouro, que subiu 285,4%. (Meio)<\/p>\n\n\n\n<p>Taxa Selic: O Banco Central (BC) derrubou a promessa de n&atilde;o subir os juros &ndash; o chamado &ldquo;forward guidance&rdquo; &ndash; e agora a quest&atilde;o imediata &eacute; quando poder&aacute; reapertar a pol&iacute;tica monet&aacute;ria. Pela proje&ccedil;&otilde;es de infla&ccedil;&atilde;o, isso deve ocorrer entre junho e agosto, levando a meta da taxa Selic para 3,25% ao fim do ano. O comunicado do Comit&ecirc; de Pol&iacute;tica Monet&aacute;ria (Copom) do BC mandou uma mensagem mais ou menos direta de que os juros n&atilde;o v&atilde;o ficar por tempo indefinido em 2% ao ano. (Valor)<\/p>\n\n\n\n<p>Medidas de Risco 1: O risco Brasil medido pelo CDS (credit default swap) de cinco anos atingiu o n&iacute;vel mais alto em dois meses, ao subir para 170 pontos dia 20-01-2021, de acordo com dados da IHS Markit. Ap&oacute;s ter chegado a 142 pontos no in&iacute;cio do m&ecirc;s, o CDS brasileiro tem ganhado for&ccedil;a, no momento em que a desconfian&ccedil;a quanto &agrave; sustentabilidade da d&iacute;vida p&uacute;blica e incertezas relativas ao processo de vacina&ccedil;&atilde;o t&ecirc;m aumentado. (Valor)<\/p>\n\n\n\n<p>Medidas de Risco 2: As medidas de risco de outros pa&iacute;ses emergentes tamb&eacute;m t&ecirc;m aumentado neste in&iacute;cio de ano, embora em n&iacute;veis inferiores em rela&ccedil;&atilde;o ao Brasil. Os dados da IHS Markit apontam que, do in&iacute;cio do ano at&eacute; agora, o CDS do Brasil subiu 19,7%, enquanto o do M&eacute;xico avan&ccedil;ou 13,6%, para 92 pontos; o CDS da &Aacute;frica do Sul teve alta de 10,2%, para 226 pontos; e o da Turquia subiu 9,9%, para 333 pontos. (Valor)<\/p>\n\n\n\n<p>Lucro dos Bancos no Brasil 1: A temporada de balan&ccedil;o dos bancos come&ccedil;a em fevereiro e deve mostrar a maior queda anual no lucro m&eacute;dio desde 2000, quando um preju&iacute;zo bilion&aacute;rio no antigo Banespa &ndash; depois comprado pelo Santander &ndash; derrubou o resultado combinado das principais institui&ccedil;&otilde;es financeiras. Desta vez, os n&uacute;meros foram puxados para baixo pelas provis&otilde;es para lidar com poss&iacute;veis perdas com empr&eacute;stimos causadas pela pandemia de coronav&iacute;rus. Para 2021, a perspectiva dos analistas &eacute; de recupera&ccedil;&atilde;o firme nos resultados, em fun&ccedil;&atilde;o da base de compara&ccedil;&atilde;o baixa e da retomada da economia, al&eacute;m da esperada alta da Selic. (Valor)<\/p>\n\n\n\n<p>Lucro dos Bancos no Brasil 2: Os quatro maiores bancos brasileiros de capital aberto (Ita&uacute;, Bradesco, Santander e Banco do Brasil) devem registrar um lucro combinado de R$ 17,699 bilh&otilde;es no quarto trimestre e de R$ 63,584 bilh&otilde;es em 2020. Caso essa &uacute;ltima proje&ccedil;&atilde;o se concretize, significar&aacute; queda de 26,6% em rela&ccedil;&atilde;o a 2019. (Valor)<\/p>\n\n\n\n<p>Posi&ccedil;&atilde;o Cambial L&iacute;quida do BC: A posi&ccedil;&atilde;o cambial l&iacute;quida do Banco Central (BC) caiu abaixo de US$ 290 bilh&otilde;es pela primeira vez em quase cinco anos. Em 15 de janeiro, o indicador estava em US$ 286,7 bilh&otilde;es, conforme divulgado pela autoridade monet&aacute;ria. A principal diferen&ccedil;a do indicador em rela&ccedil;&atilde;o ao total de reservas internacionais &eacute; que a posi&ccedil;&atilde;o cambial l&iacute;quida desconta das reservas o estoque de swaps, instrumento equivalente &agrave; venda futura da moeda americana. Para economistas, apesar da queda recente, a posi&ccedil;&atilde;o cambial l&iacute;quida segue em patamar confort&aacute;vel &ndash; a mesma avalia&ccedil;&atilde;o sobre o total de reservas internacionais. (Valor)<\/p>\n\n\n\n<p>Receb&iacute;veis Imobili&aacute;rios e do Agroneg&oacute;cio: A pandemia n&atilde;o paralisou as emiss&otilde;es de certificados de receb&iacute;veis imobili&aacute;rios (CRI) e do agroneg&oacute;cio (CRA). Conforme dados da consultoria Uqbar, os CRAs se destacaram em 2020 com volume hist&oacute;rico emitido de R$ 15,7 bilh&otilde;es, uma alta de 28% em rela&ccedil;&atilde;o a 2019. J&aacute; os CRIs movimentaram R$ 16,7 bilh&otilde;es, com queda de 23,5%. Os dados ainda s&atilde;o preliminares. (Valor)<\/p>\n\n\n\n<p>Expans&atilde;o do Cr&eacute;dito no Brasil: O saldo total da carteira de cr&eacute;dito deve apresentar crescimento mensal de 1,5% em dezembro, o oitavo avan&ccedil;o seguido, de acordo com a Pesquisa Especial de Cr&eacute;dito da Febraban, divulgada mensalmente como uma pr&eacute;via da Nota de Pol&iacute;tica Monet&aacute;ria e Opera&ccedil;&otilde;es de Cr&eacute;dito. Caso a estimativa se confirme na pr&oacute;xima semana, quando o Banco Central far&aacute; a divulga&ccedil;&atilde;o dos dados, o saldo total da carteira anual deve mostrar expans&atilde;o de 15,4% em 2020, o maior crescimento desde 2012 (+16,4%). (Valor)<\/p>\n\n\n\n<p>Criptomoedas 1: Uma semana&nbsp;ap&oacute;s o in&iacute;cio do ano, o valor de mercado de todas as criptomoedas do mundo&nbsp;bateu US$ 1 trilh&atilde;o. Com base em dados coletados de bancos centrais, a criptomoeda &eacute;, em valor, agora a quinta moeda com maior circula&ccedil;&atilde;o. Supera a soma de moedas e notas em circula&ccedil;&atilde;o at&eacute; mesmo em grandes economias como a &Iacute;ndia e o Reino Unido. (Quartz)<\/p>\n\n\n\n<p>Criptomoedas 2: H&aacute; uma discuss&atilde;o de que as criptomoedas v&atilde;o se tornar uma nova moeda. Jack Dorsey chegou a dizer que o mundo acabar&aacute; por ter uma &uacute;nica, que seria o bitcoin. Exatamente uma das raz&otilde;es para esse recente&nbsp;<em>boom<\/em>&nbsp;&eacute; a aposta do mercado nessa populariza&ccedil;&atilde;o &mdash; o plano do PayPal, por exemplo, &eacute; oferecer transa&ccedil;&otilde;es em criptomoedas em 2021. Mas, apesar de terem sido criadas com esse prop&oacute;sito, as criptomoedas se comportam mais como um ativo especulativo e dificilmente v&atilde;o se tornar moeda de troca,&nbsp;escreve&nbsp;James Surowiecki. &ldquo;O problema mais fundamental para o bitcoin como moeda, por&eacute;m, tem a ver com aquilo que muitas pessoas gostam nele &ndash; que o seu fornecimento &eacute; controlado e limitado. Como a oferta &eacute; limitada, quando a demanda por bitcoin aumenta, o valor tamb&eacute;m aumenta. Portanto, se voc&ecirc; acredita que seu bitcoin se tornar&aacute; mais popular, &eacute; tolice gast&aacute;-lo em uma pizza. Al&eacute;m disso, a extraordin&aacute;ria volatilidade do pre&ccedil;o do bitcoin desencoraja empresas e indiv&iacute;duos&nbsp;a aceit&aacute;-lo em troca de bens e servi&ccedil;os reais, uma vez que poucas pessoas querem ser pagas hoje com algo que pode ser 10% menos valioso amanh&atilde;.&rdquo; (Meio)<\/p>\n\n\n\n<h4 class=\"wp-block-heading\">Setores<\/h4>\n\n\n\n<p>Consumo de A&ccedil;o: Mesmo com a pandemia, o setor sider&uacute;rgico brasileiro elevou os indicadores. O consumo aparente de a&ccedil;o atingiu 21,2 milh&otilde;es de toneladas em 2020, uma alta de 1,2% no comparativo com 2019. No in&iacute;cio da crise sanit&aacute;ria, em abril, a expectativa do Instituto A&ccedil;o Brasil (IABR) era de uma queda de 20% para 2020. As importa&ccedil;&otilde;es somaram 2 milh&otilde;es de toneladas em 2020, uma queda de 14,3%. J&aacute; as exporta&ccedil;&otilde;es ca&iacute;ram 16,1%, para 10,7 milh&otilde;es de toneladas. (Valor)<\/p>\n\n\n\n<p>Produ&ccedil;&atilde;o de Caf&eacute; 1: O primeiro levantamento da Companhia Nacional de Abastecimento (Conab) sobre a safra 2021\/22 de caf&eacute;, divulgado hoje, prejetou uma produ&ccedil;&atilde;o total, somados conilon e ar&aacute;bica, de 43,8 milh&otilde;es a 49,5 milh&otilde;es de sacas, o que representa uma redu&ccedil;&atilde;o de 30,5% a 21,4% em rela&ccedil;&atilde;o a 2020\/21. O pr&oacute;ximo ciclo ser&aacute; de bienalidade negativa. (Valor)<\/p>\n\n\n\n<p>Produ&ccedil;&atilde;o de Caf&eacute; 2: Em Minas Gerais, Estado com a maior produ&ccedil;&atilde;o nacional, a colheita dever&aacute; alcan&ccedil;ar entre 19,8 milh&otilde;es e 22,1 milh&otilde;es de sacas de caf&eacute; produzidas, um recuo de at&eacute; 42,8% em rela&ccedil;&atilde;o ao &uacute;ltimo ano &mdash; puxado sobretudo pelo caf&eacute; ar&aacute;bica, que sofre maior influ&ecirc;ncia da bienalidade negativa. (Valor)<\/p>\n\n\n\n<p>Varejo Ampliado: Setor mais impulsionado pelo aux&iacute;lio emergencial e um dos respons&aacute;veis pela retomada forte da atividade no terceiro trimestre, o varejo teria mostrado queda de quase 9% em 2020 sem a renda extra proporcionada pelo benef&iacute;cio. A estimativa &eacute; da MB Associados, que projeta recuo de 1,4% para o volume de vendas do varejo ampliado (inclui autom&oacute;veis e material de constru&ccedil;&atilde;o) no ano passado. De janeiro at&eacute; novembro, a retra&ccedil;&atilde;o acumulada em rela&ccedil;&atilde;o a igual per&iacute;odo de 2019 foi de 1,9%. (Valor)<\/p>\n\n\n\n<h2 class=\"wp-block-heading\">Ambiente pol&iacute;tico<\/h2>\n\n\n\n<p>Queda na Aprova&ccedil;&atilde;o do Governo: Pesquisa do Instituto XP\/Ipespe indicou que o percentual dos que acham seu governo&nbsp;ruim ou p&eacute;ssimo&nbsp;saltou de 35% em dezembro para 40%, o pior n&uacute;mero desde julho do ano passado. Os que o consideram &oacute;timo ou bom recuaram de 38% para 32%. (Meio)<\/p>\n\n\n\n<p>Perda de Apoio entre Evang&eacute;licos: Entre evang&eacute;licos, um dos grupos mais importantes de sustenta&ccedil;&atilde;o do governo, a aprova&ccedil;&atilde;o caiu de 53%, em dezembro, para 40%. A reprova&ccedil;&atilde;o subiu de 26% para 36%.&nbsp;(The Intercept Brasil)<\/p>\n\n\n\n<p>M&iacute;riam Leit&atilde;o:&nbsp;&ldquo;O comportamento do presidente durante esta pandemia n&atilde;o foi apenas execr&aacute;vel,&nbsp;foi criminoso. Ele deveria estar hoje respondendo a um processo de impeachment. Brasileiros morreram por causa da sua atitude e de suas decis&otilde;es. Se o governador de S&atilde;o Paulo n&atilde;o tivesse dado a ordem firme ao Butantan de que importasse a vacina mesmo antes da aprova&ccedil;&atilde;o da Anvisa e mesmo diante de todos os ataques do presidente, o Brasil n&atilde;o teria vivido o dia de ontem. Bolsonaro mais uma vez amea&ccedil;ou o pa&iacute;s com ditadura &mdash; &lsquo;se as For&ccedil;as Armadas quiserem&rsquo;. Quer provocar uma nova pol&ecirc;mica e desviar a aten&ccedil;&atilde;o do ponto central: ele deveria estar respondendo a um processo de impeachment.&rdquo; (Globo) (Meio)<\/p>\n\n\n\n<p>Jos&eacute; Murilo de Carvalho<strong>,<\/strong> historiador: &ldquo;Como j&aacute; indicou o comandante do Ex&eacute;rcito, general Pujol, quando condenou a politiza&ccedil;&atilde;o das For&ccedil;as Armadas, Bolsonaro n&atilde;o fala em nome delas. O presidente tem feito um jogo perigoso ao se dirigir a escal&otilde;es inferiores da hierarquia militar e &agrave;s pol&iacute;cias militares. &Eacute; certamente&nbsp;t&aacute;tica de despistamento. A obsess&atilde;o dele, como era a de Trump, &eacute; a reelei&ccedil;&atilde;o. Ele vai inventar tudo que possa compensar as perdas. Ele fracassou redondamente na guerra da vacina e procura voltar &agrave; tona. Mas n&atilde;o se dar&aacute; bem se quiser envolver as corpora&ccedil;&otilde;es militares desafiando sua hierarquia. Se tentar, ter&aacute; o destino de seu l&iacute;der norte-americano, sobretudo se os outros dois poderes da Rep&uacute;blica se comportarem com maior responsabilidade. As pessoas est&atilde;o cansadas da luta contra a pandemia, em que ele lutou do lado errado.&rdquo; (Estad&atilde;o) (Meio)<\/p>\n\n\n\n<h2 class=\"wp-block-heading\">Governo<\/h2>\n\n\n\n<p>Aluguel Social1: O governo estuda criar formas para oferecer, por meio de parcerias com a iniciativa privada, contratos de aluguel para fam&iacute;lias de baixa renda. A ideia, discutida na reuni&atilde;o do Conselho do Programa de Parcerias de Investimentos (<strong>PPI<\/strong>) em dezembro passado, deu mais um passo, com a publica&ccedil;&atilde;o no Di&aacute;rio Oficial de uma resolu&ccedil;&atilde;o recomendando que o programa seja qualificado para a carteira do PPI. (Valor)<\/p>\n\n\n\n<p>Aluguel Social 2: De acordo com o Minist&eacute;rio da Economia, o objetivo &eacute; estruturar projetos-piloto de loca&ccedil;&atilde;o social. O d&eacute;ficit habitacional brasileiro est&aacute; estimado em 6,35 milh&otilde;es de unidades habitacionais. (Valor)<\/p>\n\n\n\n<p>Bolsonaro Fora do F&oacute;rum: O F&oacute;rum Econ&ocirc;mico Mundial realizar&aacute; um &ldquo;f&oacute;rum de Davos virtual&rdquo; entre os pr&oacute;ximos dias 25 a 29, sem o presidente Jair Bolsonaro, mas com seu colega argentino Alberto Fern&aacute;ndez. Uma das sess&otilde;es ser&aacute; sobre a Amaz&ocirc;nia, que continua atraindo a aten&ccedil;&atilde;o internacional. (Valor)<\/p>\n\n\n\n<p>Regra Inconstitucional: O Minist&eacute;rio da Economia apresentou uma resolu&ccedil;&atilde;o que prev&ecirc; a dispensa de licenciamentos de alvar&aacute; de constru&ccedil;&atilde;o e habite-se para obras e edifica&ccedil;&otilde;es consideradas de baixo risco. A ideia &eacute; incentivar a constru&ccedil;&atilde;o civil e agilizar processos. A decis&atilde;o, no entanto, preocupa urbanistas e especialistas em Direito, pois esbarraria em inconstitucionalidade. (Valor)<\/p>\n\n\n\n<p>Programa de Preserva&ccedil;&atilde;o de Renda e do Emprego: Em abril de 2020, o governo editou a Medida Provis&oacute;ria (MP) 936, permitindo a redu&ccedil;&atilde;o de sal&aacute;rio e jornada e suspens&atilde;o de contratos com compensa&ccedil;&atilde;o salarial parcial pelo governo para minimizar os efeitos da pandemia do coronav&iacute;rus na economia e evitar uma onda de demiss&otilde;es. Inicialmente, a redu&ccedil;&atilde;o da jornada foi permitida por tr&ecirc;s meses e a suspens&atilde;o de contrato por dois meses. A medida foi prorrogada algumas vezes, mas encerrou em dezembro. Agora a equipe econ&ocirc;mica estuda a possibilidade de renovar o Programa de Preserva&ccedil;&atilde;o de Renda e do Emprego (BEm), que permite a suspens&atilde;o de contrato e a redu&ccedil;&atilde;o de jornada e sal&aacute;rio do trabalhador. A an&aacute;lise ainda &eacute; preliminar, mas a medida &eacute; vista como op&ccedil;&atilde;o para impedir um aumento do desemprego no pa&iacute;s, o que preocupa o governo. (Valor)<\/p>\n\n\n\n<p>Outras Medidas para Recupera&ccedil;&atilde;o da Economia: O debate em torno da antecipa&ccedil;&atilde;o do 13&ordm; sal&aacute;rio dos aposentados do Instituto Nacional de Seguro Social (INSS) e do abono salarial j&aacute; est&aacute; mais amadurecido no Minist&eacute;rio da Economia. Essa medida envolveu R$ 24,3 bilh&otilde;es. (Valor)<\/p>\n\n\n\n<p>Prorroga&ccedil;&atilde;o dos Pagamentos dos Precat&oacute;rios: Nova articula&ccedil;&atilde;o pol&iacute;tica pode reabrir no Congresso o debate sobre a posterga&ccedil;&atilde;o dos d&eacute;bitos de precat&oacute;rios da Uni&atilde;o, Estados e munic&iacute;pios, tendo como pretexto central os gastos com a pandemia de covid-19. Se isso ocorrer, uma ampla concerta&ccedil;&atilde;o nacional que foi costurada com lideran&ccedil;as pol&iacute;ticas, setores do Judici&aacute;rio e a Ordem dos Advogados do Brasil (OAB), em 2017, ser&aacute; jogada por terra. Naquele ano, foi promulgada a Emenda 99, que determinou o prazo, at&eacute; 2024, para que essas d&iacute;vidas pendentes do poder p&uacute;blico com cidad&atilde;os e empresas sejam quitadas. (Valor)<\/p>\n\n\n\n<p>Despesas Municipais Represadas: Despesas represadas durante a pandemia tendem a pressionar o caixa das prefeituras em 2021, apesar de uma melhoria na situa&ccedil;&atilde;o geral das contas municipais. A estimativa do Conselho Nacional de Secretarias Municipais de Sa&uacute;de (Conasems) &eacute; de que 1,07 bilh&atilde;o de procedimentos ambulatoriais e hospitalares deixaram de ser realizados em 2020 por causa da covid-19. Na &aacute;rea de educa&ccedil;&atilde;o, mesmo com a ado&ccedil;&atilde;o de ferramentas de ensino a dist&acirc;ncia, a expectativa das prefeituras &eacute; de uma amplia&ccedil;&atilde;o nos gastos tanto por causa da recomposi&ccedil;&atilde;o da carga hor&aacute;ria perdida como devido a investimentos para manter as aulas remotas. (Valor)<\/p>\n\n\n\n<p>Fundo de Participa&ccedil;&atilde;o dos Munic&iacute;pios: Principal fonte de receita das pequenas cidades, os repasses do Fundo de Participa&ccedil;&atilde;o dos Munic&iacute;pios (FPM) projetados para 2021 somam R$ 113,4 bilh&otilde;es, de acordo com o Projeto de Lei Anual Or&ccedil;ament&aacute;ria (PLOA). O montante &eacute; 0,4% menor em rela&ccedil;&atilde;o ao FPM repassado no ano passado. Em 2019, os repasses de FPM totalizaram R$ 110 bilh&otilde;es em valores nominais, segundo a Confedera&ccedil;&atilde;o Nacional dos Munic&iacute;pios (CNM). J&aacute; em 2020 esse valor alcan&ccedil;ou R$ 113,7 bilh&otilde;es. Por detr&aacute;s do aparente aumento est&aacute;, na verdade, a recomposi&ccedil;&atilde;o de receitas do fundo com dinheiro injetado pela Uni&atilde;o, prevista na Lei Complementar n&ordm; 173. A recomposi&ccedil;&atilde;o foi de R$ 7,7 bilh&otilde;es. Sem ela, haveria queda de 4,2% no total de repasses. (Valor)<\/p>\n\n\n\n<h2 class=\"wp-block-heading\">Ambiente internacional<\/h2>\n\n\n\n<p>Relat&oacute;rio da Cepal 1: O com&eacute;rcio exterior da Am&eacute;rica Latina e do Caribe teve em 2020 o pior desempenho desde a crise financeira mundial de 2008. As exporta&ccedil;&otilde;es regionais ca&iacute;ram 13% no ano passado e as importa&ccedil;&otilde;es recuaram 20% por causa da pandemia de covid-19. Segundo as proje&ccedil;&otilde;es da Cepal, as exporta&ccedil;&otilde;es do Brasil ca&iacute;ram 7% em 2020, enquanto as importa&ccedil;&otilde;es recuaram 16%. Os n&uacute;meros s&atilde;o menores do que outras grandes economias regionais. Na Argentina, por exemplo, as exporta&ccedil;&otilde;es tiveram uma queda de 14% e as importa&ccedil;&otilde;es de 25%. No M&eacute;xico, houve recuo de 13% nas exporta&ccedil;&otilde;es e de 18% nas importa&ccedil;&otilde;es. (Valor)<\/p>\n\n\n\n<p>Relat&oacute;rio da Cepal 2: O relat&oacute;rio da Cepal afirma que a pandemia de covid-19 intensificou v&aacute;rias <a href=\"https:\/\/radardofuturo.com.br\/test\/ddof\/o-que-sao-tendencias\/\" target=\"_self\" title=\"Confira o que s&atilde;o tend&ecirc;ncias, os fatos ou fen&ocirc;menos que podem acontecer em algum momento adiante na hist&oacute;ria da sociedade, como um novo comportamento individual ou de um grupo\" class=\"encyclopedia\">tend&ecirc;ncias<\/a> que j&aacute; estavam sendo observadas no com&eacute;rcio mundial, entre elas as tens&otilde;es entre Estados Unidos e China, o crescente nacionalismo econ&ocirc;mico, o enfraquecimento da coopera&ccedil;&atilde;o multilateral e o reshoring, a volta da produ&ccedil;&atilde;o estrat&eacute;gica para os pa&iacute;ses de origem das empresas. (Valor)<\/p>\n\n\n\n<p>Processo contra o Google: Google&nbsp;vai ser alvo do seu quarto processo antitruste nos EUA. Segundo a&nbsp;<em>Reuters<\/em>, procuradores-gerais de Utah, Carolina do Norte, Nova York e mais estados americanos, se preparam para abrir, em fevereiro ou mar&ccedil;o, um processo&nbsp;focado na Play Store. A ideia &eacute; avaliar a pol&iacute;tica do Google, que requer que alguns aplicativos usem as ferramentas de pagamento da empresa e paguem ao Google at&eacute; 30% de sua receita. Essa pr&aacute;tica, inclusive, virou centro de cr&iacute;ticas de desenvolvedores, e a Epic Games chegou a processar o Google e a Apple ap&oacute;s ser exclu&iacute;da das plataformas por utilizar meios alternativos de pagamento. (Meio)<\/p>\n\n\n\n<p>Internet por Bal&otilde;es: A&nbsp;Alphabet, dona do&nbsp;Google, est&aacute; encerrando um projeto que usava&nbsp;bal&otilde;es<strong>&nbsp;<\/strong>para fornecer acesso &agrave;&nbsp;internet<strong>.<\/strong> O Loon foi lan&ccedil;ado em 2013 e atendia regi&otilde;es onde a infraestrutura terrestre tinha custos muito elevados ou dif&iacute;cil instala&ccedil;&atilde;o. Durante o per&iacute;odo, foram feitos mais de 1,7 mil lan&ccedil;amentos, com mais de um milh&atilde;o de horas de voo. O projeto, por&eacute;m, n&atilde;o foi capaz de reduzir os custos ao patamar de tornar o modelo de neg&oacute;cios sustent&aacute;vel. (Valor)<\/p>\n\n\n\n<p>Ataque &agrave; Privacidade: Ap&oacute;s rea&ccedil;&otilde;es negativas<strong>,<\/strong>&nbsp;o WhatsApp&nbsp;adiou&nbsp;para 15 de maio a mudan&ccedil;a de regras de privacidade. Segundo a empresa, o adiamento &eacute; porque houve uma confus&atilde;o dos usu&aacute;rios sobre o que vai mudar. Desde 2016, o WhatsApp j&aacute; compartilha informa&ccedil;&otilde;es com o Facebook, incluindo o n&uacute;mero de telefone &mdash; a menos que o usu&aacute;rio tenha sido um dos que optou, na &eacute;poca, por n&atilde;o compartilhar. J&aacute; essa recente atualiza&ccedil;&atilde;o &eacute; um novo consentimento dos usu&aacute;rios para permitir que seus dados tamb&eacute;m sejam compartilhados em conversas com contas comerciais. Por&eacute;m, o novo texto prev&ecirc; mais coleta de dados, como operadora de celular e identifica&ccedil;&atilde;o da localiza&ccedil;&atilde;o, mesmo se o usu&aacute;rio n&atilde;o utiliza esses recursos. (Meio)<\/p>\n\n\n\n<p>Tesla na China: A fabricante americana de ve&iacute;culos el&eacute;tricos Tesla realizou, dia 18-01-2021, a primeira entrega de seu crossover Model Y, fabricado na China, a compradores de Xangai, segundo a ag&ecirc;ncia de not&iacute;cias estatal Xinhua News. O Model Y &eacute; o segundo ve&iacute;culo da Tesla a ser produzido em Xangai depois do sed&atilde; Model 3, que come&ccedil;ou a ser comercializado na China h&aacute; um ano. O Model 3 foi o carro el&eacute;trico mais vendido na China em 2020, com mais de 138 mil unidades entregues, de acordo com a uma associa&ccedil;&atilde;o de ve&iacute;culos chinesa. O governo chin&ecirc;s definiu uma meta para os carros el&eacute;tricos atingirem 20% das vendas de ve&iacute;culos at&eacute; 2025, o que equivale a cerca de 5 milh&otilde;es de unidades. (Valor)<\/p>\n\n\n\n<h2 class=\"wp-block-heading\">Ambiente de tecnologia &amp; inova&ccedil;&atilde;o<\/h2>\n\n\n\n<p>Varejo Inteligente: O varejo&nbsp;tem se reinventado para se adaptar aos novos comportamentos da pandemia. Com o delivery em alta, o Walmart criou um projeto piloto de&nbsp;refrigeradores inteligentes&nbsp;para realizar entregas de alimentos gelados mesmo quando os moradores n&atilde;o est&atilde;o em casa. Os dispositivos s&atilde;o habilitados para internet e projetados para desbloquear s&oacute; quando algu&eacute;m se aproxima. J&aacute; a Verizon, anunciou durante a feira da CES, que vai testar, em parceria com a UPS,&nbsp;entregas por drones 5G&nbsp;em uma comunidade de aposentados na Fl&oacute;rida. (Meio)<\/p>\n\n\n\n<p>5G, Huawei e a Coronavac: A Huawei&nbsp;deve ser beneficiada com o impasse nas vacinas no Brasil. Isso porque o governo brasileiro vai&nbsp;baixar o tom&nbsp;contra a participa&ccedil;&atilde;o da chinesa na rede 5G para agilizar a importa&ccedil;&atilde;o dos insumos para a vacina. A decis&atilde;o se a Huawei vai ou n&atilde;o ser proibida de participar do leil&atilde;o previsto para o fim de junho, no entanto, vai ocorrer nas pr&oacute;ximas semanas. Al&eacute;m de esperar a solu&ccedil;&atilde;o para as vacinas, Bolsonaro tamb&eacute;m vai ver o resultado da viagem do ministro das Comunica&ccedil;&otilde;es, F&aacute;bio Faria, que visitar&aacute; todos os fornecedores, incluindo Nokia, Samsung, Huawei e ZTE. A ideia &eacute; em seguida lan&ccedil;ar um decreto com normas com as condi&ccedil;&otilde;es para as teles. (Folha) (Meio)<\/p>\n\n\n\n<hr class=\"wp-block-separator has-text-color has-background has-luminous-vivid-amber-background-color has-luminous-vivid-amber-color is-style-wide\">\n\n\n\n<ul class=\"wp-block-list\"><li>Fontes: Jornal Valor, Veja, Quartz, Canal Meio Newsletter, The Intercept Brasil, Brasil 247, Folha, Carta Capital, &Eacute;poca Neg&oacute;cios, Blog do Paulo Gala, Estad&atilde;o e Globo.<\/li><\/ul>\n","protected":false},"excerpt":{"rendered":"<p>Acontecimentos que marcaram o notici&aacute;rio pol&iacute;tico e econ&ocirc;mico da semana<\/p>\n","protected":false},"author":1,"featured_media":15366,"comment_status":"open","ping_status":"open","sticky":false,"template":"","format":"standard","meta":{"tdm_status":"","tdm_grid_status":"","footnotes":"","jetpack_publicize_message":"","jetpack_publicize_feature_enabled":true,"jetpack_social_post_already_shared":true,"jetpack_social_options":{"image_generator_settings":{"template":"highway","enabled":false},"version":2}},"categories":[23,2245,2246],"tags":[2357,2309,2338,2399,93],"class_list":{"0":"post-15363","1":"post","2":"type-post","3":"status-publish","4":"format-standard","5":"has-post-thumbnail","7":"category-carlos-placido-teixeira","8":"category-conjuntura","9":"category-paulo-roberto-bretas","10":"tag-ambiente-economico","11":"tag-conjuntura-politica","12":"tag-conjuntura-social","13":"tag-noticias-da-semana","14":"tag-tendencias"},"jetpack_publicize_connections":[],"jetpack_featured_media_url":"https:\/\/radardofuturo.com.br\/test\/wp-content\/uploads\/2021\/01\/distribuicao-de-vacinas-foto-Fotospublicascom.jpg","post_mailing_queue_ids":[],"_links":{"self":[{"href":"https:\/\/radardofuturo.com.br\/test\/wp-json\/wp\/v2\/posts\/15363","targetHints":{"allow":["GET"]}}],"collection":[{"href":"https:\/\/radardofuturo.com.br\/test\/wp-json\/wp\/v2\/posts"}],"about":[{"href":"https:\/\/radardofuturo.com.br\/test\/wp-json\/wp\/v2\/types\/post"}],"author":[{"embeddable":true,"href":"https:\/\/radardofuturo.com.br\/test\/wp-json\/wp\/v2\/users\/1"}],"replies":[{"embeddable":true,"href":"https:\/\/radardofuturo.com.br\/test\/wp-json\/wp\/v2\/comments?post=15363"}],"version-history":[{"count":0,"href":"https:\/\/radardofuturo.com.br\/test\/wp-json\/wp\/v2\/posts\/15363\/revisions"}],"wp:featuredmedia":[{"embeddable":true,"href":"https:\/\/radardofuturo.com.br\/test\/wp-json\/wp\/v2\/media\/15366"}],"wp:attachment":[{"href":"https:\/\/radardofuturo.com.br\/test\/wp-json\/wp\/v2\/media?parent=15363"}],"wp:term":[{"taxonomy":"category","embeddable":true,"href":"https:\/\/radardofuturo.com.br\/test\/wp-json\/wp\/v2\/categories?post=15363"},{"taxonomy":"post_tag","embeddable":true,"href":"https:\/\/radardofuturo.com.br\/test\/wp-json\/wp\/v2\/tags?post=15363"}],"curies":[{"name":"wp","href":"https:\/\/api.w.org\/{rel}","templated":true}]}}