{"id":14979,"date":"2021-01-07T09:58:36","date_gmt":"2021-01-07T12:58:36","guid":{"rendered":"https:\/\/radardofuturo.com.br\/?p=14979"},"modified":"2021-01-07T10:09:13","modified_gmt":"2021-01-07T13:09:13","slug":"ambiente-social-em-2021-e-adiante-solucoes-magicas-nao-existem","status":"publish","type":"post","link":"https:\/\/radardofuturo.com.br\/test\/ambiente-social-em-2021-e-adiante-solucoes-magicas-nao-existem\/","title":{"rendered":"Ambiente social em 2021 e adiante: solu\u00e7\u00f5es m\u00e1gicas n\u00e3o existem"},"content":{"rendered":"\n<figure class=\"wp-block-image size-large is-style-default\"><img loading=\"lazy\" decoding=\"async\" width=\"1024\" height=\"683\" src=\"https:\/\/radardofuturo.com.br\/test\/wp-content\/uploads\/2021\/01\/vacinacao-foto-governo-do-estado-de-sao-paulo-1024x683.jpg\" alt=\"\" class=\"wp-image-15123\" srcset=\"https:\/\/radardofuturo.com.br\/test\/wp-content\/uploads\/2021\/01\/vacinacao-foto-governo-do-estado-de-sao-paulo-1024x683.jpg 1024w, https:\/\/radardofuturo.com.br\/test\/wp-content\/uploads\/2021\/01\/vacinacao-foto-governo-do-estado-de-sao-paulo-300x200.jpg 300w, https:\/\/radardofuturo.com.br\/test\/wp-content\/uploads\/2021\/01\/vacinacao-foto-governo-do-estado-de-sao-paulo-768x512.jpg 768w, https:\/\/radardofuturo.com.br\/test\/wp-content\/uploads\/2021\/01\/vacinacao-foto-governo-do-estado-de-sao-paulo-1536x1024.jpg 1536w, https:\/\/radardofuturo.com.br\/test\/wp-content\/uploads\/2021\/01\/vacinacao-foto-governo-do-estado-de-sao-paulo-696x464.jpg 696w, https:\/\/radardofuturo.com.br\/test\/wp-content\/uploads\/2021\/01\/vacinacao-foto-governo-do-estado-de-sao-paulo-1392x928.jpg 1392w, https:\/\/radardofuturo.com.br\/test\/wp-content\/uploads\/2021\/01\/vacinacao-foto-governo-do-estado-de-sao-paulo.jpg 2048w\" sizes=\"auto, (max-width: 1024px) 100vw, 1024px\"><\/figure>\n\n\n\n<p>Como ser&aacute; o comportamento do brasileiro no ambiente social do segundo ano de priva&ccedil;&otilde;es impostas pela pandemia <\/p>\n\n\n\n<!--more-->\n\n\n\n<p>Carlos Pl&aacute;cido Teixeira<br>Jornalista &ndash; Radar do Futuro<\/p>\n\n\n\n<p>Fa&ccedil;a medita&ccedil;&atilde;o, recorra a um psic&oacute;logo. Aprenda a olhar o por do sol. Curta as coisas belas da natureza. Relaxe, pois em 2021 devemos continuar dominando nossas ang&uacute;stias, tanto as existenciais como aquelas do cotidiano. Urge compreender que as solu&ccedil;&otilde;es para o combate ao Covid-19 e suas varia&ccedil;&otilde;es n&atilde;o vir&atilde;o na velocidade que consideramos ideal. Mesmo com a vacina, continuamos, pelo menos os que n&atilde;o s&atilde;o negacionistas, usando m&aacute;scaras, evitando aglomera&ccedil;&otilde;es e higienizando as m&atilde;os e coisas com frequ&ecirc;ncia por mais algum tempo. O que pode se estender at&eacute; o final do ano. <\/p>\n\n\n\n<p>O avan&ccedil;o rumo ao controle total da pandemia ocorrer&aacute; de forma gradual. E diferente de uma regi&atilde;o do planeta para outra. Os pa&iacute;ses ricos saem na frente. Mesmo assim, avan&ccedil;os mais significativos devem ocorrer apenas a partir do segundo semestre. Pa&iacute;ses dos grupos mais pobres tendem a levar mais tempo para superar a crise. No grupo que inclui os latino-americanos e africanos, o Brasil deve ter dificuldades extras, por conta da forma como o governo Bolsonaro administra a quest&atilde;o, como se n&atilde;o houvesse um mal a ser combatido.<\/p>\n\n\n\n<p>Os brasileiros conviver&atilde;o, nos pr&oacute;ximos meses, com a terceira onda de mudan&ccedil;as de comportamento em rela&ccedil;&atilde;o &agrave; pandemia. Houve o ciclo iniciado em mar&ccedil;o de 2020, em torno da busca pelo normal, quando ocorreu o susto da emerg&ecirc;ncia do v&iacute;rus, at&eacute; a ordem do isolamento determinada por estados e munic&iacute;pios. Ent&atilde;o, de uma forma geral, as pessoas tinham expectativa de que o processo seria transit&oacute;rio, de curta dura&ccedil;&atilde;o, at&eacute; a cria&ccedil;&atilde;o de uma vacina ou que o v&iacute;rus perderia a sua for&ccedil;a de propaga&ccedil;&atilde;o rapidamente. A ado&ccedil;&atilde;o de um programa de imuniza&ccedil;&atilde;o em massa reabriria as portas para o mundo externo. <\/p>\n\n\n\n<p>O sacrif&iacute;cio coletivo e algumas demonstra&ccedil;&otilde;es de solidariedade da classe m&eacute;dia contribu&iacute;ram para a sensa&ccedil;&atilde;o de que construir&iacute;amos um mundo melhor, um &ldquo;novo normal&rdquo;. O acesso &agrave;s tecnologias de comunica&ccedil;&atilde;o possibilitou a adapta&ccedil;&atilde;o mais r&aacute;pida a um novo ambiente de conv&iacute;vio e produ&ccedil;&atilde;o, compensando em parte os relacionamentos diretos. <\/p>\n\n\n\n<p>Na segunda etapa, com o prolongamento das exig&ecirc;ncias de isolamento e de dist&acirc;ncia social, grupos crescentes de pessoas foram aderindo aos movimentos de insatisfa&ccedil;&atilde;o com a falta de solu&ccedil;&otilde;es, que levaram n&atilde;o s&oacute; &agrave;s restri&ccedil;&otilde;es de conv&iacute;vio mas, tamb&eacute;m, &agrave; impossibilidade de trabalhar. Foi o momento, a partir do segundo semestre e especialmente com as festas de final de ano, em que grande parte da popula&ccedil;&atilde;o perdeu a cren&ccedil;a de que haver&aacute; uma nova realidade. Retomaram, ent&atilde;o, o velho normal, frequentando os ambientes de sempre. As ilus&otilde;es sobre um processo civilizat&oacute;rio n&atilde;o se confirmaram. Al&eacute;m das festas em fam&iacute;lias e em ambientes fechados, as praias no final de semana, os bares, as academias, os espa&ccedil;os de coworking e as compras nos shoppings e grandes centros de compras. Inicialmente de m&aacute;scara, depois nem isso. <\/p>\n\n\n\n<p>A perspectiva de estouro dos casos no in&iacute;cio deste 2021, superando mais de 200 mil mortos e o caos nos sistemas de sa&uacute;de, com aus&ecirc;ncia do aux&iacute;lio emergencial que manteve milh&otilde;es de brasileiros em condi&ccedil;&otilde;es de sobreviv&ecirc;ncia, vai inaugurar a terceira fase da hist&oacute;ria da pandemia no Brasil. Ela ter&aacute; a marca da busca de constru&ccedil;&atilde;o de padr&otilde;es baseados na experi&ecirc;ncia e na redu&ccedil;&atilde;o de expectativas. N&atilde;o ser&aacute; nem o velho normal, nem o novo imaginado anteriormente. Ser&aacute; algo que tende a explorar solu&ccedil;&otilde;es mais individuais ou de pequenos grupos, em um ambiente de restri&ccedil;&otilde;es. &Eacute; a constru&ccedil;&atilde;o do padr&atilde;o pessoal, que reconhece a instabilidade e a desconstru&ccedil;&atilde;o de certezas. <\/p>\n\n\n\n<figure class=\"wp-block-table is-style-regular\"><table class=\"has-subtle-light-gray-background-color has-fixed-layout has-background\"><thead><tr><th>CERTEZAS<\/th><th class=\"has-text-align-left\" data-align=\"left\">INCERTEZAS<\/th><th>SUPOSI&Ccedil;&Otilde;ES<\/th><\/tr><\/thead><tbody><tr><td>Crescimento econ&ocirc;mico lento<br>Desemprego, aumento da mis&eacute;ria<br>Press&otilde;es sociais crescentes<br>Radicaliza&ccedil;&otilde;es pol&iacute;ticas<\/td><td class=\"has-text-align-left\" data-align=\"left\">Imuniza&ccedil;&atilde;o: quando?<br>E se aumentar o n&uacute;mero de mortes e doentes sem atendimento?<br><\/td><td>Impactos da pandemia seguem durante o ano<br>Insatisfa&ccedil;&atilde;o crescente &ndash; com tudo<br>Desalento<\/td><\/tr><\/tbody><\/table><figcaption>Radar do Futuro<\/figcaption><\/figure>\n\n\n\n<h2 class=\"wp-block-heading\">Cen&aacute;rio 1: incertezas permanecem<\/h2>\n\n\n\n<p>O que acontecer&aacute; caso a perspectiva mais negativa de mortes e colapso do sistema de sa&uacute;de se confirme como resultado das aglomera&ccedil;&otilde;es nas festas de final de ano? E se n&atilde;o houver uma campanha de imuniza&ccedil;&atilde;o urgente? Tendemos a ver, como uma das possibilidades de futuro de curt&iacute;ssimo  prazo, a acelera&ccedil;&atilde;o da &ldquo;era do desalento&rdquo;, um processo que, na verdade, j&aacute; vinha ocorrendo anteriormente. Ao lembrar o ano passado, pensamos que muitos de n&oacute;s fomos pacientes, solid&aacute;rios e comportados, mas n&atilde;o adiantou. Nos revoltamos, e n&atilde;o resolveu tamb&eacute;m. E que uma parte da popula&ccedil;&atilde;o manteve atividades, alguns at&eacute; sem respeitar as regras de afastamento ou de uso de m&aacute;scaras. <\/p>\n\n\n\n<p>O que ser&aacute; do futuro, ent&atilde;o? Com fluxos e refluxos das doen&ccedil;as e de suas consequ&ecirc;ncias, o sentimento de vulnerabilidade cresce, reafirmando as incertezas e a dificuldade de enxergar sa&iacute;das futuras para a vida. Crian&ccedil;as e adolescentes n&atilde;o retornar&atilde;o para as escolas, assim como seus pais seguir&atilde;o com restri&ccedil;&otilde;es ao conv&iacute;vio em ambientes de trabalho e de lazer. As rela&ccedil;&otilde;es de trabalho s&atilde;o mais prec&aacute;rias, assim como a vida e sociedade. Um trabalho desenvolvido pela consultoria de <a href=\"https:\/\/radardofuturo.com.br\/test\/ddof\/o-que-sao-tendencias\/\" target=\"_self\" title=\"Confira o que s&atilde;o tend&ecirc;ncias, os fatos ou fen&ocirc;menos que podem acontecer em algum momento adiante na hist&oacute;ria da sociedade, como um novo comportamento individual ou de um grupo\" class=\"encyclopedia\">tend&ecirc;ncias<\/a> WGSN para a <a href=\"https:\/\/www.omundopos2020.com.br\/comportamento\" class=\"rank-math-link\" target=\"_blank\" rel=\"noopener\">UnimedBH <\/a>identifica uma &ldquo;ansiedade financeira&rdquo; acompanhando os brasileiros, como um sentimento chave. &ldquo;Est&aacute; claro que uma recess&atilde;o econ&ocirc;mica est&aacute; sendo estabelecida ou acirrada, o que ir&aacute; afetar os mercados e os consumidores em diferentes n&iacute;veis, mesmo em pa&iacute;ses em que as previs&otilde;es s&atilde;o mais otimistas&rdquo;, avalia o estudo.<\/p>\n\n\n\n<figure class=\"wp-block-image size-large is-style-default\"><img loading=\"lazy\" decoding=\"async\" width=\"1024\" height=\"432\" src=\"https:\/\/radardofuturo.com.br\/test\/wp-content\/uploads\/2021\/01\/E_SE_a_vacinacao_demorar-1024x432.png\" alt=\"\" class=\"wp-image-15121\" srcset=\"https:\/\/radardofuturo.com.br\/test\/wp-content\/uploads\/2021\/01\/E_SE_a_vacinacao_demorar-1024x432.png 1024w, https:\/\/radardofuturo.com.br\/test\/wp-content\/uploads\/2021\/01\/E_SE_a_vacinacao_demorar-300x127.png 300w, https:\/\/radardofuturo.com.br\/test\/wp-content\/uploads\/2021\/01\/E_SE_a_vacinacao_demorar-768x324.png 768w, https:\/\/radardofuturo.com.br\/test\/wp-content\/uploads\/2021\/01\/E_SE_a_vacinacao_demorar-1536x649.png 1536w, https:\/\/radardofuturo.com.br\/test\/wp-content\/uploads\/2021\/01\/E_SE_a_vacinacao_demorar-2048x865.png 2048w, https:\/\/radardofuturo.com.br\/test\/wp-content\/uploads\/2021\/01\/E_SE_a_vacinacao_demorar-696x294.png 696w, https:\/\/radardofuturo.com.br\/test\/wp-content\/uploads\/2021\/01\/E_SE_a_vacinacao_demorar-1392x588.png 1392w\" sizes=\"auto, (max-width: 1024px) 100vw, 1024px\"><\/figure>\n\n\n\n<h2 class=\"wp-block-heading\">Cen&aacute;rio 2: vacina&ccedil;&atilde;o antecipada<\/h2>\n\n\n\n<p>No cen&aacute;rio mais positivo no Brasil, a vacina&ccedil;&atilde;o come&ccedil;a a ocorrer ainda nos primeiros meses do ano, superando as dificuldades colocadas no caminho pelo governo Bolsonaro. Os acontecimentos registrados no exterior, onde a vacina&ccedil;&atilde;o foi iniciada, mas mesmo assim houve a necessidade de ado&ccedil;&atilde;o de medidas radicais, como o lockdown no Reino Unido, demonstram que a situa&ccedil;&atilde;o n&atilde;o ser&aacute; resolvida rapidamente. Ainda haver&aacute; dificuldades a superar. E o ciclo de imuniza&ccedil;&atilde;o dever&aacute; continuar durante todo o ano. <\/p>\n\n\n\n<p>Isso significa que a sociedade ainda conviver&aacute; com fluxos de abertura e fechamento de atividades. A impaci&ecirc;ncia vai aflorar em discuss&otilde;es, por exemplo, sobre a retomada das aulas presenciais e do fim de exig&ecirc;ncias do trabalho em casa. E restri&ccedil;&otilde;es a viagens internacionais. Um ambiente ainda negativo, que tende a ser agravado pela percep&ccedil;&atilde;o de que as pol&iacute;ticas p&uacute;blicas voltam a priorizar a &ldquo;agenda liberal&rdquo;, sem medidas de apoio para a popula&ccedil;&atilde;o de baixa renda. <\/p>\n\n\n\n<p>Adapte-se ou sofra. Reconhe&ccedil;a que os desafios ainda permanecem. Para a psic&oacute;loga e professora do Centro Universit&aacute;rio Tiradentes (Unit\/AL), Camila Carna&uacute;ba, em 2021 ser&aacute; necess&aacute;rio criar novos h&aacute;bitos nas &aacute;reas de ambientes, emo&ccedil;&otilde;es, pensamentos e comportamentos. &eacute; essencial perceber como lidamos com nossos sentimentos. &ldquo;&Eacute; f&aacute;cil encontrar na internet exerc&iacute;cios de respira&ccedil;&atilde;o e mindfulness (aten&ccedil;&atilde;o plena), por&eacute;m sempre &eacute; adequado &ndash; e um sinal de for&ccedil;a, coragem e amor pr&oacute;prio &ndash; procurar ajuda de profissionais se perceber que precisa de ajuda especializada&rdquo; diz a especialista.<\/p>\n\n\n\n<p> <\/p>\n\n\n\n<p> <\/p>\n\n\n\n<p><\/p>\n","protected":false},"excerpt":{"rendered":"<p>Como ser&aacute; o comportamento do brasileiro no ambiente social do segundo ano de priva&ccedil;&otilde;es impostas pela pandemia<\/p>\n","protected":false},"author":1,"featured_media":15123,"comment_status":"open","ping_status":"open","sticky":false,"template":"","format":"standard","meta":{"tdm_status":"","tdm_grid_status":"","footnotes":"","jetpack_publicize_message":"","jetpack_publicize_feature_enabled":true,"jetpack_social_post_already_shared":true,"jetpack_social_options":{"image_generator_settings":{"template":"highway","enabled":false},"version":2}},"categories":[20,23,2293],"tags":[65,2346,1893,934,1961,2344,523,2345],"class_list":{"0":"post-14979","1":"post","2":"type-post","3":"status-publish","4":"format-standard","5":"has-post-thumbnail","7":"category-destaques","8":"category-carlos-placido-teixeira","9":"category-em-2021","10":"tag-ambiente-social","11":"tag-ambiente-social-em-2021","12":"tag-covid-19","13":"tag-futuro-da-sociedade","14":"tag-impactos-da-pandemia","15":"tag-impactos-sociais-da-covid-19","16":"tag-sociedade-do-futuro","17":"tag-tendencias-pos-covid-19"},"jetpack_publicize_connections":[],"jetpack_featured_media_url":"https:\/\/radardofuturo.com.br\/test\/wp-content\/uploads\/2021\/01\/vacinacao-foto-governo-do-estado-de-sao-paulo.jpg","post_mailing_queue_ids":[],"_links":{"self":[{"href":"https:\/\/radardofuturo.com.br\/test\/wp-json\/wp\/v2\/posts\/14979","targetHints":{"allow":["GET"]}}],"collection":[{"href":"https:\/\/radardofuturo.com.br\/test\/wp-json\/wp\/v2\/posts"}],"about":[{"href":"https:\/\/radardofuturo.com.br\/test\/wp-json\/wp\/v2\/types\/post"}],"author":[{"embeddable":true,"href":"https:\/\/radardofuturo.com.br\/test\/wp-json\/wp\/v2\/users\/1"}],"replies":[{"embeddable":true,"href":"https:\/\/radardofuturo.com.br\/test\/wp-json\/wp\/v2\/comments?post=14979"}],"version-history":[{"count":0,"href":"https:\/\/radardofuturo.com.br\/test\/wp-json\/wp\/v2\/posts\/14979\/revisions"}],"wp:featuredmedia":[{"embeddable":true,"href":"https:\/\/radardofuturo.com.br\/test\/wp-json\/wp\/v2\/media\/15123"}],"wp:attachment":[{"href":"https:\/\/radardofuturo.com.br\/test\/wp-json\/wp\/v2\/media?parent=14979"}],"wp:term":[{"taxonomy":"category","embeddable":true,"href":"https:\/\/radardofuturo.com.br\/test\/wp-json\/wp\/v2\/categories?post=14979"},{"taxonomy":"post_tag","embeddable":true,"href":"https:\/\/radardofuturo.com.br\/test\/wp-json\/wp\/v2\/tags?post=14979"}],"curies":[{"name":"wp","href":"https:\/\/api.w.org\/{rel}","templated":true}]}}