{"id":14743,"date":"2020-12-30T09:24:22","date_gmt":"2020-12-30T12:24:22","guid":{"rendered":"https:\/\/radardofuturo.com.br\/?p=14743"},"modified":"2020-12-30T09:24:28","modified_gmt":"2020-12-30T12:24:28","slug":"midia-digital-tera-aumento-de-62-na-america-latina-em-tres-anos","status":"publish","type":"post","link":"https:\/\/radardofuturo.com.br\/test\/midia-digital-tera-aumento-de-62-na-america-latina-em-tres-anos\/","title":{"rendered":"M\u00eddia digital ter\u00e1 aumento de 62% na Am\u00e9rica Latina em tr\u00eas anos"},"content":{"rendered":"\n<figure class=\"wp-block-image size-large is-style-default\"><img loading=\"lazy\" decoding=\"async\" width=\"1880\" height=\"1253\" src=\"https:\/\/radardofuturo.com.br\/test\/wp-content\/uploads\/2020\/12\/pexels-photo-5905709.jpeg\" alt=\"ethnic girl having video chat with teacher online on laptop\" class=\"wp-image-14980\" srcset=\"https:\/\/radardofuturo.com.br\/test\/wp-content\/uploads\/2020\/12\/pexels-photo-5905709.jpeg 1880w, https:\/\/radardofuturo.com.br\/test\/wp-content\/uploads\/2020\/12\/pexels-photo-5905709-300x200.jpeg 300w, https:\/\/radardofuturo.com.br\/test\/wp-content\/uploads\/2020\/12\/pexels-photo-5905709-1024x682.jpeg 1024w, https:\/\/radardofuturo.com.br\/test\/wp-content\/uploads\/2020\/12\/pexels-photo-5905709-768x512.jpeg 768w, https:\/\/radardofuturo.com.br\/test\/wp-content\/uploads\/2020\/12\/pexels-photo-5905709-1536x1024.jpeg 1536w, https:\/\/radardofuturo.com.br\/test\/wp-content\/uploads\/2020\/12\/pexels-photo-5905709-696x464.jpeg 696w, https:\/\/radardofuturo.com.br\/test\/wp-content\/uploads\/2020\/12\/pexels-photo-5905709-1392x928.jpeg 1392w\" sizes=\"auto, (max-width: 1880px) 100vw, 1880px\"><figcaption>A pandemia n&atilde;o criou um novo cen&aacute;rio, mas acelerou ainda mais uma tend&ecirc;ncia j&aacute; existente e consolidou processos que estavam em andamento<\/figcaption><\/figure>\n\n\n\n<!--more-->\n\n\n\n<p>&Aacute;reas voltadas para conte&uacute;do e m&iacute;dia digital devem atingir um crescimento de 62% na Am&eacute;rica Latina, at&eacute; 2023. No Brasil, o Rio de Janeiro e S&atilde;o Paulo devem ser as regi&otilde;es que puxar&atilde;o a alta. A proje&ccedil;&atilde;o &eacute; do &uacute;ltimo Global Interconnection Index (GXI), relat&oacute;rio global desenvolvido pela Equinix. O estudo de 11 setores sinaliza que a pandemia alterou completamente os planos das empresas com rela&ccedil;&atilde;o a iniciativas de infraestrutura digital para os pr&oacute;ximos anos. <\/p>\n\n\n\n<p>A mudan&ccedil;a ocorreu no modelo de ado&ccedil;&atilde;o digital, conforme o relat&oacute;rio GXI. Atualmente, os provedores de servi&ccedil;os estimam responder por quase o dobro da velocidade de interconex&atilde;o em rela&ccedil;&atilde;o &agrave;s grandes empresas. Mas a previs&atilde;o &eacute; que boa parte dessa demanda seja por conta das empresas que priorizaram a transforma&ccedil;&atilde;o digital como sa&iacute;da para a retomada ap&oacute;s a pandemia.<\/p>\n\n\n\n<p>Para o especialista Bruno Campos, CMO da AdsPlay, empresa refer&ecirc;ncia em m&iacute;dia digital no Brasil, &eacute; como se o mercado tivesse percorrido 10 anos em 10 meses. &ldquo;A pandemia n&atilde;o criou um novo cen&aacute;rio, mas acelerou ainda mais uma tend&ecirc;ncia j&aacute; existente e consolidou processos que estavam em andamento&rdquo;. De acordo com a Statista, plataforma alem&atilde; especialista em dados de mercado, desde 2012 o marketing tradicional se mant&eacute;m praticamente est&aacute;vel ou em pequenos movimentos negativos, ao passo de que o marketing digital cresce a dois d&iacute;gitos praticamente em todos os anos.<\/p>\n\n\n\n<p>Ainda segundo o Global Interconnection Index, as empresas que investirem em infraestrutura digital ter&atilde;o maior vantagem competitiva e se manter&atilde;o na lideran&ccedil;a em rela&ccedil;&atilde;o ao crescimento dos neg&oacute;cios. J&aacute; na contram&atilde;o desse movimento, estar&atilde;o as que n&atilde;o deram tanta import&acirc;ncia e sofrer&atilde;o dificuldades, pois necessitar&atilde;o correr atr&aacute;s do preju&iacute;zo.<\/p>\n\n\n\n<p>O novo Coronav&iacute;rus alterou profundamente o comportamento do consumidor e provocou mudan&ccedil;as importantes na jornada de compra. Segundo pesquisa recente feita pela Deloitte, 63% dos consumidores v&atilde;o contar mais com tecnologias digitais a partir de agora e, 58% tiveram facilidade em lembrar de uma marca que direcionou rapidamente seus neg&oacute;cios durante a pandemia. Outros 25% deixaram de consumir produtos e servi&ccedil;os de empresas que se mostraram agindo a seu pr&oacute;prio favor.&nbsp;<\/p>\n","protected":false},"excerpt":{"rendered":"","protected":false},"author":15,"featured_media":14980,"comment_status":"open","ping_status":"open","sticky":false,"template":"","format":"standard","meta":{"tdm_status":"","tdm_grid_status":"","footnotes":"","jetpack_publicize_message":"","jetpack_publicize_feature_enabled":true,"jetpack_social_post_already_shared":true,"jetpack_social_options":{"image_generator_settings":{"template":"highway","enabled":false},"version":2}},"categories":[22,2293],"tags":[1855,2330,2329,2332,2331],"class_list":{"0":"post-14743","1":"post","2":"type-post","3":"status-publish","4":"format-standard","5":"has-post-thumbnail","7":"category-indicadores","8":"category-em-2021","9":"tag-futuro-da-midia","10":"tag-futuro-da-midia-digital","11":"tag-midia-digital","12":"tag-perspectivas-da-midia-digital","13":"tag-tendencias-da-midia-digiral"},"jetpack_publicize_connections":[],"jetpack_featured_media_url":"https:\/\/radardofuturo.com.br\/test\/wp-content\/uploads\/2020\/12\/pexels-photo-5905709.jpeg","post_mailing_queue_ids":[],"_links":{"self":[{"href":"https:\/\/radardofuturo.com.br\/test\/wp-json\/wp\/v2\/posts\/14743","targetHints":{"allow":["GET"]}}],"collection":[{"href":"https:\/\/radardofuturo.com.br\/test\/wp-json\/wp\/v2\/posts"}],"about":[{"href":"https:\/\/radardofuturo.com.br\/test\/wp-json\/wp\/v2\/types\/post"}],"author":[{"embeddable":true,"href":"https:\/\/radardofuturo.com.br\/test\/wp-json\/wp\/v2\/users\/15"}],"replies":[{"embeddable":true,"href":"https:\/\/radardofuturo.com.br\/test\/wp-json\/wp\/v2\/comments?post=14743"}],"version-history":[{"count":0,"href":"https:\/\/radardofuturo.com.br\/test\/wp-json\/wp\/v2\/posts\/14743\/revisions"}],"wp:featuredmedia":[{"embeddable":true,"href":"https:\/\/radardofuturo.com.br\/test\/wp-json\/wp\/v2\/media\/14980"}],"wp:attachment":[{"href":"https:\/\/radardofuturo.com.br\/test\/wp-json\/wp\/v2\/media?parent=14743"}],"wp:term":[{"taxonomy":"category","embeddable":true,"href":"https:\/\/radardofuturo.com.br\/test\/wp-json\/wp\/v2\/categories?post=14743"},{"taxonomy":"post_tag","embeddable":true,"href":"https:\/\/radardofuturo.com.br\/test\/wp-json\/wp\/v2\/tags?post=14743"}],"curies":[{"name":"wp","href":"https:\/\/api.w.org\/{rel}","templated":true}]}}