{"id":14674,"date":"2020-12-29T15:34:45","date_gmt":"2020-12-29T18:34:45","guid":{"rendered":"https:\/\/radardofuturo.com.br\/?p=14674"},"modified":"2020-12-29T15:34:50","modified_gmt":"2020-12-29T18:34:50","slug":"quatro-pontos-essenciais-para-crescer-em-2021","status":"publish","type":"post","link":"https:\/\/radardofuturo.com.br\/test\/quatro-pontos-essenciais-para-crescer-em-2021\/","title":{"rendered":"Quatro pontos essenciais para crescer em 2021"},"content":{"rendered":"\n<figure class=\"wp-block-image size-large is-style-default\"><img loading=\"lazy\" decoding=\"async\" width=\"728\" height=\"479\" src=\"https:\/\/radardofuturo.com.br\/test\/wp-content\/uploads\/2020\/07\/consumo-shopping-pandemia.jpeg\" alt=\"ambiente interno de shopping mostrando escada rolante vazia foto pixabay\" class=\"wp-image-11601\" srcset=\"https:\/\/radardofuturo.com.br\/test\/wp-content\/uploads\/2020\/07\/consumo-shopping-pandemia.jpeg 728w, https:\/\/radardofuturo.com.br\/test\/wp-content\/uploads\/2020\/07\/consumo-shopping-pandemia-300x197.jpeg 300w, https:\/\/radardofuturo.com.br\/test\/wp-content\/uploads\/2020\/07\/consumo-shopping-pandemia-696x458.jpeg 696w\" sizes=\"auto, (max-width: 728px) 100vw, 728px\"><figcaption>Especialista aponta quatro pontos essenciais para as empresas investirem em 2021, considerando que o mercado ainda ser&aacute; de baixa recupera&ccedil;&atilde;o<\/figcaption><\/figure>\n\n\n\n<!--more-->\n\n\n\n<p><em>Radar do Futuro<\/em><\/p>\n\n\n\n<p>O ano de 2021 ser&aacute; um ano ainda com muitos desafios para o mercado de maneira geral. Mesmo quando houver vacina, vamos continuar com muitas restri&ccedil;&otilde;es e seguiremos com baixa intera&ccedil;&atilde;o f&iacute;sica. A expectativa &eacute; de Carlos Busch, administrador de empresas com ampla forma&ccedil;&atilde;o em &aacute;reas de neg&oacute;cios no exterior. O racioc&iacute;nio leva em conta uma compara&ccedil;&atilde;o do desempenho esperado com o 2019, e n&atilde;o com 2020. Por este par&acirc;metro, o resultado ainda ser&aacute; de retra&ccedil;&atilde;o. <\/p>\n\n\n\n<p>Alguma recupera&ccedil;&atilde;o de fato deve &mdash; ou pode &mdash; ocorrer a partir de 2022, avalia Busch, que tamb&eacute;m &eacute; colunista do MIT Technology Review Brasil e executivo do mercado de CRM. Um <a href=\"https:\/\/www.mckinsey.com\/~\/media\/McKinsey\/Industries\/Retail\/Our%20Insights\/State%20of%20fashion\/2021\/The-State-of-Fashion-2021-vF.pdf\" class=\"rank-math-link\" target=\"_blank\" rel=\"noopener\">estudo da McKinsey<\/a>, uma das principais consultorias de neg&oacute;cios do planeta, refor&ccedil;a a a tese de que o pr&oacute;ximo ano  ser&aacute; de retra&ccedil;&atilde;o se comparado a 2019. Mesmo em um cen&aacute;rio positivo de crescimento de 5% em 2022, o setor de moda n&atilde;o ter&aacute; revertido os preju&iacute;zos acumulados nos tempos de pandemia.<\/p>\n\n\n\n<p>Para o executivo, quem quiser prosperar neste 2021 que est&aacute; chegando, deve focar em quatro pontos fundamentais. O primeiro, assinala, &eacute; o reconhecimento de que ainda haver&aacute; uma baixa circula&ccedil;&atilde;o de pessoas pelos ambientes comerciais, na compara&ccedil;&atilde;o com os &ldquo;tempos normais&rdquo;. Portanto, a demanda por consumo em lojas f&iacute;sicas e online tende a ser ainda inferior, principalmente no primeiro semestre. <\/p>\n\n\n\n<p>Desta forma uma quest&atilde;o fundamental em que os executivos devem investir &eacute; entender o perfil dos seus consumidores e trabalhar nas demais vari&aacute;veis da equa&ccedil;&atilde;o de vendas. Ou seja, se antes o varejo, por exemplo, trabalhava com 5% de convers&atilde;o, agora dever&aacute; investir mais tempo em an&aacute;lise e experi&ecirc;ncias dos consumidores, buscando aumentar este percentual. <\/p>\n\n\n\n<pre class=\"wp-block-verse\">Empresas que investirem mais em relacionamento, an\u00e1lise de dados e experi\u00eancia com seus consumidores ser\u00e3o as protagonistas de 2021, pois hoje vivemos a Era da Intelig\u00eancia e n\u00e3o mais a era da Digitaliza\u00e7\u00e3o.<\/pre>\n\n\n\n<p>Outro fator fundamental, como terceiro ponto de destaque, para a nossa sociedade, principalmente em decorr&ecirc;ncia da entrada de novas gera&ccedil;&otilde;es e pelo momento social que todos vivemos, &eacute; o prop&oacute;sito. Cada vez mais os consumidores ir&atilde;o se questionar qual o impacto que aquela marca estar&aacute; retornando a sociedade, qual o prop&oacute;sito da mesma, qual o sendo de apoio e justi&ccedil;a que aquela marca representa nos tempos atuais. Quem tiver de fato um prop&oacute;sito alinhado com os desejos da sociedade, e de fato realizar de forma verdadeira, ter&aacute; um grande apoio adicional dos seus consumidores e do mercado de maneira mais ampla.<\/p>\n\n\n\n<p>Com todo o contexto da pandemia em 2020, o ano de 2021 trar&aacute; ainda uma posi&ccedil;&atilde;o de menos consumo por parte das pessoas, agregando ainda conceitos de reutiliza&ccedil;&atilde;o consciente de produtos e assim por diante. Logo o volume do desejo pela compra por si ser&aacute; tamb&eacute;m menor.<\/p>\n\n\n\n<p>E o &uacute;ltimo ponto &eacute; com base no diferencial competitivo que as marcas e empresas trar&atilde;o com o uso da tecnologia. Uma jornada mais integrada, compartilhando informa&ccedil;&otilde;es pertinentes ao consumidor (para ter a aten&ccedil;&atilde;o do mesmo) com uso de marketing digital, oferta de mais conveni&ecirc;ncia s&atilde;o alguns dos bons usos que a tecnologia poder&aacute; trazer e diferenciar para as empresas. &ldquo;E o melhor &eacute; que, hoje, estes recursos tecnol&oacute;gicos est&atilde;o dispon&iacute;veis para qualquer tamanho de empresas. Pequenas ideias podem fazer grandes mudan&ccedil;as&rdquo;, finaliza.<\/p>\n","protected":false},"excerpt":{"rendered":"","protected":false},"author":1,"featured_media":11601,"comment_status":"open","ping_status":"open","sticky":false,"template":"","format":"standard","meta":{"tdm_status":"","tdm_grid_status":"","footnotes":"","jetpack_publicize_message":"","jetpack_publicize_feature_enabled":true,"jetpack_social_post_already_shared":true,"jetpack_social_options":{"image_generator_settings":{"template":"highway","enabled":false},"version":2}},"categories":[19,11,2293,16],"tags":[2289,532,2328],"class_list":{"0":"post-14674","1":"post","2":"type-post","3":"status-publish","4":"format-standard","5":"has-post-thumbnail","7":"category-insights","8":"category-cenarios","9":"category-em-2021","10":"category-tendencias-setores","11":"tag-em-2021","12":"tag-futuro-do-comercio","13":"tag-tendencias-de-negocios"},"jetpack_publicize_connections":[],"jetpack_featured_media_url":"https:\/\/radardofuturo.com.br\/test\/wp-content\/uploads\/2020\/07\/consumo-shopping-pandemia.jpeg","post_mailing_queue_ids":[],"_links":{"self":[{"href":"https:\/\/radardofuturo.com.br\/test\/wp-json\/wp\/v2\/posts\/14674","targetHints":{"allow":["GET"]}}],"collection":[{"href":"https:\/\/radardofuturo.com.br\/test\/wp-json\/wp\/v2\/posts"}],"about":[{"href":"https:\/\/radardofuturo.com.br\/test\/wp-json\/wp\/v2\/types\/post"}],"author":[{"embeddable":true,"href":"https:\/\/radardofuturo.com.br\/test\/wp-json\/wp\/v2\/users\/1"}],"replies":[{"embeddable":true,"href":"https:\/\/radardofuturo.com.br\/test\/wp-json\/wp\/v2\/comments?post=14674"}],"version-history":[{"count":0,"href":"https:\/\/radardofuturo.com.br\/test\/wp-json\/wp\/v2\/posts\/14674\/revisions"}],"wp:featuredmedia":[{"embeddable":true,"href":"https:\/\/radardofuturo.com.br\/test\/wp-json\/wp\/v2\/media\/11601"}],"wp:attachment":[{"href":"https:\/\/radardofuturo.com.br\/test\/wp-json\/wp\/v2\/media?parent=14674"}],"wp:term":[{"taxonomy":"category","embeddable":true,"href":"https:\/\/radardofuturo.com.br\/test\/wp-json\/wp\/v2\/categories?post=14674"},{"taxonomy":"post_tag","embeddable":true,"href":"https:\/\/radardofuturo.com.br\/test\/wp-json\/wp\/v2\/tags?post=14674"}],"curies":[{"name":"wp","href":"https:\/\/api.w.org\/{rel}","templated":true}]}}