{"id":1405,"date":"2018-06-29T21:08:14","date_gmt":"2018-06-30T00:08:14","guid":{"rendered":"https:\/\/radardofuturo.com.br\/?p=1405"},"modified":"2018-07-02T17:04:38","modified_gmt":"2018-07-02T20:04:38","slug":"contribuicao-sindical-fim-da-exigencia-tem-apoio-da-industria","status":"publish","type":"post","link":"https:\/\/radardofuturo.com.br\/test\/contribuicao-sindical-fim-da-exigencia-tem-apoio-da-industria\/","title":{"rendered":"Contribui\u00e7\u00e3o sindical: fim da exig\u00eancia tem apoio da ind\u00fastria"},"content":{"rendered":"<p>&nbsp;<\/p>\n<figure id=\"attachment_1406\" aria-describedby=\"caption-attachment-1406\" style=\"width: 850px\" class=\"wp-caption aligncenter\"><a href=\"https:\/\/radardofuturo.com.br\/test\/wp-content\/uploads\/2018\/06\/carteira-de-trabalho-emprego_850x566_Foto-Camila-Domingues-Pal%C3%A1cio-Piratini.jpg\"><img loading=\"lazy\" decoding=\"async\" class=\"size-full wp-image-1406\" src=\"https:\/\/radardofuturo.com.br\/test\/wp-content\/uploads\/2018\/06\/carteira-de-trabalho-emprego_850x566_Foto-Camila-Domingues-Pal%C3%A1cio-Piratini.jpg\" alt=\"Fim da contribui&ccedil;&atilde;o sindical &eacute; um posso importante para a moderniza&ccedil;&atilde;o da economia Foto: Camila Domingues\/ Pal&aacute;cio Piratini\" width=\"850\" height=\"566\" srcset=\"https:\/\/radardofuturo.com.br\/test\/wp-content\/uploads\/2018\/06\/carteira-de-trabalho-emprego_850x566_Foto-Camila-Domingues-Pal&aacute;cio-Piratini.jpg 850w, https:\/\/radardofuturo.com.br\/test\/wp-content\/uploads\/2018\/06\/carteira-de-trabalho-emprego_850x566_Foto-Camila-Domingues-Pal&aacute;cio-Piratini-300x200.jpg 300w, https:\/\/radardofuturo.com.br\/test\/wp-content\/uploads\/2018\/06\/carteira-de-trabalho-emprego_850x566_Foto-Camila-Domingues-Pal&aacute;cio-Piratini-768x511.jpg 768w, https:\/\/radardofuturo.com.br\/test\/wp-content\/uploads\/2018\/06\/carteira-de-trabalho-emprego_850x566_Foto-Camila-Domingues-Pal&aacute;cio-Piratini-480x320.jpg 480w\" sizes=\"auto, (max-width: 850px) 100vw, 850px\"><\/a><figcaption id=\"caption-attachment-1406\" class=\"wp-caption-text\">Para a Fiemg, a decis&atilde;o &eacute; um posso importante para a moderniza&ccedil;&atilde;o da economia brasileira<\/figcaption><\/figure>\n<p><!--more--><\/p>\n<p>Radar do Futuro<\/p>\n<p>Os sindicatos passar&atilde;o momentos dif&iacute;ceis nos pr&oacute;ximos meses. Muitos fechar&atilde;o as portas, sucumbindo a uma crise que j&aacute; vem sendo registrada nos &uacute;ltimos meses, principalmente entre entidades que representam os trabalhadores. O agravamento da crise foi tornado definitivo com a decis&atilde;o do Supremo Tribunal Federal (STF), por seis votos a tr&ecirc;s, de que a cobran&ccedil;a passa a ser facultativa com a reforma trabalhista, que est&aacute; em vigor desde novembro.<\/p>\n<p>Para Fl&aacute;vio Roscoe, presidente da Federa&ccedil;&atilde;o das Ind&uacute;strias do Estado de Minas Gerais, a iniciativa representa um sinal, mesmo que ele reconhe&ccedil;a que o momento de adapta&ccedil;&atilde;o ser&aacute; sentido por v&aacute;rias entidades. &ldquo;Fico feliz por que o supremo referendou a reforma trabalhista, pois ela &eacute; decisiva para a moderniza&ccedil;&atilde;o das leis e para a potencializa&ccedil;&atilde;o do Brasil gerar empregos&rdquo;, afirma.<\/p>\n<p>Para o l&iacute;der empresarial mineiro, &eacute; necess&aacute;rio tomar a&ccedil;&otilde;es que ratifiquem a seguran&ccedil;a jur&iacute;dica do pa&iacute;s. &ldquo;Precisamos ter seguran&ccedil;a jur&iacute;dica para que os investidores possam investir e gerar postos de trabalho&rdquo;, enfatiza.<\/p>\n<p>Roscoe afirmou que, em um primeiro momento, isso pode parecer negativo para os sindicatos, mas que &eacute; um passo importante para a reforma das rela&ccedil;&otilde;es de trabalho no Brasil. &ldquo;Est&aacute; na hora da sociedade organizada realizar escolhas que muitas vezes s&atilde;o dif&iacute;ceis para ela e, para termos um Brasil melhor, todos precisamos fazer sacrif&iacute;cios. Os sindicatos da ind&uacute;stria est&atilde;o dispostos a fazer isso e aceitaram bem o desafio do fim da contribui&ccedil;&atilde;o sindical&rdquo;, finalizou.<\/p>\n<h2>Federa&ccedil;&otilde;es sindicais<\/h2>\n<p>As dezenas de federa&ccedil;&otilde;es sindicais que recorreram ao STF alegam que o fim do imposto sindical obrigat&oacute;rio viola a Constitui&ccedil;&atilde;o, pois inviabiliza suas atividades por extinguir repentinamente a fonte de 80% de suas receitas. Para os sindicatos, o imposto somente poderia ser extinto por meio da aprova&ccedil;&atilde;o de uma lei complementar, e n&atilde;o uma lei ordin&aacute;ria, como foi aprovada a reforma.<\/p>\n<p>Durante o julgamento, a advogada-geral da Uni&atilde;o, Grace Mendon&ccedil;a, defendeu a manuten&ccedil;&atilde;o da lei. Segundo a ministra, a contribui&ccedil;&atilde;o sindical n&atilde;o &eacute; fonte essencial de custeio, e a CLT (Consolida&ccedil;&atilde;o das Leis Trabalhistas) prev&ecirc; a possibilidade de recolhimento de mensalidade e taxas assistenciais para o custear das entidades.<\/p>\n<p>&ldquo;Esse aprimoramento [da lei] &eacute; salutar para o Estado Democr&aacute;tico de Direito, que n&atilde;o inibiu, por parte das entidades, o seu direito de se estruturar e de se organizar. H&aacute; no Brasil, aproximadamente, 17 mil entidades sindicais, a revelar que essa liberdade sindical vem sendo bem observada&rdquo;, argumentou a advogada-geral da Uni&atilde;o.<\/p>\n<p>Com informa&ccedil;&otilde;es da Assessoria de Comunica&ccedil;&atilde;o da Fiemg e da Ag&ecirc;ncia Brasil<\/p>\n","protected":false},"excerpt":{"rendered":"<p>&nbsp;<\/p>\n","protected":false},"author":1,"featured_media":1406,"comment_status":"open","ping_status":"open","sticky":false,"template":"","format":"standard","meta":{"tdm_status":"","tdm_grid_status":"","footnotes":"","jetpack_publicize_message":"","jetpack_publicize_feature_enabled":true,"jetpack_social_post_already_shared":true,"jetpack_social_options":{"image_generator_settings":{"template":"highway","enabled":false},"version":2}},"categories":[565],"tags":[],"class_list":{"0":"post-1405","1":"post","2":"type-post","3":"status-publish","4":"format-standard","5":"has-post-thumbnail","7":"category-futuro-da-industria"},"jetpack_publicize_connections":[],"jetpack_featured_media_url":"https:\/\/radardofuturo.com.br\/test\/wp-content\/uploads\/2018\/06\/carteira-de-trabalho-emprego_850x566_Foto-Camila-Domingues-Pal\u00e1cio-Piratini.jpg","post_mailing_queue_ids":[],"_links":{"self":[{"href":"https:\/\/radardofuturo.com.br\/test\/wp-json\/wp\/v2\/posts\/1405","targetHints":{"allow":["GET"]}}],"collection":[{"href":"https:\/\/radardofuturo.com.br\/test\/wp-json\/wp\/v2\/posts"}],"about":[{"href":"https:\/\/radardofuturo.com.br\/test\/wp-json\/wp\/v2\/types\/post"}],"author":[{"embeddable":true,"href":"https:\/\/radardofuturo.com.br\/test\/wp-json\/wp\/v2\/users\/1"}],"replies":[{"embeddable":true,"href":"https:\/\/radardofuturo.com.br\/test\/wp-json\/wp\/v2\/comments?post=1405"}],"version-history":[{"count":0,"href":"https:\/\/radardofuturo.com.br\/test\/wp-json\/wp\/v2\/posts\/1405\/revisions"}],"wp:featuredmedia":[{"embeddable":true,"href":"https:\/\/radardofuturo.com.br\/test\/wp-json\/wp\/v2\/media\/1406"}],"wp:attachment":[{"href":"https:\/\/radardofuturo.com.br\/test\/wp-json\/wp\/v2\/media?parent=1405"}],"wp:term":[{"taxonomy":"category","embeddable":true,"href":"https:\/\/radardofuturo.com.br\/test\/wp-json\/wp\/v2\/categories?post=1405"},{"taxonomy":"post_tag","embeddable":true,"href":"https:\/\/radardofuturo.com.br\/test\/wp-json\/wp\/v2\/tags?post=1405"}],"curies":[{"name":"wp","href":"https:\/\/api.w.org\/{rel}","templated":true}]}}