{"id":14015,"date":"2020-11-03T15:30:16","date_gmt":"2020-11-03T18:30:16","guid":{"rendered":"https:\/\/radardofuturo.com.br\/?p=14015"},"modified":"2020-11-03T15:30:24","modified_gmt":"2020-11-03T18:30:24","slug":"o-que-esperar-da-industria-de-cosmeticos-no-pos-pandemia","status":"publish","type":"post","link":"https:\/\/radardofuturo.com.br\/test\/o-que-esperar-da-industria-de-cosmeticos-no-pos-pandemia\/","title":{"rendered":"O que esperar da ind\u00fastria de cosm\u00e9ticos no p\u00f3s-pandemia"},"content":{"rendered":"\n<figure class=\"wp-block-image size-large is-style-default\"><img loading=\"lazy\" decoding=\"async\" width=\"1024\" height=\"682\" src=\"https:\/\/radardofuturo.com.br\/test\/wp-content\/uploads\/2020\/11\/cosmeticos-batons-ilustracao-beleza-imagem-pixabay-1024x682.jpg\" alt=\"imagem ilustrativas batons e flores - Fonte: Pixabay\" class=\"wp-image-14016\" srcset=\"https:\/\/radardofuturo.com.br\/test\/wp-content\/uploads\/2020\/11\/cosmeticos-batons-ilustracao-beleza-imagem-pixabay-1024x682.jpg 1024w, https:\/\/radardofuturo.com.br\/test\/wp-content\/uploads\/2020\/11\/cosmeticos-batons-ilustracao-beleza-imagem-pixabay-300x200.jpg 300w, https:\/\/radardofuturo.com.br\/test\/wp-content\/uploads\/2020\/11\/cosmeticos-batons-ilustracao-beleza-imagem-pixabay-768x512.jpg 768w, https:\/\/radardofuturo.com.br\/test\/wp-content\/uploads\/2020\/11\/cosmeticos-batons-ilustracao-beleza-imagem-pixabay-696x464.jpg 696w, https:\/\/radardofuturo.com.br\/test\/wp-content\/uploads\/2020\/11\/cosmeticos-batons-ilustracao-beleza-imagem-pixabay.jpg 1280w\" sizes=\"auto, (max-width: 1024px) 100vw, 1024px\"><figcaption>O isolamento social engajou o consumidor com os pontos de venda online<\/figcaption><\/figure>\n\n\n\n<p><em>A crise mundial causada pela Covid-19 acelerou <a href=\"https:\/\/radardofuturo.com.br\/test\/ddof\/o-que-sao-tendencias\/\" target=\"_self\" title=\"Confira o que s&atilde;o tend&ecirc;ncias, os fatos ou fen&ocirc;menos que podem acontecer em algum momento adiante na hist&oacute;ria da sociedade, como um novo comportamento individual ou de um grupo\" class=\"encyclopedia\">tend&ecirc;ncias<\/a> que devem influenciar os lan&ccedil;amentos da ind&uacute;stria em 2021<\/em><\/p>\n\n\n\n<!--more-->\n\n\n\n<p><em>F&aacute;bio Yamamora<\/em><br><em>CEO da Yam&aacute; Cosm&eacute;ticos<\/em><\/p>\n\n\n\n<p>A crise causada pela Covid-19 transformou o padr&atilde;o de consumo global. A mudan&ccedil;a n&atilde;o afetou o interesse do consumidor nas novidades da ind&uacute;stria de cosm&eacute;ticos, mas acelerou novas demandas que j&aacute; estavam no horizonte das equipes de P&amp;D e Marketing. Mesmo antes da pandemia, o mundo passava por uma redefini&ccedil;&atilde;o de um conceito de beleza global que privilegia a aceita&ccedil;&atilde;o e o bem-estar. Assim, o autocuidado dever&aacute; consolidar o protagonismo nos lan&ccedil;amentos da ind&uacute;stria para 2021. Saiba o que ser&aacute; destaque nos eventos mundiais da beleza no p&oacute;s-pandemia.<\/p>\n\n\n\n<h2 class=\"wp-block-heading\"><strong>Compra Engajada<\/strong><\/h2>\n\n\n\n<p>O isolamento social engajou o consumidor com os pontos de venda online. As marcas devem priorizar os canais digitais &ndash; websites, vendas por m&iacute;dias sociais e plataformas de compra para atender aos clientes &ndash; e isso muda tudo. O processo de compra online permite com que o consumidor pesquise sobre a empresa, sobre os princ&iacute;pios ativos, sobre as iniciativas sociais que a marca desenvolve e que ser&atilde;o decisivas para fechar neg&oacute;cio. Em outras palavras, o processo de compra se torna muito mais engajado e, para al&eacute;m dos benef&iacute;cios do produto, o novo-consumidor evita a superficialidade e que o seu investimento n&atilde;o seja em v&atilde;o.<\/p>\n\n\n\n<h2 class=\"wp-block-heading\">Fa&ccedil;a Voc&ecirc; Mesmo<\/h2>\n\n\n\n<p>A pandemia diminuiu o poder de compra de muitas fam&iacute;lias e, com isso, muitos consumidores passaram realizar alguns procedimentos em casa. A tend&ecirc;ncia do Fa&ccedil;a Voc&ecirc; Mesmo n&atilde;o vai tomar o servi&ccedil;o de profissionais da beleza, ao inv&eacute;s disso dever&aacute; guiar lan&ccedil;amentos em 2021 que apostem na customiza&ccedil;&atilde;o de produtos. Por exemplo, ampolas com princ&iacute;pios ativos que podem ser misturados com o creme-base de acordo com a necessidade de cada um, ou f&oacute;rmulas compat&iacute;veis que possam ser misturadas para criar produtos exclusivos &ndash; seja pela cor, benef&iacute;cios ou texturas. O fato &eacute; que a jornada de autodescobrimento das pessoas durante a pandemia se reflete no desejo de decidir sobre aquilo que &eacute; melhor para evidenciar a pr&oacute;pria beleza &ndash; seja na vida pessoal ou nos produtos que aplica na pele e nos cabelos.<\/p>\n\n\n\n<h2 class=\"wp-block-heading\"><strong>Pesquisa e Laborat&oacute;rio<\/strong><\/h2>\n\n\n\n<p>O trabalho da ci&ecirc;ncia nunca foi acompanhado t&atilde;o de perto pelo grande p&uacute;blico. A pandemia evidenciou o valor do trabalho da ci&ecirc;ncia &ndash; inclusive, dos qu&iacute;micos que desenvolvem um trabalho nos laborat&oacute;rios da ind&uacute;stria de cosm&eacute;ticos. Com isso, junto a utiliza&ccedil;&atilde;o de princ&iacute;pios ativos naturais e org&acirc;nicos, h&aacute; o crescente interesse em integrar tais ingredientes com mat&eacute;rias-primas desenvolvidas em laborat&oacute;rio &ndash; &aacute;cidos, mol&eacute;culas, nanopart&iacute;culas e vitaminas estabilizadas gra&ccedil;as &agrave; inova&ccedil;&atilde;o tecnol&oacute;gica de ponta.<\/p>\n\n\n\n<p>Com os principais eventos da ind&uacute;stria da beleza adiados para 2021, o pr&oacute;ximo ano dever&aacute; ser um marco de inova&ccedil;&atilde;o tecnol&oacute;gica para o segmento e decisivo para a recupera&ccedil;&atilde;o financeira das empresas do segmento. Contudo, &eacute; certo que os cuidados com o bem-estar e apar&ecirc;ncia n&atilde;o perderam espa&ccedil;o com o trabalho remoto ou no novo normal&ndash; as pessoas querem se sentir bem consigo mesmas mesmo que seja para uma reuni&atilde;o online ou uma ida ao supermercado. Cabe a ind&uacute;stria, ouvir os consumidores e se preparar para um novo posicionamento de marca.<\/p>\n","protected":false},"excerpt":{"rendered":"<p>A crise mundial causada pela Covid-19 acelerou <a href=\"https:\/\/radardofuturo.com.br\/test\/ddof\/o-que-sao-tendencias\/\" target=\"_self\" title=\"Confira o que s&atilde;o tend&ecirc;ncias, os fatos ou fen&ocirc;menos que podem acontecer em algum momento adiante na hist&oacute;ria da sociedade, como um novo comportamento individual ou de um grupo\" class=\"encyclopedia\">tend&ecirc;ncias<\/a> que devem influenciar os lan&ccedil;amentos da ind&uacute;stria em 2021<\/p>\n","protected":false},"author":1,"featured_media":14016,"comment_status":"open","ping_status":"open","sticky":false,"template":"","format":"standard","meta":{"tdm_status":"","tdm_grid_status":"","footnotes":"","jetpack_publicize_message":"","jetpack_publicize_feature_enabled":true,"jetpack_social_post_already_shared":true,"jetpack_social_options":{"image_generator_settings":{"template":"highway","enabled":false},"version":2}},"categories":[19,36],"tags":[2254,2255],"class_list":{"0":"post-14015","1":"post","2":"type-post","3":"status-publish","4":"format-standard","5":"has-post-thumbnail","7":"category-insights","8":"category-pensadores-futuro","9":"tag-futuro-da-industria-de-cosmeticos","10":"tag-tendencias-do-setor-de-cosmeticos"},"jetpack_publicize_connections":[],"jetpack_featured_media_url":"https:\/\/radardofuturo.com.br\/test\/wp-content\/uploads\/2020\/11\/cosmeticos-batons-ilustracao-beleza-imagem-pixabay.jpg","post_mailing_queue_ids":[],"_links":{"self":[{"href":"https:\/\/radardofuturo.com.br\/test\/wp-json\/wp\/v2\/posts\/14015","targetHints":{"allow":["GET"]}}],"collection":[{"href":"https:\/\/radardofuturo.com.br\/test\/wp-json\/wp\/v2\/posts"}],"about":[{"href":"https:\/\/radardofuturo.com.br\/test\/wp-json\/wp\/v2\/types\/post"}],"author":[{"embeddable":true,"href":"https:\/\/radardofuturo.com.br\/test\/wp-json\/wp\/v2\/users\/1"}],"replies":[{"embeddable":true,"href":"https:\/\/radardofuturo.com.br\/test\/wp-json\/wp\/v2\/comments?post=14015"}],"version-history":[{"count":0,"href":"https:\/\/radardofuturo.com.br\/test\/wp-json\/wp\/v2\/posts\/14015\/revisions"}],"wp:featuredmedia":[{"embeddable":true,"href":"https:\/\/radardofuturo.com.br\/test\/wp-json\/wp\/v2\/media\/14016"}],"wp:attachment":[{"href":"https:\/\/radardofuturo.com.br\/test\/wp-json\/wp\/v2\/media?parent=14015"}],"wp:term":[{"taxonomy":"category","embeddable":true,"href":"https:\/\/radardofuturo.com.br\/test\/wp-json\/wp\/v2\/categories?post=14015"},{"taxonomy":"post_tag","embeddable":true,"href":"https:\/\/radardofuturo.com.br\/test\/wp-json\/wp\/v2\/tags?post=14015"}],"curies":[{"name":"wp","href":"https:\/\/api.w.org\/{rel}","templated":true}]}}