{"id":13782,"date":"2020-10-25T12:57:27","date_gmt":"2020-10-25T15:57:27","guid":{"rendered":"https:\/\/radardofuturo.com.br\/?p=13782"},"modified":"2020-11-03T07:10:31","modified_gmt":"2020-11-03T10:10:31","slug":"o-trabalho-em-2025-weforum-aponta-cenario-de-precarizacao-veloz","status":"publish","type":"post","link":"https:\/\/radardofuturo.com.br\/test\/o-trabalho-em-2025-weforum-aponta-cenario-de-precarizacao-veloz\/","title":{"rendered":"O trabalho em 2025: WEForum aponta cen\u00e1rio de precariza\u00e7\u00e3o veloz"},"content":{"rendered":"\n<figure class=\"wp-block-image size-large is-style-default\"><img loading=\"lazy\" decoding=\"async\" width=\"1024\" height=\"683\" src=\"https:\/\/radardofuturo.com.br\/test\/wp-content\/uploads\/2020\/10\/covid-acelera-o-uso-de-tecnologias-arlington-research-unsplash-1024x683.jpg\" alt=\"duas mulheres e um homem trabalhando em frente a v&aacute;rios computadores\" class=\"wp-image-13801\" srcset=\"https:\/\/radardofuturo.com.br\/test\/wp-content\/uploads\/2020\/10\/covid-acelera-o-uso-de-tecnologias-arlington-research-unsplash-1024x683.jpg 1024w, https:\/\/radardofuturo.com.br\/test\/wp-content\/uploads\/2020\/10\/covid-acelera-o-uso-de-tecnologias-arlington-research-unsplash-300x200.jpg 300w, https:\/\/radardofuturo.com.br\/test\/wp-content\/uploads\/2020\/10\/covid-acelera-o-uso-de-tecnologias-arlington-research-unsplash-768x513.jpg 768w, https:\/\/radardofuturo.com.br\/test\/wp-content\/uploads\/2020\/10\/covid-acelera-o-uso-de-tecnologias-arlington-research-unsplash-1536x1025.jpg 1536w, https:\/\/radardofuturo.com.br\/test\/wp-content\/uploads\/2020\/10\/covid-acelera-o-uso-de-tecnologias-arlington-research-unsplash-2048x1367.jpg 2048w, https:\/\/radardofuturo.com.br\/test\/wp-content\/uploads\/2020\/10\/covid-acelera-o-uso-de-tecnologias-arlington-research-unsplash-696x464.jpg 696w, https:\/\/radardofuturo.com.br\/test\/wp-content\/uploads\/2020\/10\/covid-acelera-o-uso-de-tecnologias-arlington-research-unsplash-1392x929.jpg 1392w\" sizes=\"auto, (max-width: 1024px) 100vw, 1024px\"><figcaption>A pandemia criou as condi&ccedil;&otilde;es para a ado&ccedil;&atilde;o acelerada e feroz das tecnologias, que v&atilde;o causar grande impactos nos empregos nos pr&oacute;ximos anos<\/figcaption><\/figure>\n\n\n\n<p>Segundo o F&oacute;rum Econ&ocirc;mico Mundial, a pandemia mostrou que as empresas est&atilde;o prontas para acelerar a <a href=\"https:\/\/radardofuturo.com.br\/test\/ddof\/digitalizacao\/\" target=\"_self\" title=\"Digitaliza&ccedil;&atilde;o &eacute; o processo que transforma coisas anal&oacute;gicas, ou seja, algo com exist&ecirc;ncia f&iacute;sica, como um documento, uma foto, um disco de vinil ou seu ambiente de trabalho, em sistemas ou recursos acess&iacute;veis por computador.\" class=\"encyclopedia\">digitaliza&ccedil;&atilde;o<\/a> de processos de trabalho<\/p>\n\n\n\n<!--more-->\n\n\n\n<p>Carlos Pl&aacute;cido Teixeira<br>Jornalista I Radar do Futuro<\/p>\n\n\n\n<p>A destrui&ccedil;&atilde;o de empregos est&aacute; prestes a afetar, com ferocidade nunca vista antes, os trabalhadores mais vulner&aacute;veis, especialmente, mas n&atilde;o s&oacute;, os de baixa qualifica&ccedil;&atilde;o. O alerta sobre a acelera&ccedil;&atilde;o das mudan&ccedil;as no mercado de trabalho faz parte das conclus&otilde;es da &ldquo;Pesquisa Sobre o Futuro do Emprego de 2020&rdquo;, elaborada pelo F&oacute;rum Econ&ocirc;mico Mundial (<a href=\"http:\/\/www3.weforum.org\/docs\/WEF_Future_of_Jobs_2020.pdf\" class=\"rank-math-link\" target=\"_blank\" rel=\"noopener\">WEForum<\/a>). A consulta a lideran&ccedil;as empresariais de 15 setores e 26 pa&iacute;ses sobre as perspectivas do mercado de trabalho e sobre os impactos da pandemia em rela&ccedil;&atilde;o &agrave;s decis&otilde;es de investimento revela a crescente gravidade do cen&aacute;rio dos pr&oacute;ximos anos, at&eacute; 2025.<\/p>\n\n\n\n<p>O estudo conclui que as transforma&ccedil;&otilde;es do sistema produtivo v&atilde;o obrigar os governos a criar iniciativas urgentes de suporte &agrave; popula&ccedil;&atilde;o que tende a perder seus empregos. S&atilde;o alternativas de apoio e reciclagem para que os trabalhadores voltem a ter oportunidades de acesso a recursos de subsist&ecirc;ncia. As iniciativas ser&atilde;o essenciais porque a pandemia mostrou que as empresas est&atilde;o prontas &mdash; e decididas &mdash; para acelerar a <a href=\"https:\/\/radardofuturo.com.br\/test\/ddof\/digitalizacao\/\" target=\"_self\" title=\"Digitaliza&ccedil;&atilde;o &eacute; o processo que transforma coisas anal&oacute;gicas, ou seja, algo com exist&ecirc;ncia f&iacute;sica, como um documento, uma foto, um disco de vinil ou seu ambiente de trabalho, em sistemas ou recursos acess&iacute;veis por computador.\" class=\"encyclopedia\">digitaliza&ccedil;&atilde;o<\/a> de processos de gest&atilde;o e de produ&ccedil;&atilde;o e de expans&atilde;o, inclusive do controle remoto do trabalho, assim como a automa&ccedil;&atilde;o de tarefas dentro das organiza&ccedil;&otilde;es. <\/p>\n\n\n\n<p>O v&iacute;rus deu velocidade para a ado&ccedil;&atilde;o de mudan&ccedil;as que seriam implantadas paulatinamente nos pr&oacute;ximos anos. Os  avan&ccedil;os tecnol&oacute;gicos, que pareciam estar na inf&acirc;ncia em edi&ccedil;&otilde;es anteriores dos relat&oacute;rios, amadureceram e foram impulsionados pela recess&atilde;o gerada pela Covid-19. O tom de gravidade sobre a situa&ccedil;&atilde;o tende a confirmar as proje&ccedil;&otilde;es mais pessimistas de especialistas sobre o mercado de trabalho. Como o soci&oacute;logo do trabalho Ricardo Antunes, professor titular no Instituto de Filosofia e Ci&ecirc;ncias Humanas da Unicamp. <\/p>\n\n\n\n<p>Reconhecido internacionalmente como um dos principais estudiosos do tema, ele avalia que h&aacute; um <a href=\"https:\/\/radardofuturo.com.br\/test\/como-se-trama-a-uberizacao-total\/\" class=\"rank-math-link\">processo em curso de degrada&ccedil;&atilde;o das condi&ccedil;&otilde;es de trabalho<\/a>, dos direitos sociais, das organiza&ccedil;&otilde;es sindicais, enfim, da vida dos trabalhadores e da sociedade por completo. &ldquo;Aquilo que era ainda embri&atilde;o ou tend&ecirc;ncia, que o olho agudo dos estudiosos conseguia captar nos seus primeiros movimentos e alguns leitores poderiam tratar como simples conjecturas e previs&otilde;es para um futuro distante, foi n&atilde;o apenas se confirmando, mas tamb&eacute;m revelando facetas ainda mais assustadoras e degradantes&rdquo;, afirma em suas entrevistas. <\/p>\n\n\n\n<p>O soci&oacute;logo Ricardo Antunes acredita que, se as <a href=\"https:\/\/radardofuturo.com.br\/test\/ddof\/o-que-sao-tendencias\/\" target=\"_self\" title=\"Confira o que s&atilde;o tend&ecirc;ncias, os fatos ou fen&ocirc;menos que podem acontecer em algum momento adiante na hist&oacute;ria da sociedade, como um novo comportamento individual ou de um grupo\" class=\"encyclopedia\">tend&ecirc;ncias<\/a> do pr&eacute;-crise forem seguidas, &eacute; poss&iacute;vel esperar um mundo do trabalho altamente permeado pela tecnologia da informa&ccedil;&atilde;o e da comunica&ccedil;&atilde;o, mas com altos &iacute;ndices de informalidade, pejotiza&ccedil;&atilde;o e terceiriza&ccedil;&atilde;o. Cr&iacute;tico do senso comum que prega a sa&iacute;da pela uberiza&ccedil;&atilde;o ou empreendedorismo, ele acredita que o efeito nos pr&oacute;ximos anos sobre as atividades dos trabalhadores ser&aacute; o aumento da rela&ccedil;&otilde;es prec&aacute;rias dos atuais 40% de informaliza&ccedil;&atilde;o para algo como 50% e 60%. <\/p>\n\n\n\n<p>As atividades do mercado ser&atilde;o divididas em dois grupos. Um com profissionais altamente qualificados, que manter&atilde;o seus direitos e a renda. E uma massa grande de pessoas sem qualquer prote&ccedil;&atilde;o, dependentes dos humores do mercado para conseguir alguma remunera&ccedil;&atilde;o que garanta a sobreviv&ecirc;ncia. Para Ricardo Antunes, a tend&ecirc;ncia em evid&ecirc;ncia, globalmente, inclusive em pa&iacute;ses asi&aacute;ticos, &eacute; de uma diminui&ccedil;&atilde;o muito grande das oportunidades de trabalho, com cortes de empregos e utiliza&ccedil;&atilde;o de mecanismos de precariza&ccedil;&atilde;o. <\/p>\n\n\n\n<h2 class=\"wp-block-heading\">Tend&ecirc;ncias <\/h2>\n\n\n\n<p>Entender at&eacute; que ponto a automa&ccedil;&atilde;o e a demanda do trabalho humano afetar&atilde;o os n&uacute;meros atuais de empregos n&atilde;o representa, para o F&oacute;rum Econ&ocirc;mico Mundial, a quest&atilde;o mais relevante para as empresas, governos e indiv&iacute;duos. Mais que o monitoramento de indicadores, ser&aacute; necess&aacute;rio avaliar as condi&ccedil;&otilde;es em que o mercado de trabalho global pode ser apoiado para um novo equil&iacute;brio na divis&atilde;o de trabalho entre trabalhadores humanos, rob&ocirc;s e algoritmos&rdquo;. H&aacute; o reconhecimento de que os problemas s&atilde;o crescentes e, conforme os n&uacute;meros do desemprego aumentam, cada vez h&aacute; maior urg&ecirc;ncia em expandir a prote&ccedil;&atilde;o social, incluindo apoio para reciclagem tanto dos que est&atilde;o empregados em atividades em risco quanto para os desempregados.<\/p>\n\n\n\n<p>Na aus&ecirc;ncia de esfor&ccedil;os de antecipa&ccedil;&atilde;o ou atenua&ccedil;&atilde;o da crise, a desigualdade provavelmente ser&aacute; exacerbada. Os empregos ocupados por trabalhadores com sal&aacute;rios mais baixos, mulheres e trabalhadores mais jovens foram afetados de forma mais profunda na primeira fase da contra&ccedil;&atilde;o econ&ocirc;mica. Comparando o impacto da Crise Financeira Global de 2008 em indiv&iacute;duos com n&iacute;veis de educa&ccedil;&atilde;o mais baixos com os efeitos da crise do Covid-19, o impacto hoje &eacute; muito mais significativo e tem maior probabilidade de aprofundar as desigualdades existentes.<\/p>\n\n\n\n<div class=\"wp-block-columns is-layout-flex wp-container-core-columns-is-layout-9d6595d7 wp-block-columns-is-layout-flex\">\n<div class=\"wp-block-column is-layout-flow wp-block-column-is-layout-flow\">\n<h2 class=\"has-vivid-green-cyan-color has-text-color wp-block-heading\">Demanda em alta<\/h2>\n\n\n\n<ol class=\"wp-block-list\"><li>Analistas e cientistas de dados<\/li><li>Especialistas em intelig&ecirc;ncia artificial e aprendizado de m&aacute;quina<\/li><li>Especialistas em big data<\/li><li>Especialistas em marketing digital e estrategistas<\/li><li>Especialistas em automa&ccedil;&atilde;o de processos<\/li><li>Profissionais de desenvolvimento de neg&oacute;cios<\/li><li>Especialistas em transforma&ccedil;&atilde;o digital<\/li><li>Analistas de seguran&ccedil;a da informa&ccedil;&atilde;o<\/li><li>Desenvolvedores de softwares e aplicativos<\/li><li>Especialistas em internet das coisas<\/li><\/ol>\n<\/div>\n\n\n\n<div class=\"wp-block-column is-layout-flow wp-block-column-is-layout-flow\">\n<h2 class=\"has-vivid-red-color has-text-color wp-block-heading\">Demanda em queda<\/h2>\n\n\n\n<ol class=\"wp-block-list\"><li>Digitadores<\/li><li>Secret&aacute;rias administrativas e executivas<\/li><li>Auxiliares de escrit&oacute;rio, contabilidade e administra&ccedil;&atilde;o<\/li><li>Contadores e auditores<\/li><li>Trabalhadores de linhas de montagem e f&aacute;brica<\/li><li>Servi&ccedil;os de neg&oacute;cios e gestores administrativos<\/li><li>Informa&ccedil;&atilde;o ao cliente e atendentes aos clientes<\/li><li>Gerentes gerais e operacionais<\/li><li>Reparadores de m&aacute;quinas e mec&acirc;nicos<\/li><li>Controladores de estoques <\/li><\/ol>\n\n\n\n<p><\/p>\n<\/div>\n<\/div>\n\n\n\n<p>Segundo a pesquisa do WEFotum, os empregadores esperam que, at&eacute; 2025, fun&ccedil;&otilde;es cada vez mais redundantes diminuir&atilde;o de 15,4% do total da for&ccedil;a de trabalho para 9%, com queda de 6,4%. As profiss&otilde;es emergentes crescer&atilde;o de 7,8% para 13,5% de participa&ccedil;&atilde;o, com crescimento de 5,7%, do total de funcion&aacute;rios da base de respondentes da empresa. Com base nestes n&uacute;meros, os respons&aacute;veis pela pesquisa fazem um c&aacute;lculo com certa dose de otimismo. Eles estimam que, at&eacute; 2025, 85 milh&otilde;es de empregos podem ser impactados por uma mudan&ccedil;a na divis&atilde;o do trabalho entre humanos e m&aacute;quinas, enquanto 97 milh&otilde;es podem ganhar novas fun&ccedil;&otilde;es que s&atilde;o mais adaptadas para a nova divis&atilde;o de trabalho entre humanos, m&aacute;quinas e algoritmos.<\/p>\n\n\n\n<p>Na pr&aacute;tica, isso significa o corte de milh&otilde;es de empregos de secret&aacute;rias, operadores de m&aacute;quinas, auxiliares de escrit&oacute;rios, contadores e auditores. Compensado pelo treinamento deste mesmo pessoal para assumir fun&ccedil;&otilde;es como desenvolvedores de softwares, especialistas em internet das coisas, em automa&ccedil;&atilde;o e seguran&ccedil;a da informa&ccedil;&atilde;o. Quarenta e tr&ecirc;s por cento das empresas pesquisadas indicam que v&atilde;o reduzir sua for&ccedil;a de trabalho devido &agrave; integra&ccedil;&atilde;o de tecnologia, 41% planejam expandir o uso de contratados para tarefas especializadas e 34% planejam expandir sua for&ccedil;a de trabalho devido &agrave; integra&ccedil;&atilde;o de tecnologia.&nbsp;<\/p>\n\n\n\n<p>Em 2025, o tempo gasto em tarefas atuais no trabalho por humanos e m&aacute;quinas ser&aacute; igual.&nbsp;Uma parcela significativa das empresas tamb&eacute;m espera fazer mudan&ccedil;as nos locais, em suas cadeias de valor e no tamanho de sua for&ccedil;a de trabalho devido a fatores al&eacute;m da tecnologia nos pr&oacute;ximos cinco anos. De acordo com o estudo, &ldquo;na pr&oacute;xima d&eacute;cada, uma parcela n&atilde;o desprez&iacute;vel dos empregos rec&eacute;m-criados ser&aacute; de ocupa&ccedil;&otilde;es totalmente novas ou de ocupa&ccedil;&otilde;es existentes passando por transforma&ccedil;&otilde;es significativas em termos de conte&uacute;do e requisitos de habilidades&rdquo;. As fun&ccedil;&otilde;es com demanda crescente incluem analistas de dados e cientistas, especialistas em IA e aprendizado de m&aacute;quina, engenheiros de rob&oacute;tica, desenvolvedores de software e aplicativos e especialistas em transforma&ccedil;&atilde;o digital. <\/p>\n\n\n\n<p>Em algumas dessas profiss&otilde;es emergentes ser&atilde;o mais f&aacute;ceis de entrar do que outras.&nbsp;Isso inclui dados e intelig&ecirc;ncia artificial, desenvolvimento de produto e computa&ccedil;&atilde;o em nuvem, onde as transi&ccedil;&otilde;es &ldquo;n&atilde;o requerem uma combina&ccedil;&atilde;o completa de habilidades entre a origem e a ocupa&ccedil;&atilde;o de destino&rdquo;, de acordo com o relat&oacute;rio. Mas alguns grupos de empregos de amanh&atilde; permanecem mais &ldquo;fechados&rdquo; e tendem a recrutar pessoal com um conjunto de habilidades muito espec&iacute;fico.<\/p>\n\n\n\n<h2 class=\"wp-block-heading\">Adapta&ccedil;&otilde;es<\/h2>\n\n\n\n<p>O futuro do trabalho tamb&eacute;m j&aacute; chegou para a grande maioria da for&ccedil;a de trabalho de colarinho branco online. Oitenta e quatro por cento dos empregadores est&atilde;o preparados para digitalizar rapidamente os processos de trabalho, incluindo uma expans&atilde;o significativa do trabalho remoto &ndash; com potencial para mover 44% de sua for&ccedil;a de trabalho para operar remotamente. Para lidar com as preocupa&ccedil;&otilde;es sobre produtividade e bem-estar, cerca de um ter&ccedil;o de todos os empregadores espera tamb&eacute;m tomar medidas para criar um senso de comunidade, conex&atilde;o e pertencimento entre os funcion&aacute;rios por meio de ferramentas digitais e para enfrentar os desafios de bem-estar colocados pela mudan&ccedil;a para trabalho remoto.<\/p>\n\n\n\n<p>Na corrida pela requalifica&ccedil;&atilde;o, a aprendizagem e a forma&ccedil;&atilde;o online aumentam, mas parecem diferentes para quem trabalha e para quem est&aacute; desempregado. Houve um aumento de quatro vezes no n&uacute;mero de indiv&iacute;duos que procuram oportunidades de aprendizagem online por sua pr&oacute;pria iniciativa. Em contrapartida, os empregadores ampliaram em cinco vezes a oferta das oportunidades de forma&ccedil;&atilde;o. E um aumento de nove vezes nas matr&iacute;culas para alunos que acessam programas governamentais de atualiza&ccedil;&atilde;o. <\/p>\n\n\n\n<p>Os empregados est&atilde;o dando maior &ecirc;nfase aos cursos de desenvolvimento pessoal, que tiveram um crescimento de 88% entre essa popula&ccedil;&atilde;o. Aqueles que est&atilde;o desempregados deram maior &ecirc;nfase ao aprendizado de habilidades digitais, como an&aacute;lise de dados, ci&ecirc;ncia da computa&ccedil;&atilde;o e tecnologia da informa&ccedil;&atilde;o.<\/p>\n","protected":false},"excerpt":{"rendered":"<p>Segundo o F&oacute;rum Econ&ocirc;mico Mundial, a pandemia mostrou que as empresas est&atilde;o prontas para acelerar a <a href=\"https:\/\/radardofuturo.com.br\/test\/ddof\/digitalizacao\/\" target=\"_self\" title=\"Digitaliza&ccedil;&atilde;o &eacute; o processo que transforma coisas anal&oacute;gicas, ou seja, algo com exist&ecirc;ncia f&iacute;sica, como um documento, uma foto, um disco de vinil ou seu ambiente de trabalho, em sistemas ou recursos acess&iacute;veis por computador.\" class=\"encyclopedia\">digitaliza&ccedil;&atilde;o<\/a> de processos de trabalho<\/p>\n","protected":false},"author":1,"featured_media":13801,"comment_status":"open","ping_status":"open","sticky":false,"template":"","format":"standard","meta":{"tdm_status":"","tdm_grid_status":"","footnotes":"","jetpack_publicize_message":"","jetpack_publicize_feature_enabled":true,"jetpack_social_post_already_shared":true,"jetpack_social_options":{"image_generator_settings":{"template":"highway","enabled":false},"version":2}},"categories":[20,23,14,36],"tags":[154,2240],"class_list":{"0":"post-13782","1":"post","2":"type-post","3":"status-publish","4":"format-standard","5":"has-post-thumbnail","7":"category-destaques","8":"category-carlos-placido-teixeira","9":"category-mercado-de-trabalho","10":"category-pensadores-futuro","11":"tag-futuro-do-trabalho","12":"tag-trabalho-em-2025"},"jetpack_publicize_connections":[],"jetpack_featured_media_url":"https:\/\/radardofuturo.com.br\/test\/wp-content\/uploads\/2020\/10\/covid-acelera-o-uso-de-tecnologias-arlington-research-unsplash-scaled.jpg","post_mailing_queue_ids":[],"_links":{"self":[{"href":"https:\/\/radardofuturo.com.br\/test\/wp-json\/wp\/v2\/posts\/13782","targetHints":{"allow":["GET"]}}],"collection":[{"href":"https:\/\/radardofuturo.com.br\/test\/wp-json\/wp\/v2\/posts"}],"about":[{"href":"https:\/\/radardofuturo.com.br\/test\/wp-json\/wp\/v2\/types\/post"}],"author":[{"embeddable":true,"href":"https:\/\/radardofuturo.com.br\/test\/wp-json\/wp\/v2\/users\/1"}],"replies":[{"embeddable":true,"href":"https:\/\/radardofuturo.com.br\/test\/wp-json\/wp\/v2\/comments?post=13782"}],"version-history":[{"count":0,"href":"https:\/\/radardofuturo.com.br\/test\/wp-json\/wp\/v2\/posts\/13782\/revisions"}],"wp:featuredmedia":[{"embeddable":true,"href":"https:\/\/radardofuturo.com.br\/test\/wp-json\/wp\/v2\/media\/13801"}],"wp:attachment":[{"href":"https:\/\/radardofuturo.com.br\/test\/wp-json\/wp\/v2\/media?parent=13782"}],"wp:term":[{"taxonomy":"category","embeddable":true,"href":"https:\/\/radardofuturo.com.br\/test\/wp-json\/wp\/v2\/categories?post=13782"},{"taxonomy":"post_tag","embeddable":true,"href":"https:\/\/radardofuturo.com.br\/test\/wp-json\/wp\/v2\/tags?post=13782"}],"curies":[{"name":"wp","href":"https:\/\/api.w.org\/{rel}","templated":true}]}}