{"id":1332,"date":"2018-06-20T13:56:29","date_gmt":"2018-06-20T16:56:29","guid":{"rendered":"https:\/\/radardofuturo.com.br\/?p=1332"},"modified":"2018-06-20T13:56:29","modified_gmt":"2018-06-20T16:56:29","slug":"empresarios-buscam-cooperacao-para-ampliar-a-competitividade","status":"publish","type":"post","link":"https:\/\/radardofuturo.com.br\/test\/empresarios-buscam-cooperacao-para-ampliar-a-competitividade\/","title":{"rendered":"Empres\u00e1rios buscam coopera\u00e7\u00e3o para ampliar a competitividade"},"content":{"rendered":"<figure id=\"attachment_1333\" aria-describedby=\"caption-attachment-1333\" style=\"width: 1024px\" class=\"wp-caption aligncenter\"><a href=\"https:\/\/radardofuturo.com.br\/test\/wp-content\/uploads\/2018\/06\/delegacao-de-industriais-visita-a-alemanha-para-conhecer-o-ecossistema-de-inovacao.jpeg\"><img loading=\"lazy\" decoding=\"async\" class=\"size-large wp-image-1333\" src=\"https:\/\/radardofuturo.com.br\/test\/wp-content\/uploads\/2018\/06\/delegacao-de-industriais-visita-a-alemanha-para-conhecer-o-ecossistema-de-inovacao-1024x674.jpeg\" alt=\"Presidente da Fiemg, Fl&aacute;vio Roscoe, integra Programa de Imers&otilde;es de Inova&ccedil;&atilde;o na Alemanha foto: Fiemg\" width=\"1024\" height=\"674\" srcset=\"https:\/\/radardofuturo.com.br\/test\/wp-content\/uploads\/2018\/06\/delegacao-de-industriais-visita-a-alemanha-para-conhecer-o-ecossistema-de-inovacao-1024x674.jpeg 1024w, https:\/\/radardofuturo.com.br\/test\/wp-content\/uploads\/2018\/06\/delegacao-de-industriais-visita-a-alemanha-para-conhecer-o-ecossistema-de-inovacao-300x197.jpeg 300w, https:\/\/radardofuturo.com.br\/test\/wp-content\/uploads\/2018\/06\/delegacao-de-industriais-visita-a-alemanha-para-conhecer-o-ecossistema-de-inovacao-768x505.jpeg 768w, https:\/\/radardofuturo.com.br\/test\/wp-content\/uploads\/2018\/06\/delegacao-de-industriais-visita-a-alemanha-para-conhecer-o-ecossistema-de-inovacao.jpeg 1280w\" sizes=\"auto, (max-width: 1024px) 100vw, 1024px\"><\/a><figcaption id=\"caption-attachment-1333\" class=\"wp-caption-text\">Presidente da Fiemg, Fl&aacute;vio Roscoe, integra Programa de Imers&otilde;es de Inova&ccedil;&atilde;o na Alemanha<\/figcaption><\/figure>\n<p><!--more--><\/p>\n<p><em>Radar do Futuro<\/em><\/p>\n<p>O presidente do Sistema FIEMG, Fl&aacute;vio Roscoe est&aacute; na Alemanha onde participa de uma delega&ccedil;&atilde;o do programa de Programa de Imers&otilde;es em Ecossistemas de Inova&ccedil;&atilde;o coordenado pela Confedera&ccedil;&atilde;o Nacional da Ind&uacute;stria (CNI). O grupo de empres&aacute;rios participou nesta quarta-feira, 20 de junho, de uma visita &agrave; Bosch, empresa multinacional de engenharia e eletr&ocirc;nica.<\/p>\n<p>Na planta industrial visitada, a delega&ccedil;&atilde;o conheceu as tecnologias mais disruptivas em desenvolvimento pela empresa, bem como sua estrat&eacute;gia de atua&ccedil;&atilde;o no Brasil.<br>\nTamb&eacute;m foi realizada visita t&eacute;cnica ao Instituto de Informa&ccedil;&atilde;o e Automa&ccedil;&atilde;o de Sistemas da Universidade T&eacute;cnica de Munique (TUM), que est&aacute; entre as melhores universidades da Europa.<\/p>\n<p>A TUM formou 13 ganhadores do Pr&ecirc;mio Nobel e v&aacute;rios inventores. Desde 2006, possui o t&iacute;tulo de &ldquo;Universidade de Excel&ecirc;ncia&rdquo; da Alemanha. Comprometida com a forma&ccedil;&atilde;o de profissionais criativos e inovadores, a universidade &eacute; um polo de cria&ccedil;&atilde;o de solu&ccedil;&otilde;es para a Ind&uacute;stria 4.0.<\/p>\n","protected":false},"excerpt":{"rendered":"","protected":false},"author":1,"featured_media":1333,"comment_status":"open","ping_status":"open","sticky":false,"template":"","format":"standard","meta":{"tdm_status":"","tdm_grid_status":"","footnotes":"","jetpack_publicize_message":"","jetpack_publicize_feature_enabled":true,"jetpack_social_post_already_shared":true,"jetpack_social_options":{"image_generator_settings":{"template":"highway","enabled":false},"version":2}},"categories":[19,15],"tags":[],"class_list":{"0":"post-1332","1":"post","2":"type-post","3":"status-publish","4":"format-standard","5":"has-post-thumbnail","7":"category-insights","8":"category-noticias"},"jetpack_publicize_connections":[],"jetpack_featured_media_url":"https:\/\/radardofuturo.com.br\/test\/wp-content\/uploads\/2018\/06\/delegacao-de-industriais-visita-a-alemanha-para-conhecer-o-ecossistema-de-inovacao.jpeg","post_mailing_queue_ids":[],"_links":{"self":[{"href":"https:\/\/radardofuturo.com.br\/test\/wp-json\/wp\/v2\/posts\/1332","targetHints":{"allow":["GET"]}}],"collection":[{"href":"https:\/\/radardofuturo.com.br\/test\/wp-json\/wp\/v2\/posts"}],"about":[{"href":"https:\/\/radardofuturo.com.br\/test\/wp-json\/wp\/v2\/types\/post"}],"author":[{"embeddable":true,"href":"https:\/\/radardofuturo.com.br\/test\/wp-json\/wp\/v2\/users\/1"}],"replies":[{"embeddable":true,"href":"https:\/\/radardofuturo.com.br\/test\/wp-json\/wp\/v2\/comments?post=1332"}],"version-history":[{"count":0,"href":"https:\/\/radardofuturo.com.br\/test\/wp-json\/wp\/v2\/posts\/1332\/revisions"}],"wp:featuredmedia":[{"embeddable":true,"href":"https:\/\/radardofuturo.com.br\/test\/wp-json\/wp\/v2\/media\/1333"}],"wp:attachment":[{"href":"https:\/\/radardofuturo.com.br\/test\/wp-json\/wp\/v2\/media?parent=1332"}],"wp:term":[{"taxonomy":"category","embeddable":true,"href":"https:\/\/radardofuturo.com.br\/test\/wp-json\/wp\/v2\/categories?post=1332"},{"taxonomy":"post_tag","embeddable":true,"href":"https:\/\/radardofuturo.com.br\/test\/wp-json\/wp\/v2\/tags?post=1332"}],"curies":[{"name":"wp","href":"https:\/\/api.w.org\/{rel}","templated":true}]}}