{"id":13183,"date":"2020-10-01T17:16:07","date_gmt":"2020-10-01T20:16:07","guid":{"rendered":"https:\/\/radardofuturo.com.br\/?p=13183"},"modified":"2020-10-01T17:16:14","modified_gmt":"2020-10-01T20:16:14","slug":"dia-do-idoso-entre-avancos-tecnologicos-e-perdas-humanitarias","status":"publish","type":"post","link":"https:\/\/radardofuturo.com.br\/test\/dia-do-idoso-entre-avancos-tecnologicos-e-perdas-humanitarias\/","title":{"rendered":"Dia do Idoso: entre avan\u00e7os tecnol\u00f3gicos e perdas humanit\u00e1rias"},"content":{"rendered":"\n<figure class=\"wp-block-image size-large\"><img loading=\"lazy\" decoding=\"async\" width=\"1024\" height=\"379\" src=\"https:\/\/radardofuturo.com.br\/test\/wp-content\/uploads\/2020\/10\/idosos-pessoas-de-idade-dia-do-idoso-1024x379.jpg\" alt=\"\" class=\"wp-image-13192\" srcset=\"https:\/\/radardofuturo.com.br\/test\/wp-content\/uploads\/2020\/10\/idosos-pessoas-de-idade-dia-do-idoso-1024x379.jpg 1024w, https:\/\/radardofuturo.com.br\/test\/wp-content\/uploads\/2020\/10\/idosos-pessoas-de-idade-dia-do-idoso-300x111.jpg 300w, https:\/\/radardofuturo.com.br\/test\/wp-content\/uploads\/2020\/10\/idosos-pessoas-de-idade-dia-do-idoso-768x284.jpg 768w, https:\/\/radardofuturo.com.br\/test\/wp-content\/uploads\/2020\/10\/idosos-pessoas-de-idade-dia-do-idoso-696x258.jpg 696w, https:\/\/radardofuturo.com.br\/test\/wp-content\/uploads\/2020\/10\/idosos-pessoas-de-idade-dia-do-idoso.jpg 1350w\" sizes=\"auto, (max-width: 1024px) 100vw, 1024px\"><figcaption>O&nbsp;<mark>Dia do Idoso<\/mark>&nbsp;explicitou, nos meses de crise mais profunda da pandemia, as distor&ccedil;&otilde;es e contradi&ccedil;&otilde;es da sociedade contempor&acirc;nea.<\/figcaption><\/figure>\n\n\n\n<p>O Secret&aacute;rio-Geral da ONU reiterou a necessidade de dar prioridade para a popula&ccedil;&atilde;o idosa do planeta<\/p>\n\n\n\n<!--more-->\n\n\n\n<p><em>Carlos Pl&aacute;cido Teixeira<br>Jornalista i Radar do Futuro<\/em><\/p>\n\n\n\n<p>Comemorado no dia 1&ordm; de outubro, o Dia Internacional do Idoso explicitou, nos meses de crise mais profunda da pandemia, as distor&ccedil;&otilde;es e contradi&ccedil;&otilde;es da sociedade contempor&acirc;nea. Os anos 2020 poderiam ser a marca da transi&ccedil;&atilde;o para um momento de mudan&ccedil;a positiva para os mais velhos, diante da perspectivas de saltos evolutivos dos processos de tratamento. A perspectiva de desenvolvimento de novos recursos e tecnologias para diagn&oacute;sticos, tratamentos e monitoramento das pessoas com mais de 60 anos aponta para a possibilidade da oferta de mais tempo de vida com qualidade. Por&eacute;m, o v&iacute;rus acabou evidenciando a vulnerabilidade do segmento, uma das principais v&iacute;timas do v&iacute;rus. <\/p>\n\n\n\n<p>Os discursos de autoridades prosseguem, tentando fazer alguma diferen&ccedil;a. &ldquo;A pessoa idosa deve ser uma prioridade nos nossos esfor&ccedil;os para ultrapassar o Covid 19&rdquo;, afirmou o Secret&aacute;rio-Geral da Organiza&ccedil;&atilde;o das Na&ccedil;&otilde;es Unidas (ONU), Ant&oacute;nio Guterres na sua mensagem pela data. Ele destacou a necessidade de examinar como a pandemia pode mudar a forma como lidamos com a idade e o envelhecimento em nossas sociedades, enfatizando que mais oportunidades e maior acesso &agrave; sa&uacute;de, pens&otilde;es e prote&ccedil;&atilde;o social para os idosos s&atilde;o &ldquo;cruciais&rdquo;.<\/p>\n\n\n\n<p>Ao divulgar sua orienta&ccedil;&atilde;o pol&iacute;tica sobre como melhorar a vida dos idosos, em maio, o principal executivo da ONU apontou que a taxa geral de mortalidade por coronav&iacute;rus &eacute; maior para esse segmento. Por causa desse impacto maior, Guterres defendeu que as interven&ccedil;&otilde;es pol&iacute;ticas devem ser direcionadas para aumentar a consci&ecirc;ncia das necessidades especiais. Em comunicado da organiza&ccedil;&atilde;o, &ldquo;ele disse que era importante fazer esfor&ccedil;os combinados durante a &lsquo;D&eacute;cada do Envelhecimento Saud&aacute;vel 2020-2030&rsquo;, para melhorar a vida dos idosos, suas fam&iacute;lias e comunidades.<\/p>\n\n\n\n<h2 class=\"wp-block-heading\">Balan&ccedil;o negativo<\/h2>\n\n\n\n<p>Claudia Mahler, especialista independente da ONU sobre os direitos humanos das pessoas idosas, assinalou que a pandemia Covid 19 ampliou as viola&ccedil;&otilde;es existentes dos direitos dos idosos. &ldquo;As desigualdades existentes que os idosos enfrentam em termos de acesso &agrave; sa&uacute;de, emprego e subsist&ecirc;ncia s&atilde;o exacerbadas&rdquo;, disse ela , e ainda, &ldquo;s&atilde;o cronicamente invis&iacute;veis&rdquo;. Segundo a executiva, as informa&ccedil;&otilde;es sobre pessoas idosas s&atilde;o &ldquo;na melhor das hip&oacute;teses fragmentadas, na pior, inexistentes&rdquo; na maioria dos pa&iacute;ses, por isso &eacute; imperativo esclarecer as formas estruturais e sistem&aacute;ticas pelas quais eles est&atilde;o sendo deixados para tr&aacute;s.<\/p>\n\n\n\n<p>&ldquo;No dia do Idoso, n&atilde;o precisamos de discurso bonito, precisamos de a&ccedil;&otilde;es concretas&rdquo;, refor&ccedil;a a presidente da Rede Ibero-Americana de Associa&ccedil;&otilde;es de Idosos do Brasil (<a href=\"https:\/\/riaambrasil.org.br\/dia-do-idoso-mais-acoes-e-menos-discursos-bonitos\/\" class=\"rank-math-link\" target=\"_blank\" rel=\"noopener\">RIAAM-Brasil<\/a>), Maria Machado Cota. No Brasil, a data tamb&eacute;m celebra os 17 anos do Estatuto do Idoso. Segundo ela, houve avan&ccedil;os, sem d&uacute;vida, mas algumas quest&otilde;es praticamente n&atilde;o sa&iacute;ram do papel. Uma delas diz respeito aos meios de comunica&ccedil;&atilde;o. <\/p>\n\n\n\n<p>Apesar de o artigo 24 determinar que &ldquo;os meios de comunica&ccedil;&atilde;o manter&atilde;o espa&ccedil;os ou hor&aacute;rios especiais voltados aos idosos&rdquo;, n&atilde;o h&aacute; de fato esta preocupa&ccedil;&atilde;o, principalmente emissoras de r&aacute;dio e TV. &ldquo;A grande m&iacute;dia ainda dificulta o acesso &agrave; informa&ccedil;&atilde;o dos direitos dos idosos&rdquo;, questiona Maria Machado. &ldquo;Com raras exce&ccedil;&otilde;es n&atilde;o h&aacute; programa&ccedil;&atilde;o espec&iacute;fica nem o cuidado de falar diretamente com este p&uacute;blico. &ldquo;N&atilde;o h&aacute; a ado&ccedil;&atilde;o de uma educa&ccedil;&atilde;o formal, uma modalidade de ensino dentro da realidade e da capacidade dos idosos&rdquo;<em>,<\/em>&nbsp;aponta a presidente da RIAAM-Brasil.<\/p>\n\n\n\n<h2 class=\"wp-block-heading\">Contrastes entre classes<\/h2>\n\n\n\n<p>Os idosos passam por tens&otilde;es sobre o futuro diante do abandono de pol&iacute;ticas p&uacute;blicas destinadas &agrave; prote&ccedil;&atilde;o da popula&ccedil;&atilde;o, em especial da baixa renda. O cen&aacute;rio inclui o corte de direitos sob o argumento de restri&ccedil;&otilde;es or&ccedil;ament&aacute;rias, que ser&atilde;o agravadas diante dos recursos extras investidos por conta da pandemia. A cada quatro lares do Brasil, em um deles o idoso &eacute; o principal respons&aacute;vel pela renda, segundo pesquisa do Dieese&nbsp;<a rel=\"noreferrer noopener\" href=\"https:\/\/www.dieese.org.br\/boletimespecial\/2020\/boletimEspecial01.html\" target=\"_blank\">pesquisa do Dieese<\/a>. <\/p>\n\n\n\n<p>De acordo com o levantamento, 24,9% dos domic&iacute;lios no Brasil t&ecirc;m pessoas de 60 anos ou mais, que contribuem com mais de 50% da renda domiciliar, com aposentadorias, pens&otilde;es, rendimento do trabalho ou de outro tipo. Para as fam&iacute;lias, o ganho &eacute; essencial, j&aacute; que a taxa de desemprego entre os jovens de 18 a 24 anos de idade brasileiros ficou em 27,1% no primeiro trimestre de 2020, bem acima da m&eacute;dia geral de&nbsp;<a rel=\"noreferrer noopener\" href=\"https:\/\/agenciabrasil.ebc.com.br\/economia\/noticia\/2020-04\/taxa-de-desemprego-fica-em-122-no-primeiro-trimestre-do-ano\" target=\"_blank\">12,2% do pa&iacute;s<\/a>&nbsp;no per&iacute;odo.&nbsp;<\/p>\n\n\n\n<p>O cen&aacute;rio de curto prazo ser&aacute; marcado, portanto, pelas contradi&ccedil;&otilde;es t&iacute;pica do pa&iacute;s que det&eacute;m uma das maiores taxas de desigualdade do planeta. Nos segmentos de alta renda, as perspectivas da terceira idade s&atilde;o mais favor&aacute;veis. A pandemia j&aacute; deu mostras sobre como idosos mais ricos tiveram maiores chances de sobreviv&ecirc;ncia. Nos pr&oacute;ximos anos, eles ser&atilde;o beneficiados por avan&ccedil;os da tecnologia da informa&ccedil;&atilde;o e da biotecnologia. A medicina ser&aacute; marcada por grandes saltos evolutivos, garantindo o aumento do tempo de vida, com qualidade para o segmento. <\/p>\n\n\n\n<p><\/p>\n","protected":false},"excerpt":{"rendered":"<p>O Secret&aacute;rio-Geral da ONU reiterou a necessidade de dar prioridade para a popula&ccedil;&atilde;o idosa do planeta<\/p>\n","protected":false},"author":1,"featured_media":13192,"comment_status":"open","ping_status":"open","sticky":false,"template":"","format":"standard","meta":{"tdm_status":"","tdm_grid_status":"","footnotes":"","jetpack_publicize_message":"","jetpack_publicize_feature_enabled":true,"jetpack_social_post_already_shared":true,"jetpack_social_options":{"image_generator_settings":{"template":"highway","enabled":false},"version":2}},"categories":[23,20],"tags":[2209],"class_list":{"0":"post-13183","1":"post","2":"type-post","3":"status-publish","4":"format-standard","5":"has-post-thumbnail","7":"category-carlos-placido-teixeira","8":"category-destaques","9":"tag-dia-do-idoso"},"jetpack_publicize_connections":[],"jetpack_featured_media_url":"https:\/\/radardofuturo.com.br\/test\/wp-content\/uploads\/2020\/10\/idosos-pessoas-de-idade-dia-do-idoso.jpg","post_mailing_queue_ids":[],"_links":{"self":[{"href":"https:\/\/radardofuturo.com.br\/test\/wp-json\/wp\/v2\/posts\/13183","targetHints":{"allow":["GET"]}}],"collection":[{"href":"https:\/\/radardofuturo.com.br\/test\/wp-json\/wp\/v2\/posts"}],"about":[{"href":"https:\/\/radardofuturo.com.br\/test\/wp-json\/wp\/v2\/types\/post"}],"author":[{"embeddable":true,"href":"https:\/\/radardofuturo.com.br\/test\/wp-json\/wp\/v2\/users\/1"}],"replies":[{"embeddable":true,"href":"https:\/\/radardofuturo.com.br\/test\/wp-json\/wp\/v2\/comments?post=13183"}],"version-history":[{"count":0,"href":"https:\/\/radardofuturo.com.br\/test\/wp-json\/wp\/v2\/posts\/13183\/revisions"}],"wp:featuredmedia":[{"embeddable":true,"href":"https:\/\/radardofuturo.com.br\/test\/wp-json\/wp\/v2\/media\/13192"}],"wp:attachment":[{"href":"https:\/\/radardofuturo.com.br\/test\/wp-json\/wp\/v2\/media?parent=13183"}],"wp:term":[{"taxonomy":"category","embeddable":true,"href":"https:\/\/radardofuturo.com.br\/test\/wp-json\/wp\/v2\/categories?post=13183"},{"taxonomy":"post_tag","embeddable":true,"href":"https:\/\/radardofuturo.com.br\/test\/wp-json\/wp\/v2\/tags?post=13183"}],"curies":[{"name":"wp","href":"https:\/\/api.w.org\/{rel}","templated":true}]}}