{"id":13137,"date":"2020-09-29T16:06:55","date_gmt":"2020-09-29T19:06:55","guid":{"rendered":"https:\/\/radardofuturo.com.br\/?p=13137"},"modified":"2021-08-24T10:47:08","modified_gmt":"2021-08-24T13:47:08","slug":"sua-duvida-arquitetos-podem-ser-substituidos-por-robos","status":"publish","type":"post","link":"https:\/\/radardofuturo.com.br\/test\/sua-duvida-arquitetos-podem-ser-substituidos-por-robos\/","title":{"rendered":"Profiss\u00f5es no futuro: arquitetos podem ser substitu\u00eddos por rob\u00f4s?"},"content":{"rendered":"\n<figure class=\"wp-block-image size-large\"><img loading=\"lazy\" decoding=\"async\" width=\"1024\" height=\"582\" src=\"https:\/\/radardofuturo.com.br\/test\/wp-content\/uploads\/2020\/05\/skyscraper-predios-arranha-ceu-imagem-pixabay-1024x582.jpg\" alt=\"foto de pr&eacute;dios altos - arranha c&eacute;us. imagem: pixabay\" class=\"wp-image-10782\" srcset=\"https:\/\/radardofuturo.com.br\/test\/wp-content\/uploads\/2020\/05\/skyscraper-predios-arranha-ceu-imagem-pixabay-1024x582.jpg 1024w, https:\/\/radardofuturo.com.br\/test\/wp-content\/uploads\/2020\/05\/skyscraper-predios-arranha-ceu-imagem-pixabay-300x171.jpg 300w, https:\/\/radardofuturo.com.br\/test\/wp-content\/uploads\/2020\/05\/skyscraper-predios-arranha-ceu-imagem-pixabay-768x437.jpg 768w, https:\/\/radardofuturo.com.br\/test\/wp-content\/uploads\/2020\/05\/skyscraper-predios-arranha-ceu-imagem-pixabay-696x396.jpg 696w, https:\/\/radardofuturo.com.br\/test\/wp-content\/uploads\/2020\/05\/skyscraper-predios-arranha-ceu-imagem-pixabay.jpg 1280w\" sizes=\"auto, (max-width: 1024px) 100vw, 1024px\"><\/figure>\n\n\n\n<p>Queria saber, se algum dia, o mercado do arquiteto pode sumir. E se pode um dia ocorrer uma outra fun&ccedil;&atilde;o, como um rob&ocirc;, que pode substituir um arquiteto.<\/p>\n\n\n\n<!--more-->\n\n\n\n<p>Carlos Pl&aacute;cido Teixeira<br>Jornalista I Radar do Futuro<\/p>\n\n\n\n<p><\/p>\n\n\n\n<p>Nos pr&oacute;ximos anos, a sociedade digital, em especial nos pa&iacute;ses mais desenvolvidos, continuar&aacute; pressupondo a necessidade de arquitetos humanos para a cria&ccedil;&atilde;o e desenvolvimento de im&oacute;veis de todos os tipos. Dos residenciais, comerciais e industriais aos espa&ccedil;os de lazer e conviv&ecirc;ncia. Tamb&eacute;m ser&atilde;o necess&aacute;rios profissionais com vis&atilde;o para o desenvolvimento das cidades. De fato, a concorr&ecirc;ncia ser&aacute; ainda maior, assim como as limita&ccedil;&otilde;es de conquista de espa&ccedil;os no mercado. <\/p>\n\n\n\n<p>A automa&ccedil;&atilde;o ou robotiza&ccedil;&atilde;o de suas fun&ccedil;&otilde;es &eacute; pouco prov&aacute;vel. A substitui&ccedil;&atilde;o de atividades desempenhadas por m&aacute;quinas ou sistemas depende basicamente das rotinas envolvidas. Quanto mais rotineira uma fun&ccedil;&atilde;o, maior a chance dela ser assumida por alguma tecnologia da informa&ccedil;&atilde;o. N&atilde;o ser&aacute; o caso da arquitetura, em que cada im&oacute;vel pode requerer solu&ccedil;&otilde;es espec&iacute;ficas, pelo menos na maioria dos casos. <\/p>\n\n\n\n<p>A <a href=\"https:\/\/radardofuturo.com.br\/test\/como-sera-a-arquitetura-em-2025\/\" class=\"rank-math-link\">profiss&atilde;o<\/a> se beneficia de sua maior for&ccedil;a, a criatividade. Al&eacute;m disso, a necessidade de compreender as demandas espec&iacute;ficas dos clientes para o desenvolvimento de projetos torna os especialistas necess&aacute;rios. Mesmo que recorram cada vez mais aos projetos e desenhos auxiliados por computador (CADD) e modelagem de informa&ccedil;&otilde;es de constru&ccedil;&atilde;o (BIM) para criar projetos e desenhos de constru&ccedil;&atilde;o, as habilidades de criativas permanecem, como o desenho &agrave; m&atilde;o, especialmente durante as fases conceituais de um projeto e quando um arquiteto est&aacute; em uma constru&ccedil;&atilde;o. <\/p>\n\n\n\n<p>Nos Estados Unidos, o <a href=\"https:\/\/www.bls.gov\/ooh\/architecture-and-engineering\/architects.htm#tab-1\" class=\"rank-math-link\" target=\"_blank\" rel=\"noopener\">Departamento do Trabalho<\/a> prev&ecirc; que o mercado para arquitetos deve crescer um por cento de 2019 a 2029, mais lento do que a m&eacute;dia para todas as ocupa&ccedil;&otilde;es.&nbsp;A estimativa aponta para impactos de softwares de modelagem de informa&ccedil;&otilde;es de constru&ccedil;&atilde;o (BIM) aprimorados e para tecnologias de medi&ccedil;&atilde;o que aumentam a produtividade dos arquitetos, limitando assim o crescimento do emprego para os profissionais. Tamb&eacute;m aponta para o aumento do n&uacute;mero de profissionais disputando o mercado.<\/p>\n\n\n\n<div class=\"wp-block-columns is-layout-flex wp-container-core-columns-is-layout-9d6595d7 wp-block-columns-is-layout-flex\">\n<div class=\"wp-block-column is-layout-flow wp-block-column-is-layout-flow\">\n<h4 class=\"wp-block-heading\">Arquitetura: pontos fortes<\/h4>\n\n\n\n<ul class=\"wp-block-list\"><li>requer criatividade<\/li><li>n&atilde;o &eacute; marcada por rotinas ou tarefas repetitivas<\/li><li>envolve habilidades manuais e sentidos humanos apurados<\/li><li>envolve no&ccedil;&atilde;o de espa&ccedil;o <\/li><li>demanda relacionamento humano<\/li><li>requer negocia&ccedil;&otilde;es e persuas&atilde;o<\/li><li>demanda tomada de decis&otilde;es humanas<\/li><\/ul>\n<\/div>\n\n\n\n<div class=\"wp-block-column is-layout-flow wp-block-column-is-layout-flow\">\n<h2 class=\"wp-block-heading\">Diversifica&ccedil;&atilde;o<\/h2>\n\n\n\n<p>O segmento tende a se beneficiar do surgimento de novas demandas. Como os fatores externos, incluindo a necessidade de constru&ccedil;&atilde;o para atender o aquecimento do clima, a necessidade de sustentabilidade e as mudan&ccedil;as demogr&aacute;ficas.<\/p>\n\n\n\n<p>Em especial, o ajuste dos im&oacute;veis a <a href=\"https:\/\/radardofuturo.com.br\/test\/arquitetura-tudo-o-que-voce-precisa-saber-com-sera-a-moradia-em-2025\/\" class=\"rank-math-link\">novos usos<\/a>, como a transforma&ccedil;&atilde;o de ambientes residenciais em espa&ccedil;os multiuso, como os home offices. Outro aspecto importante, a adequa&ccedil;&atilde;o dos espa&ccedil;os para a instala&ccedil;&atilde;o de novas tecnologias. Ou, ao contr&aacute;rio, para adaptar salas, quartos, cozinhas e &aacute;reas externas &agrave;s novidades, seja o desaparecimento futuro de aparelhos, como a &ldquo;televis&atilde;o da casa&rdquo; ou novos perfis dos moradores.<\/p>\n<\/div>\n<\/div>\n\n\n\n<p><\/p>\n\n\n\n<p>DESEJA SABER MAIS?<\/p>\n\n\n\n<p><\/p>\n\n\n\n<p><\/p>\n","protected":false},"excerpt":{"rendered":"<p>Queria saber, se algum dia, o mercado do arquiteto pode sumir. E se pode um dia ocorrer uma outra fun&ccedil;&atilde;o, como um rob&ocirc;, que pode substituir um arquiteto.<\/p>\n","protected":false},"author":1,"featured_media":10782,"comment_status":"open","ping_status":"open","sticky":false,"template":"","format":"standard","meta":{"tdm_status":"","tdm_grid_status":"","footnotes":"","jetpack_publicize_message":"","jetpack_publicize_feature_enabled":true,"jetpack_social_post_already_shared":true,"jetpack_social_options":{"image_generator_settings":{"template":"highway","enabled":false},"version":2}},"categories":[23,20,2007,32],"tags":[2206,972],"class_list":{"0":"post-13137","1":"post","2":"type-post","3":"status-publish","4":"format-standard","5":"has-post-thumbnail","7":"category-carlos-placido-teixeira","8":"category-destaques","9":"category-futuro-das-profissoes","10":"category-profissoes-do-futuro","11":"tag-arquitetura-no-futuro","12":"tag-futuro-da-arquitetura"},"jetpack_publicize_connections":[],"jetpack_featured_media_url":"https:\/\/radardofuturo.com.br\/test\/wp-content\/uploads\/2020\/05\/skyscraper-predios-arranha-ceu-imagem-pixabay.jpg","post_mailing_queue_ids":[],"_links":{"self":[{"href":"https:\/\/radardofuturo.com.br\/test\/wp-json\/wp\/v2\/posts\/13137","targetHints":{"allow":["GET"]}}],"collection":[{"href":"https:\/\/radardofuturo.com.br\/test\/wp-json\/wp\/v2\/posts"}],"about":[{"href":"https:\/\/radardofuturo.com.br\/test\/wp-json\/wp\/v2\/types\/post"}],"author":[{"embeddable":true,"href":"https:\/\/radardofuturo.com.br\/test\/wp-json\/wp\/v2\/users\/1"}],"replies":[{"embeddable":true,"href":"https:\/\/radardofuturo.com.br\/test\/wp-json\/wp\/v2\/comments?post=13137"}],"version-history":[{"count":0,"href":"https:\/\/radardofuturo.com.br\/test\/wp-json\/wp\/v2\/posts\/13137\/revisions"}],"wp:featuredmedia":[{"embeddable":true,"href":"https:\/\/radardofuturo.com.br\/test\/wp-json\/wp\/v2\/media\/10782"}],"wp:attachment":[{"href":"https:\/\/radardofuturo.com.br\/test\/wp-json\/wp\/v2\/media?parent=13137"}],"wp:term":[{"taxonomy":"category","embeddable":true,"href":"https:\/\/radardofuturo.com.br\/test\/wp-json\/wp\/v2\/categories?post=13137"},{"taxonomy":"post_tag","embeddable":true,"href":"https:\/\/radardofuturo.com.br\/test\/wp-json\/wp\/v2\/tags?post=13137"}],"curies":[{"name":"wp","href":"https:\/\/api.w.org\/{rel}","templated":true}]}}