{"id":13069,"date":"2020-09-28T09:37:48","date_gmt":"2020-09-28T12:37:48","guid":{"rendered":"https:\/\/radardofuturo.com.br\/?p=13069"},"modified":"2020-09-28T09:41:38","modified_gmt":"2020-09-28T12:41:38","slug":"unicamp-tem-pos-graduacao-aberta-para-politica-cientifica-e-tecnologica","status":"publish","type":"post","link":"https:\/\/radardofuturo.com.br\/test\/unicamp-tem-pos-graduacao-aberta-para-politica-cientifica-e-tecnologica\/","title":{"rendered":"Unicamp tem p\u00f3s-gradua\u00e7\u00e3o aberta para pol\u00edtica cient\u00edfica e tecnol\u00f3gica"},"content":{"rendered":"\n<!--more-->\n\n\n\n<p><strong>Ag&ecirc;ncia FAPESP<\/strong><br>O Programa de P&oacute;s-Gradua&ccedil;&atilde;o em Pol&iacute;tica Cient&iacute;fica e Tecnol&oacute;gica (PPG-PCT) do Instituto de Geoci&ecirc;ncias da Universidade Estadual de Campinas (Unicamp) est&aacute; com inscri&ccedil;&otilde;es abertas at&eacute; 30 de novembro de 2020 para os cursos de mestrado, doutorado e doutorado direto.<\/p>\n\n\n\n<p>O programa capacita profissionais de diferentes forma&ccedil;&otilde;es para desempenhar atividades de pesquisa, ensino e extens&atilde;o em ci&ecirc;ncia, tecnologia e inova&ccedil;&atilde;o (CT&amp;I). Dentre as capacidades que se procura desenvolver est&atilde;o a elabora&ccedil;&atilde;o e gest&atilde;o de pol&iacute;ticas p&uacute;blicas e estrat&eacute;gias empresariais em CT&amp;I.<\/p>\n\n\n\n<p>S&atilde;o oferecidas at&eacute; 20 vagas para o mestrado e 20 para o doutorado. O PPG-PCT tem cinco linhas de pesquisa: &ldquo;Hist&oacute;ria e Teorias da Ci&ecirc;ncia e da Tecnologia&rdquo;, &ldquo;Ci&ecirc;ncia e Tecnologia no Processo de Desenvolvimento&rdquo;, &ldquo;Estrat&eacute;gias de Ci&ecirc;ncia e Tecnologia e Atores Sociais&rdquo;, &ldquo;Mudan&ccedil;a Tecnol&oacute;gica, Transforma&ccedil;&otilde;es Sociais e Meio Ambiente&rdquo; e &ldquo;Gest&atilde;o de Ci&ecirc;ncia, Tecnologia e Inova&ccedil;&atilde;o&rdquo;.<\/p>\n\n\n\n<p>Os candidatos devem se inscrever por meio do preenchimento de <strong><a href=\"https:\/\/docs.google.com\/forms\/d\/e\/1FAIpQLScPPpx_QSVe9BEh86uV-hlrNAaKD9iFHIHabwiO3Ie25zgRyA\/viewform\" target=\"_blank\" rel=\"noreferrer noopener\">formul&aacute;rio on-line<\/a><\/strong>. Toda a documenta&ccedil;&atilde;o exigida deve ser digitalizada e enviada em formato PDF.<\/p>\n\n\n\n<p>A documenta&ccedil;&atilde;o exigida consiste em formul&aacute;rio de inscri&ccedil;&atilde;o preenchido, curr&iacute;culo Lattes atualizado, hist&oacute;rico escolar e diploma da gradua&ccedil;&atilde;o, disserta&ccedil;&atilde;o e diploma do mestrado para os candidatos ao doutorado, carta de interesse, texto acad&ecirc;mico de autoria do candidato sobre assunto pertinente ao PPG-PCT e ficha de inscri&ccedil;&atilde;o obrigat&oacute;ria da <strong><a href=\"https:\/\/sistemas.dac.unicamp.br\/siga\/ingresso\/candidato\/efetuar_login_candidato.xhtml?code=1497038006922\" target=\"_blank\" rel=\"noreferrer noopener\">Diretoria Acad&ecirc;mica<\/a><\/strong>.<\/p>\n\n\n\n<p>O processo seletivo consistir&aacute; de avalia&ccedil;&atilde;o dos documentos enviados, na primeira fase, e entrevista, na segunda. O resultado final ser&aacute; divulgado no dia 20 de janeiro de 2021, no <strong><a href=\"https:\/\/bit.ly\/2QE2G75\" target=\"_blank\" rel=\"noreferrer noopener\">site do PPG-PCT<\/a><\/strong>.<\/p>\n\n\n\n<p>Mais informa&ccedil;&otilde;es em: <strong><a href=\"https:\/\/bit.ly\/2QE2G75\" target=\"_blank\" rel=\"noreferrer noopener\">https:\/\/bit.ly\/2QE2G75<\/a><\/strong>.<br>&nbsp;<\/p>\n\n\n\n<p>Este texto foi originalmente publicado por <a href=\"https:\/\/agencia.fapesp.br\/\" target=\"_blank\" rel=\"noopener\">Ag&ecirc;ncia FAPESP<\/a> de acordo com a <a href=\"https:\/\/creativecommons.org\/licenses\/by-nd\/4.0\/\" target=\"_blank\" rel=\"noopener\">licen&ccedil;a Creative Commons CC-BY-NC-ND<\/a>. Leia o <a href=\"https:\/\/agencia.fapesp.br\/unicamp-tem-inscricao-aberta-para-pos-graduacao-em-politica-cientifica-e-tecnologica\/34231\/\" target=\"_blank\" rel=\"noreferrer noopener\">original aqui<\/a>.https:\/\/agencia.fapesp.br\/republicacao_frame?url=https:\/\/agencia.fapesp.br\/unicamp-tem-inscricao-aberta-para-pos-graduacao-em-politica-cientifica-e-tecnologica\/34231\/&amp;utm_source=republish&amp;utm_medium=republish&amp;utm_content=https:\/\/agencia.fapesp.br\/unicamp-tem-inscricao-aberta-para-pos-graduacao-em-politica-cientifica-e-tecnologica\/34231\/<\/p>\n","protected":false},"excerpt":{"rendered":"<p>O programa capacita profissionais de diferentes forma&ccedil;&otilde;es para desempenhar atividades de pesquisa, ensino e extens&atilde;o em ci&ecirc;ncia, tecnologia e inova&ccedil;&atilde;o (CT&amp;I)<\/p>\n","protected":false},"author":15,"featured_media":13070,"comment_status":"open","ping_status":"open","sticky":false,"template":"","format":"standard","meta":{"tdm_status":"","tdm_grid_status":"","footnotes":"","jetpack_publicize_message":"","jetpack_publicize_feature_enabled":true,"jetpack_social_post_already_shared":true,"jetpack_social_options":{"image_generator_settings":{"template":"highway","enabled":false},"version":2}},"categories":[2014],"tags":[],"class_list":{"0":"post-13069","1":"post","2":"type-post","3":"status-publish","4":"format-standard","5":"has-post-thumbnail","7":"category-pos-graduacao"},"jetpack_publicize_connections":[],"jetpack_featured_media_url":"https:\/\/radardofuturo.com.br\/test\/wp-content\/uploads\/2020\/09\/unicamp.jpg","post_mailing_queue_ids":[],"_links":{"self":[{"href":"https:\/\/radardofuturo.com.br\/test\/wp-json\/wp\/v2\/posts\/13069","targetHints":{"allow":["GET"]}}],"collection":[{"href":"https:\/\/radardofuturo.com.br\/test\/wp-json\/wp\/v2\/posts"}],"about":[{"href":"https:\/\/radardofuturo.com.br\/test\/wp-json\/wp\/v2\/types\/post"}],"author":[{"embeddable":true,"href":"https:\/\/radardofuturo.com.br\/test\/wp-json\/wp\/v2\/users\/15"}],"replies":[{"embeddable":true,"href":"https:\/\/radardofuturo.com.br\/test\/wp-json\/wp\/v2\/comments?post=13069"}],"version-history":[{"count":0,"href":"https:\/\/radardofuturo.com.br\/test\/wp-json\/wp\/v2\/posts\/13069\/revisions"}],"wp:featuredmedia":[{"embeddable":true,"href":"https:\/\/radardofuturo.com.br\/test\/wp-json\/wp\/v2\/media\/13070"}],"wp:attachment":[{"href":"https:\/\/radardofuturo.com.br\/test\/wp-json\/wp\/v2\/media?parent=13069"}],"wp:term":[{"taxonomy":"category","embeddable":true,"href":"https:\/\/radardofuturo.com.br\/test\/wp-json\/wp\/v2\/categories?post=13069"},{"taxonomy":"post_tag","embeddable":true,"href":"https:\/\/radardofuturo.com.br\/test\/wp-json\/wp\/v2\/tags?post=13069"}],"curies":[{"name":"wp","href":"https:\/\/api.w.org\/{rel}","templated":true}]}}