{"id":13008,"date":"2020-09-25T11:09:00","date_gmt":"2020-09-25T14:09:00","guid":{"rendered":"https:\/\/radardofuturo.com.br\/?p=13008"},"modified":"2020-09-25T11:09:16","modified_gmt":"2020-09-25T14:09:16","slug":"5-habitos-que-a-nossa-geracao-pode-aprender-com-a-pandemia","status":"publish","type":"post","link":"https:\/\/radardofuturo.com.br\/test\/5-habitos-que-a-nossa-geracao-pode-aprender-com-a-pandemia\/","title":{"rendered":"5 h\u00e1bitos que a nossa gera\u00e7\u00e3o pode aprender com a pandemia"},"content":{"rendered":"\n<figure class=\"wp-block-image size-large\"><img loading=\"lazy\" decoding=\"async\" width=\"1024\" height=\"682\" src=\"https:\/\/radardofuturo.com.br\/test\/wp-content\/uploads\/2020\/09\/casal-em-pier-em-dia-de-chuva-1024x682.jpg\" alt=\"\" class=\"wp-image-13011\" srcset=\"https:\/\/radardofuturo.com.br\/test\/wp-content\/uploads\/2020\/09\/casal-em-pier-em-dia-de-chuva-1024x682.jpg 1024w, https:\/\/radardofuturo.com.br\/test\/wp-content\/uploads\/2020\/09\/casal-em-pier-em-dia-de-chuva-300x200.jpg 300w, https:\/\/radardofuturo.com.br\/test\/wp-content\/uploads\/2020\/09\/casal-em-pier-em-dia-de-chuva-768x512.jpg 768w, https:\/\/radardofuturo.com.br\/test\/wp-content\/uploads\/2020\/09\/casal-em-pier-em-dia-de-chuva-696x464.jpg 696w, https:\/\/radardofuturo.com.br\/test\/wp-content\/uploads\/2020\/09\/casal-em-pier-em-dia-de-chuva.jpg 1280w\" sizes=\"auto, (max-width: 1024px) 100vw, 1024px\"><figcaption>A pandemia cria alguma expectativa de reavalia&ccedil;&atilde;o de prioridades e valoriza&ccedil;&atilde;o de h&aacute;bitos mais saud&aacute;veis entre as gera&ccedil;&otilde;es<\/figcaption><\/figure>\n\n\n\n<p>Os principais eventos hist&oacute;ricos e <a href=\"https:\/\/radardofuturo.com.br\/test\/ddof\/o-que-sao-tendencias\/\" target=\"_self\" title=\"Confira o que s&atilde;o tend&ecirc;ncias, os fatos ou fen&ocirc;menos que podem acontecer em algum momento adiante na hist&oacute;ria da sociedade, como um novo comportamento individual ou de um grupo\" class=\"encyclopedia\">tend&ecirc;ncias<\/a> sociais t&ecirc;m influ&ecirc;ncia significativa sobre a a&ccedil;&atilde;o das pessoas<\/p>\n\n\n\n<!--more-->\n\n\n\n<p>Uranio Bonoldi *<\/p>\n\n\n\n<p>&Eacute; cada vez mais certo que a pandemia ter&aacute; dura&ccedil;&atilde;o mais longa do que esper&aacute;vamos e mais impacto do que imagin&aacute;vamos. Mas e se houver esperan&ccedil;a de uma influ&ecirc;ncia positiva na gera&ccedil;&atilde;o da pandemia?<\/p>\n\n\n\n<p>As diferen&ccedil;as geracionais s&atilde;o tipicamente baseadas em grupos de pessoas que amadurecem em meio a condi&ccedil;&otilde;es comuns que moldam suas percep&ccedil;&otilde;es de si mesmas e suas opini&otilde;es sobre o mundo ao seu redor. Os principais eventos hist&oacute;ricos e <a href=\"https:\/\/radardofuturo.com.br\/test\/ddof\/o-que-sao-tendencias\/\" target=\"_self\" title=\"Confira o que s&atilde;o tend&ecirc;ncias, os fatos ou fen&ocirc;menos que podem acontecer em algum momento adiante na hist&oacute;ria da sociedade, como um novo comportamento individual ou de um grupo\" class=\"encyclopedia\">tend&ecirc;ncias<\/a> sociais t&ecirc;m influ&ecirc;ncia significativa sobre como eles pensam, se comportam e d&atilde;o sentido ao mundo.<\/p>\n\n\n\n<p>Aqui est&atilde;o as previs&otilde;es otimistas para uma gera&ccedil;&atilde;o de possibilidades:<\/p>\n\n\n\n<h2 class=\"wp-block-heading\">Considera&ccedil;&atilde;o pelos outros<\/h2>\n\n\n\n<p>Esta gera&ccedil;&atilde;o foi condicionada a considerar seu efeito sobre os outros. Por causa da potencial propaga&ccedil;&atilde;o e transmiss&atilde;o do v&iacute;rus, h&aacute; not&iacute;cias di&aacute;rias sobre os efeitos de nossas a&ccedil;&otilde;es sobre os outros &ndash; desde coisas b&aacute;sicas, como respirar, at&eacute; atividades comuns, como fazer compras no mercado. Todas as nossas atividades afetam aqueles que nos rodeiam. Talvez esta gera&ccedil;&atilde;o aprenda a ser especialmente compassiva, reconhecendo seu impacto e particularmente seu papel na comunidade.<\/p>\n\n\n\n<h2 class=\"wp-block-heading\">Valorizar relacionamentos<\/h2>\n\n\n\n<p>Muitos passaram uma quantidade significativa de tempo isolado com a fam&iacute;lia. Esta pode ser a gera&ccedil;&atilde;o que aprecia especialmente os relacionamentos e t&ecirc;m la&ccedil;os mais fortes com os outros. J&aacute; os que passaram tempo longe de familiares e amigos, podem aprender a valorizar as conex&otilde;es se esfor&ccedil;ando para manter contato e encontrar tempo para visitas no futuro.<\/p>\n\n\n\n<h2 class=\"wp-block-heading\">Desacelerar<\/h2>\n\n\n\n<p>A cultura da agita&ccedil;&atilde;o e da velocidade estava no auge quando a pandemia come&ccedil;ou. Agora, h&aacute; menos coisas para fazer, menos lugares para ir e uma redu&ccedil;&atilde;o geral do ritmo. Muitos jovens celebraram o anivers&aacute;rio em casa, em vez de eventos elaborados. Esta pode ser uma gera&ccedil;&atilde;o que gasta sua energia em coisas que s&atilde;o pequenas e significativas, em vez de mais extravagantes. Talvez esse grupo possa ser mais consciente, mais intencional e mais presente no dia a dia.<\/p>\n\n\n\n<h2 class=\"wp-block-heading\">Novas formas de comunica&ccedil;&atilde;o<\/h2>\n\n\n\n<p>Ao reduzir as conex&otilde;es pessoais, a pandemia exigiu um aumento em outros tipos de comunica&ccedil;&atilde;o &ndash; de videoconfer&ecirc;ncia a liga&ccedil;&otilde;es por celular. Essas formas de conex&atilde;o exigem novas habilidades em ouvir o tom de voz, observar as microexpress&otilde;es e perceber pistas n&atilde;o-verbais por meio de telas ou de dist&acirc;ncias maiores. Esta gera&ccedil;&atilde;o pode desenvolver seus m&uacute;sculos de comunica&ccedil;&atilde;o prestando aten&ccedil;&atilde;o &agrave;s necessidades dos outros e encontrando novas maneiras de fazer conex&otilde;es humanas reais.<\/p>\n\n\n\n<h2 class=\"wp-block-heading\">Inova&ccedil;&atilde;o<\/h2>\n\n\n\n<p>Das maiores barreiras surgem as inova&ccedil;&otilde;es mais inspiradoras. Sem limita&ccedil;&otilde;es, &eacute; f&aacute;cil continuar fazendo as coisas da mesma maneira, mas a pandemia imp&ocirc;s algumas restri&ccedil;&otilde;es significativas para fazer as coisas normalmente. Esta pode ser a gera&ccedil;&atilde;o que encontra novas maneiras de fazer as coisas, novas abordagens para problemas ou respostas inesperadas para quest&otilde;es n&atilde;o resolvidas.<\/p>\n\n\n\n<hr class=\"wp-block-separator\">\n\n\n\n<ul class=\"wp-block-list\"><li>Uranio Bonoldi atua como executivo e tamb&eacute;m como professor para turmas de MBA na Funda&ccedil;&atilde;o Dom Cabral, &eacute; palestrante e escritor. Possui longa experi&ecirc;ncia executiva em cargos de alta gest&atilde;o, especialista em tomada de decis&atilde;o, carreira e neg&oacute;cios. Na Funda&ccedil;&atilde;o Dom Cabral ministra aulas para executivos sobre poder e tomada de decis&atilde;o. www.uraniobonoldi.com.br<\/li><\/ul>\n","protected":false},"excerpt":{"rendered":"<p>Os principais eventos hist&oacute;ricos e <a href=\"https:\/\/radardofuturo.com.br\/test\/ddof\/o-que-sao-tendencias\/\" target=\"_self\" title=\"Confira o que s&atilde;o tend&ecirc;ncias, os fatos ou fen&ocirc;menos que podem acontecer em algum momento adiante na hist&oacute;ria da sociedade, como um novo comportamento individual ou de um grupo\" class=\"encyclopedia\">tend&ecirc;ncias<\/a> sociais t&ecirc;m influ&ecirc;ncia significativa sobre como eles pensam<\/p>\n","protected":false},"author":1,"featured_media":13011,"comment_status":"open","ping_status":"open","sticky":false,"template":"","format":"standard","meta":{"tdm_status":"","tdm_grid_status":"","footnotes":"","jetpack_publicize_message":"","jetpack_publicize_feature_enabled":true,"jetpack_social_post_already_shared":true,"jetpack_social_options":{"image_generator_settings":{"template":"highway","enabled":false},"version":2}},"categories":[36],"tags":[2195],"class_list":{"0":"post-13008","1":"post","2":"type-post","3":"status-publish","4":"format-standard","5":"has-post-thumbnail","7":"category-pensadores-futuro","8":"tag-geracoes"},"jetpack_publicize_connections":[],"jetpack_featured_media_url":"https:\/\/radardofuturo.com.br\/test\/wp-content\/uploads\/2020\/09\/casal-em-pier-em-dia-de-chuva.jpg","post_mailing_queue_ids":[],"_links":{"self":[{"href":"https:\/\/radardofuturo.com.br\/test\/wp-json\/wp\/v2\/posts\/13008","targetHints":{"allow":["GET"]}}],"collection":[{"href":"https:\/\/radardofuturo.com.br\/test\/wp-json\/wp\/v2\/posts"}],"about":[{"href":"https:\/\/radardofuturo.com.br\/test\/wp-json\/wp\/v2\/types\/post"}],"author":[{"embeddable":true,"href":"https:\/\/radardofuturo.com.br\/test\/wp-json\/wp\/v2\/users\/1"}],"replies":[{"embeddable":true,"href":"https:\/\/radardofuturo.com.br\/test\/wp-json\/wp\/v2\/comments?post=13008"}],"version-history":[{"count":0,"href":"https:\/\/radardofuturo.com.br\/test\/wp-json\/wp\/v2\/posts\/13008\/revisions"}],"wp:featuredmedia":[{"embeddable":true,"href":"https:\/\/radardofuturo.com.br\/test\/wp-json\/wp\/v2\/media\/13011"}],"wp:attachment":[{"href":"https:\/\/radardofuturo.com.br\/test\/wp-json\/wp\/v2\/media?parent=13008"}],"wp:term":[{"taxonomy":"category","embeddable":true,"href":"https:\/\/radardofuturo.com.br\/test\/wp-json\/wp\/v2\/categories?post=13008"},{"taxonomy":"post_tag","embeddable":true,"href":"https:\/\/radardofuturo.com.br\/test\/wp-json\/wp\/v2\/tags?post=13008"}],"curies":[{"name":"wp","href":"https:\/\/api.w.org\/{rel}","templated":true}]}}