{"id":12993,"date":"2020-09-25T09:10:49","date_gmt":"2020-09-25T12:10:49","guid":{"rendered":"https:\/\/radardofuturo.com.br\/?p=12993"},"modified":"2020-09-25T09:10:55","modified_gmt":"2020-09-25T12:10:55","slug":"pos-graduacao-em-sociologia-ufmg-tem-selecao-no-mestrado-e-doutorado","status":"publish","type":"post","link":"https:\/\/radardofuturo.com.br\/test\/pos-graduacao-em-sociologia-ufmg-tem-selecao-no-mestrado-e-doutorado\/","title":{"rendered":"P\u00f3s-gradua\u00e7\u00e3o em sociologia: UFMG tem sele\u00e7\u00e3o no mestrado e doutorado"},"content":{"rendered":"\n<figure class=\"wp-block-image size-large\"><img loading=\"lazy\" decoding=\"async\" width=\"712\" height=\"474\" src=\"https:\/\/radardofuturo.com.br\/test\/wp-content\/uploads\/2020\/09\/predio-fafich-ufmg-foto-foca-lisboa.jpg\" alt=\"\" class=\"wp-image-13001\" srcset=\"https:\/\/radardofuturo.com.br\/test\/wp-content\/uploads\/2020\/09\/predio-fafich-ufmg-foto-foca-lisboa.jpg 712w, https:\/\/radardofuturo.com.br\/test\/wp-content\/uploads\/2020\/09\/predio-fafich-ufmg-foto-foca-lisboa-300x200.jpg 300w, https:\/\/radardofuturo.com.br\/test\/wp-content\/uploads\/2020\/09\/predio-fafich-ufmg-foto-foca-lisboa-696x463.jpg 696w\" sizes=\"auto, (max-width: 712px) 100vw, 712px\"><figcaption>Pr&eacute;dio da Fafich, sede do Departamento de Sociologia &ndash; Foca Lisboa \/ UFMG<\/figcaption><\/figure>\n\n\n\n<p>Linhas de pesquisa abarcam temas como crime, economia, religi&atilde;o e tecnologia<\/p>\n\n\n\n<!--more-->\n\n\n\n<p>Est&atilde;o abertas at&eacute; 23 de outubro, por meio de editais regular e suplementar, as inscri&ccedil;&otilde;es para sele&ccedil;&atilde;o de candidatos aos cursos de mestrado e doutorado do Programa de P&oacute;s-gradua&ccedil;&atilde;o em Sociologia da Fafich.<\/p>\n\n\n\n<p>De acordo com o edital regular, s&atilde;o ofertadas 20 vagas para o mestrado e 12 para o doutorado, para ingresso no primeiro semestre letivo de 2021. Um quarto das vagas, em cada n&iacute;vel, ser&aacute; preenchida por candidatos autodeclarados negros.<\/p>\n\n\n\n<p>O edital suplementar, por sua vez, &eacute; destinado a ind&iacute;genas e pessoas com defici&ecirc;ncia e oferece, para cada modalidade, uma vaga de mestrado e uma de doutorado.<\/p>\n\n\n\n<p>As inscri&ccedil;&otilde;es ser&atilde;o feitas exclusivamente on-line, por meio de link dispon&iacute;vel no site do Programa. O valor da taxa &eacute; de R$ 164,10.<\/p>\n\n\n\n<p>No ato da inscri&ccedil;&atilde;o, os candidatos devem optar por uma das seguintes linhas de pesquisa: Sociologia do crime, do desvio e do conflito, Sociologia das desigualdades e da estratifica&ccedil;&atilde;o, Sociologia econ&ocirc;mica e das organiza&ccedil;&otilde;es, Sociologia urbana e das popula&ccedil;&otilde;es, Sociologia da religi&atilde;o e da cultura e Sociologia do conhecimento, da ci&ecirc;ncia e da tecnologia.<\/p>\n\n\n\n<p>Mais informa&ccedil;&otilde;es est&atilde;o dispon&iacute;veis na p&aacute;gina do Programa.<\/p>\n","protected":false},"excerpt":{"rendered":"<p>Linhas de pesquisa abarcam temas como crime, economia, religi&atilde;o e tecnologia<\/p>\n","protected":false},"author":15,"featured_media":13001,"comment_status":"open","ping_status":"open","sticky":false,"template":"","format":"standard","meta":{"tdm_status":"","tdm_grid_status":"","footnotes":"","jetpack_publicize_message":"","jetpack_publicize_feature_enabled":true,"jetpack_social_post_already_shared":true,"jetpack_social_options":{"image_generator_settings":{"template":"highway","enabled":false},"version":2}},"categories":[2014],"tags":[1777,2192,2193],"class_list":{"0":"post-12993","1":"post","2":"type-post","3":"status-publish","4":"format-standard","5":"has-post-thumbnail","7":"category-pos-graduacao","8":"tag-pos-graduacao","9":"tag-pos-graduacao-em-ciencias-sociais","10":"tag-pos-graduacao-em-sociologia"},"jetpack_publicize_connections":[],"jetpack_featured_media_url":"https:\/\/radardofuturo.com.br\/test\/wp-content\/uploads\/2020\/09\/predio-fafich-ufmg-foto-foca-lisboa.jpg","post_mailing_queue_ids":[],"_links":{"self":[{"href":"https:\/\/radardofuturo.com.br\/test\/wp-json\/wp\/v2\/posts\/12993","targetHints":{"allow":["GET"]}}],"collection":[{"href":"https:\/\/radardofuturo.com.br\/test\/wp-json\/wp\/v2\/posts"}],"about":[{"href":"https:\/\/radardofuturo.com.br\/test\/wp-json\/wp\/v2\/types\/post"}],"author":[{"embeddable":true,"href":"https:\/\/radardofuturo.com.br\/test\/wp-json\/wp\/v2\/users\/15"}],"replies":[{"embeddable":true,"href":"https:\/\/radardofuturo.com.br\/test\/wp-json\/wp\/v2\/comments?post=12993"}],"version-history":[{"count":0,"href":"https:\/\/radardofuturo.com.br\/test\/wp-json\/wp\/v2\/posts\/12993\/revisions"}],"wp:featuredmedia":[{"embeddable":true,"href":"https:\/\/radardofuturo.com.br\/test\/wp-json\/wp\/v2\/media\/13001"}],"wp:attachment":[{"href":"https:\/\/radardofuturo.com.br\/test\/wp-json\/wp\/v2\/media?parent=12993"}],"wp:term":[{"taxonomy":"category","embeddable":true,"href":"https:\/\/radardofuturo.com.br\/test\/wp-json\/wp\/v2\/categories?post=12993"},{"taxonomy":"post_tag","embeddable":true,"href":"https:\/\/radardofuturo.com.br\/test\/wp-json\/wp\/v2\/tags?post=12993"}],"curies":[{"name":"wp","href":"https:\/\/api.w.org\/{rel}","templated":true}]}}