{"id":12941,"date":"2020-09-22T15:03:53","date_gmt":"2020-09-22T18:03:53","guid":{"rendered":"https:\/\/radardofuturo.com.br\/?p=12941"},"modified":"2020-09-22T15:03:57","modified_gmt":"2020-09-22T18:03:57","slug":"impactos-pos-pandemia-sao-assunto-do-maior-congresso-juridico-de-mg","status":"publish","type":"post","link":"https:\/\/radardofuturo.com.br\/test\/impactos-pos-pandemia-sao-assunto-do-maior-congresso-juridico-de-mg\/","title":{"rendered":"Impactos p\u00f3s-pandemia s\u00e3o assunto do maior congresso jur\u00eddico de MG"},"content":{"rendered":"\n<figure class=\"wp-block-image size-large\"><img loading=\"lazy\" decoding=\"async\" width=\"1024\" height=\"682\" src=\"https:\/\/radardofuturo.com.br\/test\/wp-content\/uploads\/2019\/11\/estudante-estudando-no-computador-foto-pixabay-1024x682.jpg\" alt=\"Homem utiliza teclado para escrever em notebook Foto: Pixabay\" class=\"wp-image-8613\" srcset=\"https:\/\/radardofuturo.com.br\/test\/wp-content\/uploads\/2019\/11\/estudante-estudando-no-computador-foto-pixabay-1024x682.jpg 1024w, https:\/\/radardofuturo.com.br\/test\/wp-content\/uploads\/2019\/11\/estudante-estudando-no-computador-foto-pixabay-300x200.jpg 300w, https:\/\/radardofuturo.com.br\/test\/wp-content\/uploads\/2019\/11\/estudante-estudando-no-computador-foto-pixabay-768x512.jpg 768w, https:\/\/radardofuturo.com.br\/test\/wp-content\/uploads\/2019\/11\/estudante-estudando-no-computador-foto-pixabay-696x464.jpg 696w, https:\/\/radardofuturo.com.br\/test\/wp-content\/uploads\/2019\/11\/estudante-estudando-no-computador-foto-pixabay.jpg 1280w\" sizes=\"auto, (max-width: 1024px) 100vw, 1024px\"><figcaption>IV Congresso de Direito do Vetor Norte (CDVN), que agora tem cunho solid&aacute;rio, acontece on-line entre os dias 20 e 22 de outubro<\/figcaption><\/figure>\n\n\n\n<p>Sob o tema &ldquo;Estado e Sociedade no mundo p&oacute;s-pandemia&rdquo;, evento gratuito conta com grandes refer&ecirc;ncias nacionais e internacionais em seu line-up<\/p>\n\n\n\n<!--more-->\n\n\n\n<p>Toda crise implica em grandes transforma&ccedil;&otilde;es. Com a COVID-19 n&atilde;o foi diferente. A pandemia imp&ocirc;s, do dia para a noite, uma reconfigura&ccedil;&atilde;o nas formas de trabalho, de consumo e de rela&ccedil;&otilde;es sociais. Discutir solu&ccedil;&otilde;es com um olhar jur&iacute;dico sob as esferas p&uacute;blica e social &eacute; a premissa do CVDN, que ser&aacute; realizado de maneira totalmente virtual, com palestras transmitidas ao vivo pelo Youtube e apresenta&ccedil;&atilde;o de trabalhos tem&aacute;ticos realizadas por meio da plataforma de confer&ecirc;ncia Zoom. Um evento transformador, que tem o objetivo de estimular uma reflex&atilde;o cr&iacute;tica e promete mudar a vis&atilde;o de mundo de quem participar.<\/p>\n\n\n\n<p>Os conte&uacute;dos apresentados abordam assuntos latentes como democracia, racismo, sa&uacute;de, cidadania e tecnologia. A experi&ecirc;ncia de o congresso ser realizado on-line ainda possibilitou a presen&ccedil;a dos palestrantes internacionais. Entre os nomes mais esperados est&aacute; David Carroll, professor universit&aacute;rio americano conhecido por desafiar a Cambridge Analityc e atuar no Filme &ldquo;Privacidade Hackeada&rdquo;, dispon&iacute;vel na Netflix. &ldquo;Democracia em tempos de Pandemia&rdquo;, com Bruce Ackerman (Universidade de Yale) e &ldquo;O Mercosul e a COVID-19: presente e futuro&rdquo;, com Alejandro Perotti (Universidade Austral, na Argentina) tamb&eacute;m est&atilde;o entre os assuntos mais cotados.<\/p>\n\n\n\n<p>A programa&ccedil;&atilde;o foi dividida em dois momentos distintos. Nos per&iacute;odos da manh&atilde; e da noite ser&atilde;o ministradas as palestras que circundam o tema geral do CDVN. Logo ap&oacute;s cada uma delas, ser&atilde;o realizados debates conduzidos pelos pr&oacute;prios participantes. &Agrave; tarde, ser&atilde;o apresentados os Resumos Expandidos, que t&ecirc;m o objetivo de promover o interc&acirc;mbio entre pesquisadores de diversas institui&ccedil;&otilde;es e o debate sobre temas afetos ao contexto do congresso. Os trabalhos aprovados ser&atilde;o publicados sob a forma de anais. Caso os autores tenham interesse, tamb&eacute;m podem transform&aacute;-los em artigos, sob a forma de e-book.<\/p>\n\n\n\n<p>&ldquo;Somente em 2019 foram mais de 500 inscritos, entre profissionais e estudantes da &aacute;rea do Direito. A expectativa para este ano &eacute; bater a marca dos 800&rdquo;, afirma o professor Raphael Maia, um dos coorganizadores do evento junto com o canal &ldquo;Quero Aprender Direito&rdquo;. O CDVN j&aacute; recebeu, em anos anteriores, o ministro Luiz Fux, o procurador Rog&eacute;rio Grecco e o Tenente Pedro Aihara. Para Maia, o congresso &eacute; uma oportunidade &uacute;nica para discutir importantes e urgentes formas de reorganiza&ccedil;&atilde;o de Estado e Sociedade ap&oacute;s a pandemia da COVID-19, al&eacute;m de promover o networking, essencial para aprimorar o desenvolvimento acad&ecirc;mico e profissional na &aacute;rea.<\/p>\n\n\n\n<p>As inscri&ccedil;&otilde;es podem ser realizadas pelo Sympla. Uma das novidades deste ano &eacute; o cunho filantr&oacute;pico do evento. Por meio da &ldquo;Inscri&ccedil;&atilde;o Solid&aacute;ria&rdquo; (no valor de R$ 5,00), o participante poder&aacute; ajudar outras pessoas, al&eacute;m de receber um certificado de presen&ccedil;a. Todos os recursos arrecadados ser&atilde;o integralmente repassados ao Instituto Show no Esporte Show na Escola, localizado em BH e &agrave; comunidade ind&iacute;gena Maxacali, que fica no Vale do Mucuri.<\/p>\n\n\n\n<h2 class=\"wp-block-heading\">O Congresso de Direito do Vetor Norte<\/h2>\n\n\n\n<p>O CDVN, que j&aacute; foi realizado por tr&ecirc;s anos consecutivos na Faculdade FAMINAS, acontece de forma totalmente on-line neste ano para evitar a aglomera&ccedil;&atilde;o de pessoas. A escolha da regi&atilde;o, que deu origem ao nome, se deu pelo Vetor Norte de Belo Horizonte ter se consolidado como um polo econ&ocirc;mico em constante ascens&atilde;o. &ldquo;O Vetor Norte da capital merece aten&ccedil;&atilde;o, pois, est&aacute; em cont&iacute;nuo crescimento. Privilegiada, a regi&atilde;o conecta-se a dezenas de munic&iacute;pios da regi&atilde;o metropolitana de BH e possui localiza&ccedil;&atilde;o favorecida em rela&ccedil;&atilde;o aos aeroportos da cidade, al&eacute;m de estar pr&oacute;xima &agrave; Cidade Administrativa, espa&ccedil;o que hospeda o Executivo Estadual Mineiro&rdquo;, finaliza Maia.<\/p>\n\n\n\n<h5 class=\"wp-block-heading\">Servi&ccedil;o<\/h5>\n\n\n\n<h2 class=\"wp-block-heading\">IV Congresso do Vetor Norte<\/h2>\n\n\n\n<ul class=\"wp-block-list\"><li><strong>Data<\/strong>: 20, 21 e 22 de outubro<\/li><li><strong>Informa&ccedil;&otilde;es e inscri&ccedil;&otilde;es<\/strong>: <a href=\"https:\/\/bit.ly\/2RyhYe8\" class=\"rank-math-link\" target=\"_blank\" rel=\"noopener\">https:\/\/bit.ly\/2RyhYe8<\/a><\/li><li><strong>Informa&ccedil;&otilde;es pelo telefone<\/strong>: (31) 9 9629-0389<\/li><li><strong>E-mail para contato<\/strong>: contato@congressodovetornorte.com.br<\/li><\/ul>\n\n\n\n<p><\/p>\n","protected":false},"excerpt":{"rendered":"<p>IV Congresso de Direito do Vetor Norte (CDVN), que agora tem cunho solid&aacute;rio, acontece on-line entre os dias 20 e 22 de outubro<\/p>\n","protected":false},"author":1,"featured_media":8613,"comment_status":"open","ping_status":"open","sticky":false,"template":"","format":"standard","meta":{"tdm_status":"","tdm_grid_status":"","footnotes":"","jetpack_publicize_message":"","jetpack_publicize_feature_enabled":true,"jetpack_social_post_already_shared":true,"jetpack_social_options":{"image_generator_settings":{"template":"highway","enabled":false},"version":2}},"categories":[18],"tags":[247],"class_list":{"0":"post-12941","1":"post","2":"type-post","3":"status-publish","4":"format-standard","5":"has-post-thumbnail","7":"category-eventos","8":"tag-evento"},"jetpack_publicize_connections":[],"jetpack_featured_media_url":"https:\/\/radardofuturo.com.br\/test\/wp-content\/uploads\/2019\/11\/estudante-estudando-no-computador-foto-pixabay.jpg","post_mailing_queue_ids":[],"_links":{"self":[{"href":"https:\/\/radardofuturo.com.br\/test\/wp-json\/wp\/v2\/posts\/12941","targetHints":{"allow":["GET"]}}],"collection":[{"href":"https:\/\/radardofuturo.com.br\/test\/wp-json\/wp\/v2\/posts"}],"about":[{"href":"https:\/\/radardofuturo.com.br\/test\/wp-json\/wp\/v2\/types\/post"}],"author":[{"embeddable":true,"href":"https:\/\/radardofuturo.com.br\/test\/wp-json\/wp\/v2\/users\/1"}],"replies":[{"embeddable":true,"href":"https:\/\/radardofuturo.com.br\/test\/wp-json\/wp\/v2\/comments?post=12941"}],"version-history":[{"count":0,"href":"https:\/\/radardofuturo.com.br\/test\/wp-json\/wp\/v2\/posts\/12941\/revisions"}],"wp:featuredmedia":[{"embeddable":true,"href":"https:\/\/radardofuturo.com.br\/test\/wp-json\/wp\/v2\/media\/8613"}],"wp:attachment":[{"href":"https:\/\/radardofuturo.com.br\/test\/wp-json\/wp\/v2\/media?parent=12941"}],"wp:term":[{"taxonomy":"category","embeddable":true,"href":"https:\/\/radardofuturo.com.br\/test\/wp-json\/wp\/v2\/categories?post=12941"},{"taxonomy":"post_tag","embeddable":true,"href":"https:\/\/radardofuturo.com.br\/test\/wp-json\/wp\/v2\/tags?post=12941"}],"curies":[{"name":"wp","href":"https:\/\/api.w.org\/{rel}","templated":true}]}}