{"id":12891,"date":"2020-09-21T10:11:53","date_gmt":"2020-09-21T13:11:53","guid":{"rendered":"https:\/\/radardofuturo.com.br\/?p=12891"},"modified":"2020-09-21T10:11:59","modified_gmt":"2020-09-21T13:11:59","slug":"pesquisa-da-onu-aponta-medos-e-esperancas-em-relacao-ao-futuro","status":"publish","type":"post","link":"https:\/\/radardofuturo.com.br\/test\/pesquisa-da-onu-aponta-medos-e-esperancas-em-relacao-ao-futuro\/","title":{"rendered":"Pesquisa da ONU aponta medos e esperan\u00e7as em rela\u00e7\u00e3o ao futuro"},"content":{"rendered":"\n<figure class=\"wp-block-image size-large\"><img loading=\"lazy\" decoding=\"async\" width=\"1024\" height=\"398\" src=\"https:\/\/radardofuturo.com.br\/test\/wp-content\/uploads\/2020\/09\/mulher-de-saint-ktts-e-nevis-no-caribe-que-respondeu-a-pergunta-da-ONU-1024x398.jpg\" alt=\"\" class=\"wp-image-12892\" srcset=\"https:\/\/radardofuturo.com.br\/test\/wp-content\/uploads\/2020\/09\/mulher-de-saint-ktts-e-nevis-no-caribe-que-respondeu-a-pergunta-da-ONU-1024x398.jpg 1024w, https:\/\/radardofuturo.com.br\/test\/wp-content\/uploads\/2020\/09\/mulher-de-saint-ktts-e-nevis-no-caribe-que-respondeu-a-pergunta-da-ONU-300x117.jpg 300w, https:\/\/radardofuturo.com.br\/test\/wp-content\/uploads\/2020\/09\/mulher-de-saint-ktts-e-nevis-no-caribe-que-respondeu-a-pergunta-da-ONU-768x299.jpg 768w, https:\/\/radardofuturo.com.br\/test\/wp-content\/uploads\/2020\/09\/mulher-de-saint-ktts-e-nevis-no-caribe-que-respondeu-a-pergunta-da-ONU-696x271.jpg 696w, https:\/\/radardofuturo.com.br\/test\/wp-content\/uploads\/2020\/09\/mulher-de-saint-ktts-e-nevis-no-caribe-que-respondeu-a-pergunta-da-ONU-1392x541.jpg 1392w, https:\/\/radardofuturo.com.br\/test\/wp-content\/uploads\/2020\/09\/mulher-de-saint-ktts-e-nevis-no-caribe-que-respondeu-a-pergunta-da-ONU.jpg 1440w\" sizes=\"auto, (max-width: 1024px) 100vw, 1024px\"><figcaption>Pessoas, como a moradora de Saint Kitts e Nevis, no Caribe, participaram como representantes de todos os 193 Estados Membros da ONU<\/figcaption><\/figure>\n\n\n\n<p>Pesquisa compartilhou as expectativas de um milh&atilde;o de pessoas em todo o planeta<\/p>\n\n\n\n<!--more-->\n\n\n\n<div class=\"wp-block-columns is-layout-flex wp-container-core-columns-is-layout-9d6595d7 wp-block-columns-is-layout-flex\">\n<div class=\"wp-block-column is-layout-flow wp-block-column-is-layout-flow\" style=\"flex-basis:33.33%\">\n<h2 class=\"wp-block-heading\">Sobre a pesquisa<\/h2>\n\n\n\n<ul class=\"wp-block-list\"><li>Pessoas responderam de todos os 193 Estados Membros da ONU<\/li><li>Homens e mulheres participaram em n&uacute;meros iguais<\/li><li>51% dos entrevistados tinham menos de 30 anos.<\/li><li>30% dos entrevistados vieram do centro e sul da &Aacute;sia<\/li><li>A pr&oacute;xima &aacute;rea geogr&aacute;fica mais envolvida com 23,5% foi a &Aacute;frica Subsaariana, com a Europa n&atilde;o muito atr&aacute;s com 15%.<\/li><\/ul>\n<\/div>\n\n\n\n<div class=\"wp-block-column is-layout-flow wp-block-column-is-layout-flow\" style=\"flex-basis:66.66%\">\n<p>Os resultados s&atilde;o de uma pesquisa massiva e sem precedentes de crowdsourcing da opini&atilde;o internacional, lan&ccedil;ada em janeiro de 2020 para marcar o 75&ordm; anivers&aacute;rio das Na&ccedil;&otilde;es Unidas. Participantes de todas as esferas da vida, mulheres, homens, meninas e meninos em pa&iacute;ses desenvolvidos e em desenvolvimento foram encorajados a compartilhar suas esperan&ccedil;as e medos para o futuro e como a ONU pode ajudar a trazer mudan&ccedil;as.<\/p>\n\n\n\n<p>N&atilde;o importa de onde eles vieram, sua origem, idade ou sexo, os participantes do exerc&iacute;cio foram, a ONU disse, &ldquo;notavelmente unidos&rdquo; em sua vis&atilde;o do futuro.<\/p>\n<\/div>\n<\/div>\n\n\n\n<p>Aqui est&atilde;o cinco conclus&otilde;es principais do relat&oacute;rio publicado pela ONU<\/p>\n\n\n\n<h2 class=\"wp-block-heading\">1) Melhores servi&ccedil;os b&aacute;sicos<\/h2>\n\n\n\n<p>O mundo inteiro continua dominado pela pandemia COVID-19 , ent&atilde;o talvez n&atilde;o seja surpreendente que a prioridade imediata da maioria das pessoas que participaram da pesquisa, que tem continuado durante todo o bloqueio global causado pela pandemia, seja melhorar o acesso aos servi&ccedil;os b&aacute;sicos. O que inclui sa&uacute;de, &aacute;gua e saneamento, bem como educa&ccedil;&atilde;o. Muitos acreditam que o acesso &agrave; educa&ccedil;&atilde;o e aos direitos das mulheres acabar&aacute; melhorando.<\/p>\n\n\n\n<p>Segundo um entrevistado no M&eacute;xico, &ldquo;o v&iacute;rus tirou empregos, intera&ccedil;&otilde;es, educa&ccedil;&atilde;o e paz. O medo est&aacute; em toda parte e as pessoas n&atilde;o est&atilde;o respondendo bem a ele &rdquo;.<\/p>\n\n\n\n<h2 class=\"wp-block-heading\">2) Mais coopera&ccedil;&atilde;o internacional<\/h2>\n\n\n\n<p>A pandemia COVID-19 sublinhou, segundo as Na&ccedil;&otilde;es Unidas, a necessidade de coopera&ccedil;&atilde;o internacional para desenvolver, produzir e distribuir uma vacina para que todos os pa&iacute;ses, ricos e pobres, beneficiem. &Eacute; parte da import&acirc;ncia que a ONU d&aacute; ao multilateralismo; pa&iacute;ses trabalhando de forma colaborativa e produtiva para o bem comum.<\/p>\n\n\n\n<p>E parece que muitos dos um milh&atilde;o de entrevistados concordam que isso &eacute; bom. Um significativo n&uacute;mero de 87 por cento das pessoas acreditam que a coopera&ccedil;&atilde;o internacional &eacute; vital para lidar com os desafios globais e que a COVID-19 tornou a solidariedade internacional ainda mais urgente.<\/p>\n\n\n\n<p>Um entrevistado da Alb&acirc;nia sublinha a import&acirc;ncia da responsabilidade social partilhada: &ldquo;&Eacute; de suma import&acirc;ncia que a recupera&ccedil;&atilde;o seja constru&iacute;da sobre o esp&iacute;rito da humanidade. A li&ccedil;&atilde;o que aprendemos com a pandemia &eacute; que literalmente ningu&eacute;m est&aacute; seguro a menos que todos estejam seguros &rdquo;.<\/p>\n\n\n\n<h2 class=\"wp-block-heading\">3) A&ccedil;&atilde;o clim&aacute;tica<\/h2>\n\n\n\n<p>A aparente incapacidade da humanidade de desacelerar o aquecimento do planeta, de prevenir mudan&ccedil;as clim&aacute;ticas irrevers&iacute;veis e a destrui&ccedil;&atilde;o resultante do meio ambiente natural, &eacute; a preocupa&ccedil;&atilde;o avassaladora de m&eacute;dio e longo prazo das pessoas que foram pesquisadas. Outras preocupa&ccedil;&otilde;es de longo prazo incluem o aumento da pobreza, corrup&ccedil;&atilde;o governamental, viol&ecirc;ncia comunit&aacute;ria e desemprego.<\/p>\n\n\n\n<p>Um jovem da China diz que todos s&atilde;o afetados pela mudan&ccedil;a clim&aacute;tica: &ldquo;A atual mudan&ccedil;a clim&aacute;tica global como resultado da polui&ccedil;&atilde;o ambiental est&aacute; colocando indiv&iacute;duos e popula&ccedil;&otilde;es inteiras em maior risco&rdquo;.<\/p>\n\n\n\n<h2 class=\"wp-block-heading\">4) Mais envolvimento da ONU<\/h2>\n\n\n\n<p>Olhando para o passado, seis em cada dez entrevistados acreditam que a ONU tornou o mundo um lugar melhor e 74% dizem que a ONU &eacute; &ldquo;essencial&rdquo; para que os desafios globais sejam enfrentados com efic&aacute;cia. No entanto, mais da metade de todas as pessoas que responderam &agrave; pesquisa ainda n&atilde;o sabem muito sobre a ONU e a consideram &ldquo;remota&rdquo; de suas vidas.<\/p>\n\n\n\n<p>Muitos recomendaram o estabelecimento de um conselho da juventude para aconselhar altos funcion&aacute;rios da ONU e um entrevistado do Brasil sugeriu mais engajamento em n&iacute;vel regional e local: &ldquo;A ONU poderia agir fazendo maiores engajamentos com atores regionais e locais, investindo no futuro fornecendo meios que fomentem o desenvolvimento da autonomia dos atores sociais. &rdquo;<\/p>\n\n\n\n<h2 class=\"wp-block-heading\">5) Cren&ccedil;a em um futuro melhor<\/h2>\n\n\n\n<p>Quando se trata do futuro, os participantes mais jovens e os de muitos pa&iacute;ses em desenvolvimento tendem a ser mais otimistas do que os mais velhos ou que vivem em pa&iacute;ses desenvolvidos. Pessoas na &Aacute;sia Central e Meridional e na &Aacute;frica Subsaariana tendem a ser mais otimistas do que as que vivem na Europa e na Am&eacute;rica do Norte.<\/p>\n\n\n\n<p>&ldquo;Ningu&eacute;m est&aacute; impotente.&rdquo; diz um estudante japon&ecirc;s de 17 anos de idade.<\/p>\n","protected":false},"excerpt":{"rendered":"<p>Pesquisa compartilhou as expectativas de um milh&atilde;o de pessoas em todo o planeta<\/p>\n","protected":false},"author":1,"featured_media":12892,"comment_status":"open","ping_status":"open","sticky":false,"template":"","format":"standard","meta":{"tdm_status":"","tdm_grid_status":"","footnotes":"","jetpack_publicize_message":"","jetpack_publicize_feature_enabled":true,"jetpack_social_post_already_shared":true,"jetpack_social_options":{"image_generator_settings":{"template":"highway","enabled":false},"version":2}},"categories":[20,19],"tags":[2184,797],"class_list":{"0":"post-12891","1":"post","2":"type-post","3":"status-publish","4":"format-standard","5":"has-post-thumbnail","7":"category-destaques","8":"category-insights","9":"tag-expectativas-sobre-o-futuro","10":"tag-futuro-do-planeta"},"jetpack_publicize_connections":[],"jetpack_featured_media_url":"https:\/\/radardofuturo.com.br\/test\/wp-content\/uploads\/2020\/09\/mulher-de-saint-ktts-e-nevis-no-caribe-que-respondeu-a-pergunta-da-ONU.jpg","post_mailing_queue_ids":[],"_links":{"self":[{"href":"https:\/\/radardofuturo.com.br\/test\/wp-json\/wp\/v2\/posts\/12891","targetHints":{"allow":["GET"]}}],"collection":[{"href":"https:\/\/radardofuturo.com.br\/test\/wp-json\/wp\/v2\/posts"}],"about":[{"href":"https:\/\/radardofuturo.com.br\/test\/wp-json\/wp\/v2\/types\/post"}],"author":[{"embeddable":true,"href":"https:\/\/radardofuturo.com.br\/test\/wp-json\/wp\/v2\/users\/1"}],"replies":[{"embeddable":true,"href":"https:\/\/radardofuturo.com.br\/test\/wp-json\/wp\/v2\/comments?post=12891"}],"version-history":[{"count":0,"href":"https:\/\/radardofuturo.com.br\/test\/wp-json\/wp\/v2\/posts\/12891\/revisions"}],"wp:featuredmedia":[{"embeddable":true,"href":"https:\/\/radardofuturo.com.br\/test\/wp-json\/wp\/v2\/media\/12892"}],"wp:attachment":[{"href":"https:\/\/radardofuturo.com.br\/test\/wp-json\/wp\/v2\/media?parent=12891"}],"wp:term":[{"taxonomy":"category","embeddable":true,"href":"https:\/\/radardofuturo.com.br\/test\/wp-json\/wp\/v2\/categories?post=12891"},{"taxonomy":"post_tag","embeddable":true,"href":"https:\/\/radardofuturo.com.br\/test\/wp-json\/wp\/v2\/tags?post=12891"}],"curies":[{"name":"wp","href":"https:\/\/api.w.org\/{rel}","templated":true}]}}