{"id":12673,"date":"2020-09-14T11:45:32","date_gmt":"2020-09-14T14:45:32","guid":{"rendered":"https:\/\/radardofuturo.com.br\/?p=12673"},"modified":"2020-09-14T11:45:38","modified_gmt":"2020-09-14T14:45:38","slug":"como-os-conflitos-por-agua-devem-aumentar-em-meio-as-mudancas-climaticas","status":"publish","type":"post","link":"https:\/\/radardofuturo.com.br\/test\/como-os-conflitos-por-agua-devem-aumentar-em-meio-as-mudancas-climaticas\/","title":{"rendered":"Como os conflitos por \u00e1gua devem aumentar em meio \u00e0s mudan\u00e7as clim\u00e1ticas"},"content":{"rendered":"\n<figure class=\"wp-block-image size-large\"><img loading=\"lazy\" decoding=\"async\" width=\"1024\" height=\"681\" src=\"https:\/\/radardofuturo.com.br\/test\/wp-content\/uploads\/2020\/09\/disputa-por-agua-gera-novos-conflitos-1024x681.jpg\" alt=\"\" class=\"wp-image-12739\" srcset=\"https:\/\/radardofuturo.com.br\/test\/wp-content\/uploads\/2020\/09\/disputa-por-agua-gera-novos-conflitos-1024x681.jpg 1024w, https:\/\/radardofuturo.com.br\/test\/wp-content\/uploads\/2020\/09\/disputa-por-agua-gera-novos-conflitos-300x200.jpg 300w, https:\/\/radardofuturo.com.br\/test\/wp-content\/uploads\/2020\/09\/disputa-por-agua-gera-novos-conflitos-768x511.jpg 768w, https:\/\/radardofuturo.com.br\/test\/wp-content\/uploads\/2020\/09\/disputa-por-agua-gera-novos-conflitos-1536x1022.jpg 1536w, https:\/\/radardofuturo.com.br\/test\/wp-content\/uploads\/2020\/09\/disputa-por-agua-gera-novos-conflitos-2048x1363.jpg 2048w, https:\/\/radardofuturo.com.br\/test\/wp-content\/uploads\/2020\/09\/disputa-por-agua-gera-novos-conflitos-696x463.jpg 696w, https:\/\/radardofuturo.com.br\/test\/wp-content\/uploads\/2020\/09\/disputa-por-agua-gera-novos-conflitos-1392x926.jpg 1392w\" sizes=\"auto, (max-width: 1024px) 100vw, 1024px\"><figcaption>De chuvas err&aacute;ticas a secas severas, o aquecimento global est&aacute; aumentando a concorr&ecirc;ncia por &aacute;gua em todo o mundo, com conflitos relacionados &agrave; &aacute;gua.<\/figcaption><\/figure>\n\n\n\n<p>Uma em cada quatro crian&ccedil;as em todo o mundo estar&aacute; vivendo em &aacute;reas de estresse h&iacute;drico extremamente elevado at&eacute; 2040<\/p>\n\n\n\n<!--more-->\n\n\n\n<p>Carlos Pl&aacute;cido Teixeira<br>Radar do Futuro<\/p>\n\n\n\n<p>Mais de dois bilh&otilde;es de pessoas vivem em pa&iacute;ses que sofrem de estresse h&iacute;drico &ldquo;alto&rdquo;. A proje&ccedil;&atilde;o &eacute; do World Resources Institute (WRI), organiza&ccedil;&atilde;o n&atilde;o governamental ambientalista e conservacionista, sediada em Washington, nos Estados Unidos. O registro torna ainda mais urgente as a&ccedil;&otilde;es de conserva&ccedil;&atilde;o de florestas, p&acirc;ntanos e bacias hidrogr&aacute;ficas, incluindo aquelas ao redor das cidades. S&atilde;o iniciativas que ajudam a absorver as chuvas, ajudando a conter as perdas das culturas com inunda&ccedil;&otilde;es e secas.<\/p>\n\n\n\n<p>Mat&eacute;ria publicada por Anastasia Moloney, correspondente da Am&eacute;rica Latina e Caribe da Funda&ccedil;&atilde;o Thomson Reuters<br>destaca que do I&ecirc;men &agrave; &Iacute;ndia e partes da Am&eacute;rica Central ao Sahel Africano, cerca de um quarto das pessoas do mundo enfrentam extrema escassez de &aacute;gua que est&aacute; alimentando conflitos, agita&ccedil;&atilde;o social e migra&ccedil;&atilde;o. Com a popula&ccedil;&atilde;o mundial aumentando e as mudan&ccedil;as clim&aacute;ticas trazendo chuvas mais err&aacute;ticas, incluindo secas severas, a concorr&ecirc;ncia por &aacute;gua mais escassa est&aacute; crescendo, com s&eacute;rias consequ&ecirc;ncias.<\/p>\n\n\n\n<p>&ldquo;Se n&atilde;o houver &aacute;gua, as pessoas come&ccedil;ar&atilde;o a se mover. Se n&atilde;o houver &aacute;gua, os pol&iacute;ticos v&atilde;o tentar colocar as m&atilde;os nela e podem come&ccedil;ar a lutar por isso&rdquo;, alertou Kitty van der Heijden, chefe de coopera&ccedil;&atilde;o internacional do Minist&eacute;rio das Rela&ccedil;&otilde;es Exteriores dos Pa&iacute;ses Baixos. &ldquo;S&atilde;o amea&ccedil;as como essas que me mant&ecirc;m acordado &agrave; noite&rdquo;, disse a diplomata em um webinar organizado WRI. De acordo com o instituto, 17 pa&iacute;ses enfrentam n&iacute;veis &ldquo;extremamente altos&rdquo; de estresse h&iacute;drico, enquanto mais de dois bilh&otilde;es de pessoas vivem em pa&iacute;ses que sofrem de estresse h&iacute;drico &ldquo;alto&rdquo;. <\/p>\n\n\n\n<h2 class=\"wp-block-heading\">Agravamento do cen&aacute;rio<\/h2>\n\n\n\n<p>As mudan&ccedil;as clim&aacute;ticas est&atilde;o agravando o desafio, disse ela, com cidades como Chennai, da &Iacute;ndia, e cidade do Cabo, da &Aacute;frica do Sul, lutando contra severa escassez de &aacute;gua nos &uacute;ltimos anos relacionadas em parte a chuvas irregulares. As disputas sobre a &aacute;gua serviram como ponto de inflama&ccedil;&atilde;o, gerando instabilidade pol&iacute;tica e conflitos, disseram os especialistas em &aacute;gua. E &ldquo;os riscos de disputas relacionadas &agrave; &aacute;gua est&atilde;o crescendo .. em parte por causa da crescente escassez sobre a &aacute;gua&rdquo;, disse Peter Gleick, co-fundador do Pacific Institute, com sede na Calif&oacute;rnia, que publicou conjuntamente o relat&oacute;rio com a WRI e a The Water, Peace and Security Partnership.<\/p>\n\n\n\n<p>Mas &agrave; medida que a escassez de &aacute;gua cresce, os sistemas de &aacute;gua tamb&eacute;m est&atilde;o se tornando alvos em outros tipos de conflitos, disse Gleick, cujo instituto compilou uma cronologia dos conflitos h&iacute;dricos que remonta a 5 mil anos. No I&ecirc;men, anos de combates destru&iacute;ram a infraestrutura h&iacute;drica, deixando milh&otilde;es sem &aacute;gua pot&aacute;vel para beber ou cultivar culturas. Po&ccedil;os e outras instala&ccedil;&otilde;es de &aacute;gua tamb&eacute;m foram alvos na Som&aacute;lia, Iraque, S&iacute;ria e outros pa&iacute;ses, disse ele.<\/p>\n\n\n\n<p>As secas recorrentes em partes da Am&eacute;rica Central e do Sahel Africano nos &uacute;ltimos anos desencadearam a migra&ccedil;&atilde;o de agricultores de subsist&ecirc;ncia, cujas colheitas foram dizimadas por baixas chuvas, buscam ref&uacute;gio e empregos em outros pa&iacute;ses. Uma das chaves para combater a escassez de &aacute;gua &eacute; aumentar o investimento em mais escassez de &aacute;gua na agricultura, uma ind&uacute;stria que absorve mais de dois ter&ccedil;os da &aacute;gua usada pelas pessoas a cada ano, disseram os especialistas.<\/p>\n\n\n\n<h2 class=\"wp-block-heading\">Busca por solu&ccedil;&otilde;es<\/h2>\n\n\n\n<p>Os agricultores em algumas &aacute;reas atingidas pela seca est&atilde;o mudando para irriga&ccedil;&atilde;o mais eficiente ou irriga&ccedil;&atilde;o por gotejamento. E est&atilde;o usando ferramentas de monitoramento remoto para garantir que apliquem a quantidade certa de umidade no momento certo e no lugar certo. Conservar florestas, p&acirc;ntanos e bacias hidrogr&aacute;ficas, incluindo aquelas ao redor das cidades, pode ajudar a absorver as chuvas, ajudando a conter as perdas das culturas com inunda&ccedil;&otilde;es e secas.<\/p>\n\n\n\n<p>&ldquo;Sempre que poss&iacute;vel, essa infraestrutura verde deve ser usada com ou em vez de infraestrutura f&iacute;sica tradicional, como barragens, reservat&oacute;rios (ou) reservat&oacute;rios&rdquo;, disse Charles Island, chefe de iniciativas globais e nacionais de &aacute;gua da WRI. Isso &eacute; tanto porque pode custar menos e porque incentiva a preserva&ccedil;&atilde;o dos ecossistemas, afirmou. Os especialistas reivindicam que, &agrave; medida que a &aacute;gua se torna mais preciosa, as comunidades que vivem em pontos quentes escassos de &aacute;gua devem ser inclu&iacute;das na tomada de decis&otilde;es sobre seu uso e gest&atilde;o.<\/p>\n\n\n\n<p>&ldquo;S&oacute; dessa forma podemos fazer progressos reais&rdquo;, disse a diplomata Heijden, observando que mulheres e jovens precisam ter uma voz forte nessas decis&otilde;es. Ela destaca que h&aacute; uma s&eacute;rie de op&ccedil;&otilde;es dispon&iacute;veis para lidar com o agravamento da escassez de &aacute;gua. Mas o grande desafio &eacute; colocar as alternativas em pr&aacute;tica. &ldquo;Sabemos das muitas solu&ccedil;&otilde;es que existem, mas para realmente implement&aacute;-las ainda enfrentamos muitas barreiras, sejam elas t&eacute;cnicas, financeiras ou em termos de vontade pol&iacute;tica&rdquo;, avalia.<\/p>\n\n\n\n<h2 class=\"wp-block-heading\">Texto original: <\/h2>\n\n\n\n<p><a href=\"https:\/\/www.weforum.org\/agenda\/2020\/09\/climate-change-impact-water-security-risk?fbclid=IwAR2QTShapDEGyTzfBNQhldtoLiT2SP14w_GyRzZM7iLdM4Hzu-UtCKWKuSQ\" class=\"rank-math-link\" target=\"_blank\" rel=\"noopener\">Water wars: How conflicts over resources are set to rise amid climate change<\/a><\/p>\n\n\n\n<p><\/p>\n","protected":false},"excerpt":{"rendered":"<p>Uma em cada quatro crian&ccedil;as em todo o mundo estar&aacute; vivendo em &aacute;reas de estresse h&iacute;drico extremamente elevado at&eacute; 2040<\/p>\n","protected":false},"author":1,"featured_media":12739,"comment_status":"open","ping_status":"open","sticky":false,"template":"","format":"standard","meta":{"tdm_status":"","tdm_grid_status":"","footnotes":"","jetpack_publicize_message":"","jetpack_publicize_feature_enabled":true,"jetpack_social_post_already_shared":true,"jetpack_social_options":{"image_generator_settings":{"template":"highway","enabled":false},"version":2}},"categories":[20,19],"tags":[2177,2178,157],"class_list":{"0":"post-12673","1":"post","2":"type-post","3":"status-publish","4":"format-standard","5":"has-post-thumbnail","7":"category-destaques","8":"category-insights","9":"tag-conflitos-por-agua","10":"tag-guerras-do-clima","11":"tag-mudancas-climaticas"},"jetpack_publicize_connections":[],"jetpack_featured_media_url":"https:\/\/radardofuturo.com.br\/test\/wp-content\/uploads\/2020\/09\/disputa-por-agua-gera-novos-conflitos-scaled.jpg","post_mailing_queue_ids":[],"_links":{"self":[{"href":"https:\/\/radardofuturo.com.br\/test\/wp-json\/wp\/v2\/posts\/12673","targetHints":{"allow":["GET"]}}],"collection":[{"href":"https:\/\/radardofuturo.com.br\/test\/wp-json\/wp\/v2\/posts"}],"about":[{"href":"https:\/\/radardofuturo.com.br\/test\/wp-json\/wp\/v2\/types\/post"}],"author":[{"embeddable":true,"href":"https:\/\/radardofuturo.com.br\/test\/wp-json\/wp\/v2\/users\/1"}],"replies":[{"embeddable":true,"href":"https:\/\/radardofuturo.com.br\/test\/wp-json\/wp\/v2\/comments?post=12673"}],"version-history":[{"count":0,"href":"https:\/\/radardofuturo.com.br\/test\/wp-json\/wp\/v2\/posts\/12673\/revisions"}],"wp:featuredmedia":[{"embeddable":true,"href":"https:\/\/radardofuturo.com.br\/test\/wp-json\/wp\/v2\/media\/12739"}],"wp:attachment":[{"href":"https:\/\/radardofuturo.com.br\/test\/wp-json\/wp\/v2\/media?parent=12673"}],"wp:term":[{"taxonomy":"category","embeddable":true,"href":"https:\/\/radardofuturo.com.br\/test\/wp-json\/wp\/v2\/categories?post=12673"},{"taxonomy":"post_tag","embeddable":true,"href":"https:\/\/radardofuturo.com.br\/test\/wp-json\/wp\/v2\/tags?post=12673"}],"curies":[{"name":"wp","href":"https:\/\/api.w.org\/{rel}","templated":true}]}}