{"id":1260,"date":"2018-06-07T09:59:57","date_gmt":"2018-06-07T12:59:57","guid":{"rendered":"https:\/\/radardofuturo.com.br\/?p=1260"},"modified":"2018-06-07T09:59:57","modified_gmt":"2018-06-07T12:59:57","slug":"petrobras-e-previdencia-fora-das-eleicoes","status":"publish","type":"post","link":"https:\/\/radardofuturo.com.br\/test\/petrobras-e-previdencia-fora-das-eleicoes\/","title":{"rendered":"Petrobras e Previd\u00eancia s\u00e3o temas malditos das elei\u00e7\u00f5es"},"content":{"rendered":"<p><a href=\"https:\/\/radardofuturo.com.br\/test\/wp-content\/uploads\/2018\/06\/contra-a-reforma-da-previdencia.jpg\"><img loading=\"lazy\" decoding=\"async\" class=\"size-full wp-image-1261\" src=\"https:\/\/radardofuturo.com.br\/test\/wp-content\/uploads\/2018\/06\/contra-a-reforma-da-previdencia.jpg\" alt=\"Reforma da Previd&ecirc;ncia e privatiza&ccedil;&atilde;o da Petrobras ser&atilde;o temas malditos do processo eleitoral - Foto Roberto Parizotti\" width=\"980\" height=\"653\" srcset=\"https:\/\/radardofuturo.com.br\/test\/wp-content\/uploads\/2018\/06\/contra-a-reforma-da-previdencia.jpg 980w, https:\/\/radardofuturo.com.br\/test\/wp-content\/uploads\/2018\/06\/contra-a-reforma-da-previdencia-300x200.jpg 300w, https:\/\/radardofuturo.com.br\/test\/wp-content\/uploads\/2018\/06\/contra-a-reforma-da-previdencia-768x512.jpg 768w, https:\/\/radardofuturo.com.br\/test\/wp-content\/uploads\/2018\/06\/contra-a-reforma-da-previdencia-480x320.jpg 480w\" sizes=\"auto, (max-width: 980px) 100vw, 980px\"><\/a><\/p>\n<p>Candidatos evitar&atilde;o falar em reforma da Previd&ecirc;ncia e privatiza&ccedil;&atilde;o da Petrobras<!--more-->Ipsos \/ Jornal GGN<\/p>\n<p>Seis em cada dez brasileiros (61%) n&atilde;o apoiariam um candidato &agrave; presid&ecirc;ncia da Rep&uacute;blica que defendesse a privatiza&ccedil;&atilde;o da Petrobras, aponta a pesquisa Pulso Brasil, da Ipsos, realizada entre 1&ordm; e 16 de maio. O levantamento tamb&eacute;m mostrou que 57% n&atilde;o &eacute; favor&aacute;vel a candidato que promete realizar a Reforma da Previd&ecirc;ncia.<\/p>\n<p>Entre as regi&otilde;es, o Nordeste teve o maior &iacute;ndice de rejei&ccedil;&atilde;o &agrave; ideia de privatizar a Petrobras: 70%. O Centro-Oeste teve o menor percentual, com 36%. Com rela&ccedil;&atilde;o ao n&iacute;vel de instru&ccedil;&atilde;o, brasileiros com n&iacute;vel superior (67%) s&atilde;o os que mais rejeitam a proposta de privatiza&ccedil;&atilde;o.<\/p>\n<p>&ldquo;Estudos anteriores j&aacute; apontavam para esta postura mais estadista do brasileiro, especialmente no que tange &agrave; privatiza&ccedil;&atilde;o da Petrobras&rdquo;, ressalta Danilo Cersosimo, diretor da Ipsos Public Affairs.<\/p>\n<p>J&aacute; sobre a Reforma da Previd&ecirc;ncia, a regi&atilde;o Sudeste possui o maior n&iacute;vel de rejei&ccedil;&atilde;o, com 65%. O Sul &eacute; o mais favor&aacute;vel &agrave; ideia, quase metade dos entrevistados (45%) disseram que apoiariam um candidato que prometesse realizar a reforma. Quase metade dos brasileiros com&nbsp;n&iacute;vel superior (49%) n&atilde;o apoiaria um candidato que defendesse a Reforma da Previd&ecirc;ncia.<\/p>\n<p>&ldquo;A Reforma da Previd&ecirc;ncia &eacute; uma tema delicado e que ainda n&atilde;o foi compreendido pela popula&ccedil;&atilde;o. A sensa&ccedil;&atilde;o de perda de direita tamb&eacute;m acarreta em menor apoio a candidatos que defendam essa bandeira&rdquo;, diz Cersosimo.<\/p>\n<p>Ainda sobre a privatiza&ccedil;&atilde;o, seis em cada dez entrevistados (62%) n&atilde;o apoiariam quem defendesse a privatiza&ccedil;&atilde;o do Banco do Brasil. O &iacute;ndice &eacute; ainda mais alto na faixa et&aacute;ria entre 60 e 65 anos, com 69%.<\/p>\n<p>Por outro lado, a regi&atilde;o Centro-Oeste possui o &iacute;ndice mais alto (46%) entre os que apoiariam um candidato que defendesse a privatiza&ccedil;&atilde;o da institui&ccedil;&atilde;o banc&aacute;ria. As regi&otilde;es Sudeste e Nordeste s&atilde;o as mais contr&aacute;rias &agrave;s medidas, com 68% e 67%, respectivamente.<\/p>\n<p>A pesquisa tamb&eacute;m mostrou que a maioria dos brasileiros (71%) apoiaria um candidato que prometesse o fim do foro privilegiado. Os brasileiros tamb&eacute;m apoiariam candidatos que reduzissem os gastos p&uacute;blicos (68%) e promovessem a reforma pol&iacute;tica (65%).<\/p>\n<p>Nesta &uacute;ltima edi&ccedil;&atilde;o, a Ipsos entrevistou presencialmente 1.200 pessoas em 72 munic&iacute;pios, entre 1&ordm; e 16 de maio. A margem de erro &eacute; de tr&ecirc;s pontos percentuais.<\/p>\n<p>(* Com informa&ccedil;&otilde;es do Instituto Ipsos com Jornal GGN<\/p>\n","protected":false},"excerpt":{"rendered":"<p>Candidatos evitar&atilde;o falar em reforma da Previd&ecirc;ncia e privatiza&ccedil;&atilde;o da Petrobras<\/p>\n","protected":false},"author":1,"featured_media":1261,"comment_status":"open","ping_status":"open","sticky":false,"template":"","format":"standard","meta":{"tdm_status":"","tdm_grid_status":"","footnotes":"","jetpack_publicize_message":"","jetpack_publicize_feature_enabled":true,"jetpack_social_post_already_shared":true,"jetpack_social_options":{"image_generator_settings":{"template":"highway","enabled":false},"version":2}},"categories":[20,19],"tags":[550,549,548,547],"class_list":{"0":"post-1260","1":"post","2":"type-post","3":"status-publish","4":"format-standard","5":"has-post-thumbnail","7":"category-destaques","8":"category-insights","9":"tag-ipsos","10":"tag-petrobras","11":"tag-privatizacao","12":"tag-reforma-da-previdencia"},"jetpack_publicize_connections":[],"jetpack_featured_media_url":"https:\/\/radardofuturo.com.br\/test\/wp-content\/uploads\/2018\/06\/contra-a-reforma-da-previdencia.jpg","post_mailing_queue_ids":[],"_links":{"self":[{"href":"https:\/\/radardofuturo.com.br\/test\/wp-json\/wp\/v2\/posts\/1260","targetHints":{"allow":["GET"]}}],"collection":[{"href":"https:\/\/radardofuturo.com.br\/test\/wp-json\/wp\/v2\/posts"}],"about":[{"href":"https:\/\/radardofuturo.com.br\/test\/wp-json\/wp\/v2\/types\/post"}],"author":[{"embeddable":true,"href":"https:\/\/radardofuturo.com.br\/test\/wp-json\/wp\/v2\/users\/1"}],"replies":[{"embeddable":true,"href":"https:\/\/radardofuturo.com.br\/test\/wp-json\/wp\/v2\/comments?post=1260"}],"version-history":[{"count":0,"href":"https:\/\/radardofuturo.com.br\/test\/wp-json\/wp\/v2\/posts\/1260\/revisions"}],"wp:featuredmedia":[{"embeddable":true,"href":"https:\/\/radardofuturo.com.br\/test\/wp-json\/wp\/v2\/media\/1261"}],"wp:attachment":[{"href":"https:\/\/radardofuturo.com.br\/test\/wp-json\/wp\/v2\/media?parent=1260"}],"wp:term":[{"taxonomy":"category","embeddable":true,"href":"https:\/\/radardofuturo.com.br\/test\/wp-json\/wp\/v2\/categories?post=1260"},{"taxonomy":"post_tag","embeddable":true,"href":"https:\/\/radardofuturo.com.br\/test\/wp-json\/wp\/v2\/tags?post=1260"}],"curies":[{"name":"wp","href":"https:\/\/api.w.org\/{rel}","templated":true}]}}