{"id":12598,"date":"2020-09-06T21:48:24","date_gmt":"2020-09-07T00:48:24","guid":{"rendered":"https:\/\/radardofuturo.com.br\/?p=12598"},"modified":"2020-09-06T22:11:00","modified_gmt":"2020-09-07T01:11:00","slug":"o-impacto-da-transformacao-digital-nas-cidades-e-veiculos-inteligentes","status":"publish","type":"post","link":"https:\/\/radardofuturo.com.br\/test\/o-impacto-da-transformacao-digital-nas-cidades-e-veiculos-inteligentes\/","title":{"rendered":"O impacto da transforma\u00e7\u00e3o digital nas cidades e ve\u00edculos inteligentes"},"content":{"rendered":"\n<figure class=\"wp-block-image size-large\"><img loading=\"lazy\" decoding=\"async\" width=\"960\" height=\"640\" src=\"https:\/\/radardofuturo.com.br\/test\/wp-content\/uploads\/2019\/09\/sao-paulo-cidade-moradias-foto-pixabay.jpg\" alt=\"vis&atilde;o geral de s&atilde;o paulo, capital. Foto: Pixabay\" class=\"wp-image-7391\" srcset=\"https:\/\/radardofuturo.com.br\/test\/wp-content\/uploads\/2019\/09\/sao-paulo-cidade-moradias-foto-pixabay.jpg 960w, https:\/\/radardofuturo.com.br\/test\/wp-content\/uploads\/2019\/09\/sao-paulo-cidade-moradias-foto-pixabay-300x200.jpg 300w, https:\/\/radardofuturo.com.br\/test\/wp-content\/uploads\/2019\/09\/sao-paulo-cidade-moradias-foto-pixabay-768x512.jpg 768w, https:\/\/radardofuturo.com.br\/test\/wp-content\/uploads\/2019\/09\/sao-paulo-cidade-moradias-foto-pixabay-696x464.jpg 696w\" sizes=\"auto, (max-width: 960px) 100vw, 960px\"><figcaption>Mackenzie promove evento na internet sobre o futuro da mobilidade e das cidades na ter&ccedil;a-feira, dia 8 de setembro<\/figcaption><\/figure>\n\n\n\n<p>A mobilidade urbana dever&aacute; se beneficiar da constante transforma&ccedil;&atilde;o digital.<\/p>\n\n\n\n<!--more-->\n\n\n\n<p>No dia 8 setembro, &agrave;s 10h, acontece o webinar O impacto da Transforma&ccedil;&atilde;o Digital nas Cidades e Ve&iacute;culos Inteligentes. O evento faz parte da XXXII Semana da Escola de Engenharia da Universidade Presbiteriana Mackenzie (UPM). O encontro ter&aacute; a presen&ccedil;a dos palestrantes Regiane Relva Romano (Minist&eacute;rio da Ci&ecirc;ncia, Tecnologia, Inova&ccedil;&otilde;es e Comunica&ccedil;&otilde;es); Carlos Eduardo Bertozzi (HELLA do Brasil); Gustavo Rodrigo Bonini (Scania); e contar&aacute; com media&ccedil;&atilde;o dos professores mackenzistas Renata Correa Nieto e Agostinho Celso Pascalicchio.<\/p>\n\n\n\n<p>Entrevistamos o professor Agostinho Celso Pascalicchio, que nos deu uma pr&eacute;via do evento, bem como das suas opini&otilde;es sobre o assunto do webinar.<\/p>\n\n\n\n<p>Poderia comentar sobre o tema do evento, &ldquo;o impacto da transforma&ccedil;&atilde;o digital nas cidades e ve&iacute;culos inteligentes&rdquo;?<br>Este painel colabora com a forma&ccedil;&atilde;o multidisciplinar do engenheiro formado pela UPM. O tema escolhido para 2020 foi: &ldquo;habilidades e compet&ecirc;ncias do egresso da escola de engenharia em cen&aacute;rios disruptivos&rdquo;. Os profissionais convidados para esta oportunidade, todos com grande express&atilde;o em suas empresas e no mercado de trabalho, s&atilde;o engenheiros e mostram como integrar as quest&otilde;es tecnol&oacute;gicas com a solu&ccedil;&atilde;o de problemas gerenciais, unindo resultados operacionais com ganhos de produtividade.<\/p>\n\n\n\n<p>As tecnologias digitais est&atilde;o em constante desenvolvimento. J&aacute; est&atilde;o presentes na forma com a qual solicitamos um almo&ccedil;o ou nos locomovemos pela cidade, a maneira como compramos produtos e outros servi&ccedil;os, at&eacute; o trabalho e o lazer. A transforma&ccedil;&atilde;o digital refere-se &agrave;s necessidades de mudan&ccedil;as das pessoas fazendo com que se adaptem &agrave;s cont&iacute;nuas inova&ccedil;&otilde;es tecnol&oacute;gicas. As implementa&ccedil;&otilde;es de sistemas de IoT (internet das coisas), tecnologias de informa&ccedil;&otilde;es e comunica&ccedil;&otilde;es, data analytics (an&aacute;lise de dados), intelig&ecirc;ncia artificial, aprendizado de m&aacute;quina entre outras a&ccedil;&otilde;es, mostram como as estrat&eacute;gias das pessoas est&atilde;o se alinhando com o mundo digital em transforma&ccedil;&atilde;o. Ser cada vez mais digital &eacute; um compromisso. Ser&aacute; a maneira das pessoas atuarem neste futuro cada vez mais pr&oacute;ximo.<\/p>\n\n\n\n<p>As smart cities, ou cidades inteligentes, utilizam os conceitos da transforma&ccedil;&atilde;o digital aplicados &agrave;s tecnologias de informa&ccedil;&atilde;o e comunica&ccedil;&atilde;o. O objetivo &eacute; o de nos orientar &agrave; sustentabilidade urbana. A ado&ccedil;&atilde;o em massa de dispositivos e sensores conectados, utilizando redes r&aacute;pidas como as de 5G e as novas que vir&atilde;o, permitir&atilde;o resolver os desafios da concentra&ccedil;&atilde;o urbana, da mobilidade, do uso do solo e do meio ambiente.<\/p>\n\n\n\n<p>A mobilidade urbana dever&aacute; se beneficiar da constante transforma&ccedil;&atilde;o digital. A sociedade ter&aacute; que se adaptar ao constante crescimento populacional e dever&aacute; desenvolver maneiras de estruturar a locomo&ccedil;&atilde;o pelas cidades. As cidades necessitar&atilde;o de sistemas integrados de transporte digitalizados. S&atilde;o desafios para os futuros engenheiros.<\/p>\n\n\n\n<p>No futuro &eacute; prov&aacute;vel que carros voadores fa&ccedil;am parte das cidades e recebam o aux&iacute;lio da transforma&ccedil;&atilde;o digital em sua mobilidade. Muitas tecnologias j&aacute; s&atilde;o usadas para transformar o transporte de pessoas em uma tarefa menos complicada, trazendo mais op&ccedil;&otilde;es para os usu&aacute;rios. O objetivo tamb&eacute;m dever&aacute; ser o de reduzir o volume de carros nas ruas, o n&uacute;mero de usu&aacute;rios no transporte p&uacute;blico e criar rotas inteligentes, para todas as modalidades de ve&iacute;culos, informando em tempo real a todos os usu&aacute;rios destes servi&ccedil;os digitalizados. Os propulsores dos ve&iacute;culos dever&atilde;o combinar efici&ecirc;ncia energ&eacute;tica com seguran&ccedil;a e cuidados com o meio ambiente.<\/p>\n\n\n\n<p>Qual a import&acirc;ncia voc&ecirc; acredita que esse assunto ter&aacute; no futuro?<br>O futuro do trabalho depender&aacute; de tecnologia, capacidade de gest&atilde;o e flexibilidade administrativa. &Eacute; necess&aacute;rio entender a din&acirc;mica deste processo, onde a tecnologia exerce forte presen&ccedil;a, para adaptar-se a este mercado em constante mudan&ccedil;a.<\/p>\n\n\n\n<p>A tecnologia estar&aacute; presente em todas as &aacute;reas do trabalho. Ser&atilde;o necess&aacute;rios dados em tempo real sobre os quais se pode agir imediatamente. O acesso &agrave; tecnologia deve ser em tempo real.<\/p>\n\n\n\n<p>A liga&ccedil;&atilde;o entre tecnologia e resultados sociais e corporativos ser&aacute; muito importante. O impacto total das tecnologias sobre o futuro do trabalho crescer&aacute;. Adicionalmente, um bom l&iacute;der dever&aacute; estar pronto para orientar os seus funcion&aacute;rios durante a transforma&ccedil;&atilde;o digital, pois certamente haver&aacute; desafios na ado&ccedil;&atilde;o e em seu uso. O engenheiro tem grande capacidade de lideran&ccedil;a. A tecnologia ajudar&aacute; a criar empregos mais significativos. Estas caracter&iacute;sticas necessitam ser analisadas e avaliadas. Os benef&iacute;cios das novas tecnologias s&atilde;o o aumento da produtividade e a manuten&ccedil;&atilde;o da competitividade. O futuro do trabalho est&aacute; relacionado ao aumento da efici&ecirc;ncia, seguido pelo bem-estar dos funcion&aacute;rios acompanhado por mais uso de tecnologia.<\/p>\n\n\n\n<p>Quais habilidades e compet&ecirc;ncias um engenheiro precisar&aacute; ter para lidar com este cen&aacute;rio?<br>A <a href=\"https:\/\/radardofuturo.com.br\/test\/ddof\/digitalizacao\/\" target=\"_self\" title=\"Digitaliza&ccedil;&atilde;o &eacute; o processo que transforma coisas anal&oacute;gicas, ou seja, algo com exist&ecirc;ncia f&iacute;sica, como um documento, uma foto, um disco de vinil ou seu ambiente de trabalho, em sistemas ou recursos acess&iacute;veis por computador.\" class=\"encyclopedia\">digitaliza&ccedil;&atilde;o<\/a> &eacute; uma das principais <a href=\"https:\/\/radardofuturo.com.br\/test\/ddof\/o-que-sao-tendencias\/\" target=\"_self\" title=\"Confira o que s&atilde;o tend&ecirc;ncias, os fatos ou fen&ocirc;menos que podem acontecer em algum momento adiante na hist&oacute;ria da sociedade, como um novo comportamento individual ou de um grupo\" class=\"encyclopedia\">tend&ecirc;ncias<\/a> globais com profundo impacto sobre a sociedade. Este evento mostra as oportunidades geradas pelas mudan&ccedil;as que ocorrer&atilde;o no panorama digital e o que ela pode oferecer. Sugere que um engenheiro necessita avaliar v&aacute;rios fatores com o processo da transforma&ccedil;&atilde;o digital. Ocorrem mudan&ccedil;as significativas sobre as empresas e organiza&ccedil;&otilde;es. O engenheiro dever&aacute; ser capaz de redesenhar de forma constante e com efici&ecirc;ncia os processos para atender &agrave;s necessidades futuras da sociedade, do seu setor ou da sua empresa. Os recursos digitais permitem conquistar uma posi&ccedil;&atilde;o &uacute;nica no mercado. O engenheiro deve possuir flexibilidade significativa para lidar com este ambiente em mudan&ccedil;a. O engenheiro deve otimizar o conjunto de informa&ccedil;&otilde;es favor&aacute;veis, sujeito &agrave;s restri&ccedil;&otilde;es de seu ambiente de a&ccedil;&atilde;o. A &eacute;tica sempre ser&aacute; considerada e os efeitos sobre o ecossistema de atua&ccedil;&atilde;o avaliados.<\/p>\n\n\n\n<p>Existe a percep&ccedil;&atilde;o de que a tecnologia digital vem para melhorar os processos e criar oportunidades. Isso aumenta o valor de todos os neg&oacute;cios corporativos, atrav&eacute;s dos parceiros e clientes, desde uma &uacute;nica pessoa at&eacute; o planeta. H&aacute; a certeza do crescimento futuro e integrado &agrave; sociedade.<\/p>\n\n\n\n<p>Caso ocorra uma defasagem digital, os padr&otilde;es de neg&oacute;cios podem perder a interconectividade, como perder o elo com as cadeias de suprimentos, podendo perder efici&ecirc;ncia. N&atilde;o acompanhar a &ldquo;transforma&ccedil;&atilde;o digital&rdquo; poder&aacute; significar a &ldquo;ruptura digital&rdquo; de uma empresa.<\/p>\n\n\n\n<p>Sem d&uacute;vida a transforma&ccedil;&atilde;o digital &eacute; um processo que impulsionar&aacute; a inova&ccedil;&atilde;o, criando as oportunidades de crescimento e de desenvolvimento da sociedade.<\/p>\n\n\n\n<p>O webinar &eacute; gratuito e livre para todos assistirem. Para se inscrever, acesse esse link (http:\/\/bit.ly\/0809h) .<\/p>\n\n\n\n<p>Servi&ccedil;o<br>XXXII Semana da Escola de Engenharia Mackenzie<br>Webinar O impacto da Transforma&ccedil;&atilde;o Digital nas Cidades e Ve&iacute;culos Inteligentes<br>Data: 8 de setembro de 2020<br>Hor&aacute;rio: 10h<br>Link para participar do evento: http:\/\/bit.ly\/0809h<br>Evento online e gratuito<\/p>\n\n\n\n<p>Sobre a Universidade Presbiteriana Mackenzie<br>A Universidade Presbiteriana Mackenzie est&aacute; na 103&ordm; posi&ccedil;&atilde;o entre as melhores institui&ccedil;&otilde;es de ensino da Am&eacute;rica Latina, segundo a pesquisa QS Quacquarelli Symonds University Rankings, uma organiza&ccedil;&atilde;o internacional de pesquisa educacional, que avalia o desempenho de institui&ccedil;&otilde;es de ensino m&eacute;dio, superior e p&oacute;s-gradua&ccedil;&atilde;o. Possui tr&ecirc;s campino estado de S&atilde;o Paulo, em Higien&oacute;polis, Alphaville e Campinas. Os cursos oferecidos pelo Mackenzie contemplam Gradua&ccedil;&atilde;o, P&oacute;s-Gradua&ccedil;&atilde;o Mestrado e Doutorado, P&oacute;s-Gradua&ccedil;&atilde;o Especializa&ccedil;&atilde;o, Extens&atilde;o, EaD, Cursos In Company e Centro de L&iacute;nguas Estrangeiras.<br>Em 2021, ser&atilde;o comemorados os 150 anos da institui&ccedil;&atilde;o no Brasil. Ao longo deste per&iacute;odo, a institui&ccedil;&atilde;o manteve-se fiel aos valores confessionais vinculados &agrave; sua origem na Igreja Presbiteriana do Brasil.<\/p>\n","protected":false},"excerpt":{"rendered":"<p>A mobilidade urbana dever&aacute; se beneficiar da constante transforma&ccedil;&atilde;o digital.<\/p>\n","protected":false},"author":1,"featured_media":7391,"comment_status":"open","ping_status":"open","sticky":false,"template":"","format":"standard","meta":{"tdm_status":"","tdm_grid_status":"","footnotes":"","jetpack_publicize_message":"","jetpack_publicize_feature_enabled":true,"jetpack_social_post_already_shared":true,"jetpack_social_options":{"image_generator_settings":{"template":"highway","enabled":false},"version":2}},"categories":[18],"tags":[2167,573,585,635],"class_list":{"0":"post-12598","1":"post","2":"type-post","3":"status-publish","4":"format-standard","5":"has-post-thumbnail","7":"category-eventos","8":"tag-carros-autonomos","9":"tag-cidades-inteligentes","10":"tag-eventos","11":"tag-urbanizacao"},"jetpack_publicize_connections":[],"jetpack_featured_media_url":"https:\/\/radardofuturo.com.br\/test\/wp-content\/uploads\/2019\/09\/sao-paulo-cidade-moradias-foto-pixabay.jpg","post_mailing_queue_ids":[],"_links":{"self":[{"href":"https:\/\/radardofuturo.com.br\/test\/wp-json\/wp\/v2\/posts\/12598","targetHints":{"allow":["GET"]}}],"collection":[{"href":"https:\/\/radardofuturo.com.br\/test\/wp-json\/wp\/v2\/posts"}],"about":[{"href":"https:\/\/radardofuturo.com.br\/test\/wp-json\/wp\/v2\/types\/post"}],"author":[{"embeddable":true,"href":"https:\/\/radardofuturo.com.br\/test\/wp-json\/wp\/v2\/users\/1"}],"replies":[{"embeddable":true,"href":"https:\/\/radardofuturo.com.br\/test\/wp-json\/wp\/v2\/comments?post=12598"}],"version-history":[{"count":0,"href":"https:\/\/radardofuturo.com.br\/test\/wp-json\/wp\/v2\/posts\/12598\/revisions"}],"wp:featuredmedia":[{"embeddable":true,"href":"https:\/\/radardofuturo.com.br\/test\/wp-json\/wp\/v2\/media\/7391"}],"wp:attachment":[{"href":"https:\/\/radardofuturo.com.br\/test\/wp-json\/wp\/v2\/media?parent=12598"}],"wp:term":[{"taxonomy":"category","embeddable":true,"href":"https:\/\/radardofuturo.com.br\/test\/wp-json\/wp\/v2\/categories?post=12598"},{"taxonomy":"post_tag","embeddable":true,"href":"https:\/\/radardofuturo.com.br\/test\/wp-json\/wp\/v2\/tags?post=12598"}],"curies":[{"name":"wp","href":"https:\/\/api.w.org\/{rel}","templated":true}]}}