{"id":12533,"date":"2020-09-04T11:00:00","date_gmt":"2020-09-04T14:00:00","guid":{"rendered":"https:\/\/radardofuturo.com.br\/?p=12533"},"modified":"2020-09-04T11:00:05","modified_gmt":"2020-09-04T14:00:05","slug":"aceleracao-da-transformacao-digital-e-a-importancia-de-profissionais-agilistas","status":"publish","type":"post","link":"https:\/\/radardofuturo.com.br\/test\/aceleracao-da-transformacao-digital-e-a-importancia-de-profissionais-agilistas\/","title":{"rendered":"Acelera\u00e7\u00e3o da transforma\u00e7\u00e3o digital e a import\u00e2ncia de profissionais agilistas"},"content":{"rendered":"\n<figure class=\"wp-block-image size-large is-resized\"><img loading=\"lazy\" decoding=\"async\" src=\"https:\/\/radardofuturo.com.br\/test\/wp-content\/uploads\/2020\/09\/pexels-photo-838413.jpeg\" alt=\"man wearing gray blazer\" class=\"wp-image-12538\" width=\"1011\" height=\"681\" srcset=\"https:\/\/radardofuturo.com.br\/test\/wp-content\/uploads\/2020\/09\/pexels-photo-838413.jpeg 1880w, https:\/\/radardofuturo.com.br\/test\/wp-content\/uploads\/2020\/09\/pexels-photo-838413-300x202.jpeg 300w, https:\/\/radardofuturo.com.br\/test\/wp-content\/uploads\/2020\/09\/pexels-photo-838413-1024x690.jpeg 1024w, https:\/\/radardofuturo.com.br\/test\/wp-content\/uploads\/2020\/09\/pexels-photo-838413-768x518.jpeg 768w, https:\/\/radardofuturo.com.br\/test\/wp-content\/uploads\/2020\/09\/pexels-photo-838413-1536x1035.jpeg 1536w, https:\/\/radardofuturo.com.br\/test\/wp-content\/uploads\/2020\/09\/pexels-photo-838413-696x469.jpeg 696w, https:\/\/radardofuturo.com.br\/test\/wp-content\/uploads\/2020\/09\/pexels-photo-838413-1392x938.jpeg 1392w\" sizes=\"auto, (max-width: 1011px) 100vw, 1011px\"><figcaption>A acelera&ccedil;&atilde;o da busca por transforma&ccedil;&atilde;o digital reflete na busca do profissional agilista, o especialista que auxilia na implementa&ccedil;&atilde;o de metodologias &aacute;geis<\/figcaption><\/figure>\n\n\n\n<!--more-->\n\n\n\n<p><em>Victor Hugo Germano *<\/em><\/p>\n\n\n\n<p>A transforma&ccedil;&atilde;o digital est&aacute; em alta. Nos &uacute;ltimos meses, seja para manter a competitividade ou pela pr&oacute;pria sobreviv&ecirc;ncia, as empresas t&ecirc;m investido na adapta&ccedil;&atilde;o de modelos de neg&oacute;cios &ndash; que agora s&atilde;o mais digitais, &aacute;geis e remotos. O interessante &eacute; que at&eacute; mesmo as companhias mais tradicionais e resistentes a mudan&ccedil;as enxergaram a import&acirc;ncia da moderniza&ccedil;&atilde;o em seus processos.<\/p>\n\n\n\n<p>Um par&acirc;metro para essa demanda por adapta&ccedil;&otilde;es est&aacute; no aumento de 400% por m&ecirc;s no n&uacute;mero de lojas que aderiram ao e-commerce durante a quarentena, segundo a Associa&ccedil;&atilde;o Brasileira de Com&eacute;rcio Eletr&ocirc;nico (ABComm). Neste sentido, a acelera&ccedil;&atilde;o da busca por transforma&ccedil;&atilde;o digital tem refletido tamb&eacute;m no setor de TI, que, para lidar com a complexidade de solu&ccedil;&otilde;es tecnol&oacute;gicas imediatistas, tem enxergado o profissional agilista, o especialista que auxilia na implementa&ccedil;&atilde;o de metodologias &aacute;geis, como alternativa vi&aacute;vel.<\/p>\n\n\n\n<p>Trata-se de um profissional que auxilia na implementa&ccedil;&atilde;o de metodologias &aacute;geis, que &eacute; parte importante do processo de desenvolvimento para que o software seja projetado de maneira mais r&aacute;pida e eficiente. Em suma, para ajudar no &ecirc;xito dos projetos, o papel do agilista em todas as etapas &eacute; oferecer ferramentas, treinamento e mentoria. Ele presta suporte ao time ou organiza&ccedil;&atilde;o a focar naquilo que for mais priorit&aacute;rio e a aprender com as entregas, sendo que, tudo isso &eacute; feito atrav&eacute;s do conhecimento de processos e pr&aacute;ticas de ferramentas.<\/p>\n\n\n\n<p>Se por um lado resumir a fun&ccedil;&atilde;o de um agilista parece simples, por outro existe uma complexidade para elucidar o trabalho de uma equipe de agilidade, pois ele se baseia em valores e princ&iacute;pios de melhora cont&iacute;nua, necessitando uma capacidade de adapta&ccedil;&atilde;o a mudan&ccedil;as do projeto por parte das pessoas envolvidas. Um dos trunfos do time durante o processo de desenvolvimento &eacute; entregar partes pequenas que s&atilde;o testadas e validadas com o contratante do servi&ccedil;o, evitando que um trabalho executado por meses precise ser refeito em sua totalidade.<\/p>\n\n\n\n<p>Uma organiza&ccedil;&atilde;o focada em princ&iacute;pios &aacute;geis consegue se direcionar para a potencial transforma&ccedil;&atilde;o dos neg&oacute;cios. Neste sentido, os agilistas conseguem ajudar a priorizar o que &eacute; mais importante, conseguindo retornos mais r&aacute;pidos que o esperado. Entre os principais resultados e benef&iacute;cios obtidos est&atilde;o a manuten&ccedil;&atilde;o da produtividade no home office, custos operacionais reduzidos, melhor relacionamento com o cliente via chatbot e outros canais de atendimento, e velocidade e qualidade das informa&ccedil;&otilde;es de rede &ndash; trazendo, por exemplo, maior precis&atilde;o na contagem de estoques.<\/p>\n\n\n\n<p>Mudan&ccedil;a &eacute; a palavra da vez. Se antes o caminho para a <a href=\"https:\/\/radardofuturo.com.br\/test\/ddof\/digitalizacao\/\" target=\"_self\" title=\"Digitaliza&ccedil;&atilde;o &eacute; o processo que transforma coisas anal&oacute;gicas, ou seja, algo com exist&ecirc;ncia f&iacute;sica, como um documento, uma foto, um disco de vinil ou seu ambiente de trabalho, em sistemas ou recursos acess&iacute;veis por computador.\" class=\"encyclopedia\">digitaliza&ccedil;&atilde;o<\/a> era considerado somente uma tend&ecirc;ncia, agora, a pandemia nos trouxe reflex&otilde;es o formato adequado para os neg&oacute;cios e empresas. Nunca se falou tanto em transforma&ccedil;&atilde;o digital. E as moderniza&ccedil;&otilde;es trazidas pela tecnologia sempre ser&atilde;o bem-vindas.<\/p>\n\n\n\n<hr class=\"wp-block-separator\">\n\n\n\n<ul class=\"wp-block-list\"><li><em>Victor Hugo Germano &eacute; CEO da Lambda3, empresa refer&ecirc;ncia no setor tecnol&oacute;gico, com foco em solu&ccedil;&otilde;es digitais, Intelig&ecirc;ncia Artificial e Data Science.<\/em><\/li><\/ul>\n\n\n\n<p><\/p>\n","protected":false},"excerpt":{"rendered":"","protected":false},"author":14,"featured_media":12538,"comment_status":"open","ping_status":"open","sticky":false,"template":"","format":"standard","meta":{"tdm_status":"","tdm_grid_status":"","footnotes":"","jetpack_publicize_message":"","jetpack_publicize_feature_enabled":true,"jetpack_social_post_already_shared":true,"jetpack_social_options":{"image_generator_settings":{"template":"highway","enabled":false},"version":2}},"categories":[36,31],"tags":[2163,1504],"class_list":{"0":"post-12533","1":"post","2":"type-post","3":"status-publish","4":"format-standard","5":"has-post-thumbnail","7":"category-pensadores-futuro","8":"category-tendencias-profissoes","9":"tag-metodos-ageis","10":"tag-profissionais"},"jetpack_publicize_connections":[],"jetpack_featured_media_url":"https:\/\/radardofuturo.com.br\/test\/wp-content\/uploads\/2020\/09\/pexels-photo-838413.jpeg","post_mailing_queue_ids":[],"_links":{"self":[{"href":"https:\/\/radardofuturo.com.br\/test\/wp-json\/wp\/v2\/posts\/12533","targetHints":{"allow":["GET"]}}],"collection":[{"href":"https:\/\/radardofuturo.com.br\/test\/wp-json\/wp\/v2\/posts"}],"about":[{"href":"https:\/\/radardofuturo.com.br\/test\/wp-json\/wp\/v2\/types\/post"}],"author":[{"embeddable":true,"href":"https:\/\/radardofuturo.com.br\/test\/wp-json\/wp\/v2\/users\/14"}],"replies":[{"embeddable":true,"href":"https:\/\/radardofuturo.com.br\/test\/wp-json\/wp\/v2\/comments?post=12533"}],"version-history":[{"count":0,"href":"https:\/\/radardofuturo.com.br\/test\/wp-json\/wp\/v2\/posts\/12533\/revisions"}],"wp:featuredmedia":[{"embeddable":true,"href":"https:\/\/radardofuturo.com.br\/test\/wp-json\/wp\/v2\/media\/12538"}],"wp:attachment":[{"href":"https:\/\/radardofuturo.com.br\/test\/wp-json\/wp\/v2\/media?parent=12533"}],"wp:term":[{"taxonomy":"category","embeddable":true,"href":"https:\/\/radardofuturo.com.br\/test\/wp-json\/wp\/v2\/categories?post=12533"},{"taxonomy":"post_tag","embeddable":true,"href":"https:\/\/radardofuturo.com.br\/test\/wp-json\/wp\/v2\/tags?post=12533"}],"curies":[{"name":"wp","href":"https:\/\/api.w.org\/{rel}","templated":true}]}}