{"id":12512,"date":"2020-09-03T14:44:58","date_gmt":"2020-09-03T17:44:58","guid":{"rendered":"https:\/\/radardofuturo.com.br\/?p=12512"},"modified":"2020-09-03T15:28:32","modified_gmt":"2020-09-03T18:28:32","slug":"a-aceleracao-nos-negocios-digitais-na-sociedade-contemporanea","status":"publish","type":"post","link":"https:\/\/radardofuturo.com.br\/test\/a-aceleracao-nos-negocios-digitais-na-sociedade-contemporanea\/","title":{"rendered":"A acelera\u00e7\u00e3o nos neg\u00f3cios digitais na sociedade contempor\u00e2nea"},"content":{"rendered":"\n<figure class=\"wp-block-image size-large\"><img loading=\"lazy\" decoding=\"async\" width=\"1880\" height=\"1253\" src=\"https:\/\/radardofuturo.com.br\/test\/wp-content\/uploads\/2020\/09\/pexels-photo-374897.jpeg\" alt=\"adult blur computer cup\" class=\"wp-image-12513\" srcset=\"https:\/\/radardofuturo.com.br\/test\/wp-content\/uploads\/2020\/09\/pexels-photo-374897.jpeg 1880w, https:\/\/radardofuturo.com.br\/test\/wp-content\/uploads\/2020\/09\/pexels-photo-374897-300x200.jpeg 300w, https:\/\/radardofuturo.com.br\/test\/wp-content\/uploads\/2020\/09\/pexels-photo-374897-1024x682.jpeg 1024w, https:\/\/radardofuturo.com.br\/test\/wp-content\/uploads\/2020\/09\/pexels-photo-374897-768x512.jpeg 768w, https:\/\/radardofuturo.com.br\/test\/wp-content\/uploads\/2020\/09\/pexels-photo-374897-1536x1024.jpeg 1536w, https:\/\/radardofuturo.com.br\/test\/wp-content\/uploads\/2020\/09\/pexels-photo-374897-696x464.jpeg 696w, https:\/\/radardofuturo.com.br\/test\/wp-content\/uploads\/2020\/09\/pexels-photo-374897-1392x928.jpeg 1392w\" sizes=\"auto, (max-width: 1880px) 100vw, 1880px\"><figcaption>Os neg&oacute;cios digitais reiteram cada vez mais a presen&ccedil;a da tecnologia no dia a dia da sociedade e, com certeza, &eacute; um caminho sem volta<\/figcaption><\/figure>\n\n\n\n<!--more-->\n\n\n\n<p>Fernando Cirne * <\/p>\n\n\n\n<p>Desde a Revolu&ccedil;&atilde;o Tecnol&oacute;gica, na d&eacute;cada de 50, o Brasil e o mundo passaram por processos nas linhas de produ&ccedil;&atilde;o industrial que vem impactando as rela&ccedil;&otilde;es interpessoais, de trabalho e os h&aacute;bitos de consumo, que se intensificou com o advento da internet e a <a href=\"https:\/\/radardofuturo.com.br\/test\/ddof\/digitalizacao\/\" target=\"_self\" title=\"Digitaliza&ccedil;&atilde;o &eacute; o processo que transforma coisas anal&oacute;gicas, ou seja, algo com exist&ecirc;ncia f&iacute;sica, como um documento, uma foto, um disco de vinil ou seu ambiente de trabalho, em sistemas ou recursos acess&iacute;veis por computador.\" class=\"encyclopedia\">digitaliza&ccedil;&atilde;o<\/a> dos meios de informa&ccedil;&atilde;o, que transformaram completamente a cultura tradicional, migrando para o digital.<\/p>\n\n\n\n<p>Com os &uacute;ltimos acontecimentos no cen&aacute;rio macroecon&ocirc;mico, o processo de transforma&ccedil;&atilde;o digital das empresas acelerou a proje&ccedil;&atilde;o de quase uma d&eacute;cada em poucos meses e, todos, sem exce&ccedil;&atilde;o, tiveram que se adaptar: desde os m&eacute;dicos, &agrave; telemedicina, as lojas f&iacute;sicas, ao e-commerce, at&eacute; os restaurantes tradicionais que formavam filas na porta, aos pedidos online e ao delivery. At&eacute; mesmo o marketing tradicional, se transformou em uma solu&ccedil;&atilde;o de intelig&ecirc;ncia digital cada vez mais presente no gerenciamento de m&uacute;ltiplos canais.<\/p>\n\n\n\n<p>Enquanto CEO, j&aacute; vivenciei muitos desafios, mas essa pandemia veio sem precedentes e acelerou nossas proje&ccedil;&otilde;es no m&eacute;dio e longo prazo. Estou na lideran&ccedil;a de uma das principais empresas de tecnologia do pa&iacute;s, que tem ajudado os PME&rsquo;s a digitalizarem seus neg&oacute;cios nesse momento desafiador. Temos muitos aprendizados a compartilhar, afinal, somos movidos pela resili&ecirc;ncia e a paix&atilde;o por transformar o crescimento de nossos clientes, por isso, conseguimos n&atilde;o s&oacute; manter as nossas opera&ccedil;&otilde;es em pleno funcionamento, mas tamb&eacute;m, ajudar a quase 400 mil empresas, que dependem das nossas solu&ccedil;&otilde;es para sobreviverem e prosperarem no meio digital.<\/p>\n\n\n\n<p>Somos muito otimistas quanto aos novos h&aacute;bitos da cultura digital, por exemplo, nos meses de abril, maio e junho, o e-commerce cresceu 250% comparado ao mesmo per&iacute;odo do ano passado. Os servi&ccedil;os de delivery, outra tend&ecirc;ncia em alta que n&atilde;o ir&aacute; cessar com o fim da pandemia, cresceu 3,5 vezes nos &uacute;ltimos meses, validando a import&acirc;ncia dessa acelera&ccedil;&atilde;o.<\/p>\n\n\n\n<p>Os neg&oacute;cios digitais reiteram cada vez mais a presen&ccedil;a da tecnologia no dia a dia da sociedade e, com certeza, &eacute; um caminho sem volta, que reinventou a forma das pessoas se relacionarem, trabalharem e consumirem produtos e servi&ccedil;os.<\/p>\n\n\n\n<p>A atual crise tem mostrado, cada vez mais, a import&acirc;ncia da tecnologia. Conceitos que ainda estavam sendo analisados, tiveram que ser colocados em pr&aacute;tica o mais r&aacute;pido poss&iacute;vel, gerando novas possibilidades de reinventar as formas de consumo. Portanto, a cultura digital &eacute; o caminho para a resili&ecirc;ncia dos neg&oacute;cios a curto e m&eacute;dio prazo e tor&ccedil;o para que as pessoas se habituem cada vez mais a esse novo modo de viver.<\/p>\n\n\n\n<p>Fernando Cirne &eacute; CEO da Locaweb,<\/p>\n","protected":false},"excerpt":{"rendered":"","protected":false},"author":14,"featured_media":12513,"comment_status":"open","ping_status":"open","sticky":false,"template":"","format":"standard","meta":{"tdm_status":"","tdm_grid_status":"","footnotes":"","jetpack_publicize_message":"","jetpack_publicize_feature_enabled":true,"jetpack_social_post_already_shared":true,"jetpack_social_options":{"image_generator_settings":{"template":"highway","enabled":false},"version":2}},"categories":[36],"tags":[212,384],"class_list":{"0":"post-12512","1":"post","2":"type-post","3":"status-publish","4":"format-standard","5":"has-post-thumbnail","7":"category-pensadores-futuro","8":"tag-digitalizacao","9":"tag-transformacao-digital"},"jetpack_publicize_connections":[],"jetpack_featured_media_url":"https:\/\/radardofuturo.com.br\/test\/wp-content\/uploads\/2020\/09\/pexels-photo-374897.jpeg","post_mailing_queue_ids":[],"_links":{"self":[{"href":"https:\/\/radardofuturo.com.br\/test\/wp-json\/wp\/v2\/posts\/12512","targetHints":{"allow":["GET"]}}],"collection":[{"href":"https:\/\/radardofuturo.com.br\/test\/wp-json\/wp\/v2\/posts"}],"about":[{"href":"https:\/\/radardofuturo.com.br\/test\/wp-json\/wp\/v2\/types\/post"}],"author":[{"embeddable":true,"href":"https:\/\/radardofuturo.com.br\/test\/wp-json\/wp\/v2\/users\/14"}],"replies":[{"embeddable":true,"href":"https:\/\/radardofuturo.com.br\/test\/wp-json\/wp\/v2\/comments?post=12512"}],"version-history":[{"count":0,"href":"https:\/\/radardofuturo.com.br\/test\/wp-json\/wp\/v2\/posts\/12512\/revisions"}],"wp:featuredmedia":[{"embeddable":true,"href":"https:\/\/radardofuturo.com.br\/test\/wp-json\/wp\/v2\/media\/12513"}],"wp:attachment":[{"href":"https:\/\/radardofuturo.com.br\/test\/wp-json\/wp\/v2\/media?parent=12512"}],"wp:term":[{"taxonomy":"category","embeddable":true,"href":"https:\/\/radardofuturo.com.br\/test\/wp-json\/wp\/v2\/categories?post=12512"},{"taxonomy":"post_tag","embeddable":true,"href":"https:\/\/radardofuturo.com.br\/test\/wp-json\/wp\/v2\/tags?post=12512"}],"curies":[{"name":"wp","href":"https:\/\/api.w.org\/{rel}","templated":true}]}}