{"id":12474,"date":"2020-09-02T11:29:07","date_gmt":"2020-09-02T14:29:07","guid":{"rendered":"https:\/\/radardofuturo.com.br\/?p=12474"},"modified":"2020-11-04T08:29:34","modified_gmt":"2020-11-04T11:29:34","slug":"futurista-antecipa-impactos-do-coronavirus-na-vida-da-populacao-mundial","status":"publish","type":"post","link":"https:\/\/radardofuturo.com.br\/test\/futurista-antecipa-impactos-do-coronavirus-na-vida-da-populacao-mundial\/","title":{"rendered":"Futurista antecipa impactos do coronav\u00edrus na vida da popula\u00e7\u00e3o mundial"},"content":{"rendered":"\n<figure class=\"wp-block-image size-large\"><img loading=\"lazy\" decoding=\"async\" width=\"1024\" height=\"682\" src=\"https:\/\/radardofuturo.com.br\/test\/wp-content\/uploads\/2020\/09\/covid-pos-pandemia-mulher-com-mascara-foto-pixabay-1024x682.jpg\" alt=\"mulher com mascara em passeio p&uacute;blico. foto pixabay\" class=\"wp-image-12476\" srcset=\"https:\/\/radardofuturo.com.br\/test\/wp-content\/uploads\/2020\/09\/covid-pos-pandemia-mulher-com-mascara-foto-pixabay-1024x682.jpg 1024w, https:\/\/radardofuturo.com.br\/test\/wp-content\/uploads\/2020\/09\/covid-pos-pandemia-mulher-com-mascara-foto-pixabay-300x200.jpg 300w, https:\/\/radardofuturo.com.br\/test\/wp-content\/uploads\/2020\/09\/covid-pos-pandemia-mulher-com-mascara-foto-pixabay-768x512.jpg 768w, https:\/\/radardofuturo.com.br\/test\/wp-content\/uploads\/2020\/09\/covid-pos-pandemia-mulher-com-mascara-foto-pixabay-696x464.jpg 696w, https:\/\/radardofuturo.com.br\/test\/wp-content\/uploads\/2020\/09\/covid-pos-pandemia-mulher-com-mascara-foto-pixabay.jpg 1280w\" sizes=\"auto, (max-width: 1024px) 100vw, 1024px\"><figcaption>Estudo de futurista aborda como a resid&ecirc;ncia, a sa&uacute;de, a mobilidade e as viagens podem evoluir em 2021 no cen&aacute;rio da p&oacute;s-pandemia<\/figcaption><\/figure>\n\n\n\n<!--more-->\n\n\n\n<p>Radar do Futuro<\/p>\n\n\n\n<p>A pandemia vai favorecer o surgimento de uma nova maneira de viver. E o mundo, com certeza, ser&aacute; muito diferente. A aposta sobre um prov&aacute;vel fim da pandemia e transforma&ccedil;&otilde;es na forma como a sociedade se movimenta faz parte do relat&oacute;rio &ldquo;Life after COVID-19&rdquo;, produzido pela Allianz Partners, l&iacute;der em assist&ecirc;ncia 24 horas e seguro viagem, em parceria com o Futurologista Ray Hammond. Com 40 anos de experi&ecirc;ncia em produ&ccedil;&atilde;o de conhecimento sobre <a href=\"https:\/\/radardofuturo.com.br\/test\/ddof\/o-que-sao-tendencias\/\" target=\"_self\" title=\"Confira o que s&atilde;o tend&ecirc;ncias, os fatos ou fen&ocirc;menos que podem acontecer em algum momento adiante na hist&oacute;ria da sociedade, como um novo comportamento individual ou de um grupo\" class=\"encyclopedia\">tend&ecirc;ncias<\/a> que moldar&atilde;o o futuro, o especialista foi premiado com a Medalha de Ouro das Na&ccedil;&otilde;es Unidas em Servi&ccedil;os para Futurologia em 2010. <\/p>\n\n\n\n<p>O estudo teve o objetivo de antecipar algumas mudan&ccedil;as que moldar&atilde;o da nova realidade. Dividido em quatro categorias &ndash; casa, sa&uacute;de, mobilidade pessoal e viagens, o estudo revela a tend&ecirc;ncia de adapta&ccedil;&atilde;o da popula&ccedil;&atilde;o a novas demandas resultantes tanto do receio de fen&ocirc;menos semelhantes quanto da acelera&ccedil;&atilde;o do uso das tecnologias. As proje&ccedil;&otilde;es levam em conta a perspectiva de que, j&aacute; em dezembro deste ano, a pandemia global entre em sua fase final. Cientistas de dados da Universidade de Tecnologia e Design de Singapura utilizaram intelig&ecirc;ncia artificial para criar previs&otilde;es baseadas em dados das trajet&oacute;rias da Covid-19 em diferentes pa&iacute;ses, prevendo finalmente quando o surto atual terminar&aacute;. <\/p>\n\n\n\n<p>O relat&oacute;rio tamb&eacute;m pressup&otilde;e que uma vacina provavelmente ser&aacute; encontrada e administrada a granel no terceiro trimestre de 2021. Segundo Sirma Boshnakova, CEO da Allianz Partners, o relat&oacute;rio foi desenvolvido para poder antecipar e desenvolver as solu&ccedil;&otilde;es mais inovadoras e eficazes para nossos clientes, oferecendo a eles tranquilidade agora e no futuro. Como l&iacute;der em servi&ccedil;os de assist&ecirc;ncia 24 horas e seguro viagem, estamos prontos para apoiar as transforma&ccedil;&otilde;es nos neg&oacute;cios mais importantes para o nosso grupo: residencial, sa&uacute;de, auto e viagens. &ldquo;A crise do Coronav&iacute;rus tem nos levado a muitas mudan&ccedil;as na maneira como vivemos nossa vida cotidiana e, com isso, as expectativas e os comportamentos dos consumidores evolu&iacute;ram&rdquo;, assinala.<\/p>\n\n\n\n<h4 class=\"wp-block-heading\">As tend&ecirc;ncias em destaque<\/h4>\n\n\n\n<h2 class=\"wp-block-heading\">A casa assume uma dimens&atilde;o completamente nova<\/h2>\n\n\n\n<p>A Covid-19 acelerou o futuro das casas e deu a elas um novo papel. Embora o trabalho em casa tenha sido uma exce&ccedil;&atilde;o antes da pandemia, ela se tornar&aacute; cada vez mais normal para os empregos que a permitem. O lar, portanto, se tornar&aacute; mais do que apenas um local de lazer, ser&aacute; um centro de trabalho. Isso incluir&aacute; seu uso crescente para profiss&otilde;es como personal trainer, locutores de r&aacute;dio e psicoterapeutas. Al&eacute;m disso, a resid&ecirc;ncia se tornar&aacute; um centro de aprendizado, pois os universit&aacute;rios ter&atilde;o cada vez mais probabilidade de passar um semestre ou dois na casa dos pais. A casa do futuro tamb&eacute;m ser&aacute; transformada em uma fortaleza digital com sensores inteligentes, e at&eacute; mesmo monitoramento integrado de sa&uacute;de, como equipamentos e aplicativos de diagn&oacute;stico eletr&ocirc;nico, que permitir&atilde;o a seguran&ccedil;a e a independ&ecirc;ncia dos moradores.<\/p>\n\n\n\n<p>No futuro, ser&aacute; um local em que poderemos obter atendimento m&eacute;dico e acomodar equipamentos e servi&ccedil;os para idosos. A longo prazo, algumas fam&iacute;lias poder&atilde;o escolher criar espa&ccedil;o em casa para cuidar de um membro da fam&iacute;lia que necessite de cuidados espec&iacute;ficos. Al&eacute;m disso, ser&aacute; poss&iacute;vel realizar conex&otilde;es de v&iacute;deo para permitir que as pessoas vulner&aacute;veis sejam tratadas remotamente pelos profissionais de sa&uacute;de, no conforto de sua pr&oacute;pria casa.<\/p>\n\n\n\n<h2 class=\"wp-block-heading\">Os cuidados de sa&uacute;de ter&atilde;o que responder a novas expectativas<\/h2>\n\n\n\n<p>As sociedades reformadas que emergir&atilde;o da pandemia de 2020 estar&atilde;o mais s&aacute;bias e muito mais preparadas para lidar com qualquer novo risco &agrave; sa&uacute;de p&uacute;blica. A opini&atilde;o p&uacute;blica exigir&aacute; mais gastos com sa&uacute;de por parte dos governos, e os pa&iacute;ses localizar&atilde;o cada vez mais cadeias de suprimentos m&eacute;dicos para garantir acesso r&aacute;pido a medicamentos e equipamentos.<\/p>\n\n\n\n<p>M&eacute;dicos e pacientes continuar&atilde;o, na medida do poss&iacute;vel, a realizar consultas de rotina remotas e online, pois a entrega digital de servi&ccedil;os e informa&ccedil;&otilde;es m&eacute;dicas tem o potencial de aliviar as imensas filas dos sistemas de sa&uacute;de. Durante a crise da Covid-19, al&eacute;m de permitir consultoria e apoio aos pacientes, a telemedicina tamb&eacute;m ajudou a impedir a propaga&ccedil;&atilde;o do v&iacute;rus, reduzindo o n&uacute;mero de pessoas que visitam cl&iacute;nicas e hospitais. A tecnologia se tornar&aacute; habitual com a r&aacute;pida ado&ccedil;&atilde;o de tecnologias vest&iacute;veis.<\/p>\n\n\n\n<p>Com a chegada da pandemia e o subsequente isolamento social, o n&uacute;mero de pacientes que relataram problemas de sa&uacute;de mental, como tristeza, aumento da ansiedade e depress&atilde;o, aumentou drasticamente. Os profissionais de sa&uacute;de mental tamb&eacute;m t&ecirc;m feito uso consider&aacute;vel de aconselhamento remoto, o que permite um melhor acompanhamento m&eacute;dico a longo prazo para aqueles que mais sofrem.<\/p>\n\n\n\n<p>Prev&ecirc;-se que as consequ&ecirc;ncias da sa&uacute;de mental durem mais que a pr&oacute;pria pandemia; &eacute; muito prov&aacute;vel que os profissionais continuem a usar as consultas por v&iacute;deo em sua combina&ccedil;&atilde;o de m&eacute;todos de tratamento no futuro.<\/p>\n\n\n\n<h2 class=\"wp-block-heading\">Uma mudan&ccedil;a em dire&ccedil;&atilde;o no compartilhamento e mobilidade flex&iacute;vel<\/h2>\n\n\n\n<p>Embora o uso de &ldquo;m&aacute;scaras inteligentes&rdquo; permita identificar as pessoas doentes, o volume de passageiros nos trens ser&aacute; reduzido e muitas pessoas v&atilde;o repensar suas viagens. Durante os lockdowns, as pessoas descobriram que podiam pedir suas compras ou outros itens de compras online com facilidade e rapidez. Muitos trabalhavam em casa e agora se perguntam se faz sentido possuir um carro. &Eacute; prov&aacute;vel que isso acelere a tend&ecirc;ncia de aluguel de carros a curto prazo, e n&atilde;o a posse de carros, e provavelmente aumente o n&uacute;mero de pessoas que utilizar&atilde;o o modelo de compartilhamento de carros.<\/p>\n\n\n\n<p>Nos &uacute;ltimos meses, milhares de quil&ocirc;metros de ciclovias foram constru&iacute;das em cidades que est&atilde;o sendo fechadas ao tr&acirc;nsito. Viajantes de todo o mundo adotaram massivamente a bicicleta &agrave; medida que emergem dos meses de isolamento social. Isso ter&aacute; um impacto positivo no uso de novos modos de micromobilidade, como bicicletas, bicicletas el&eacute;tricas, patinetes e scooters (compartilhadas e pr&oacute;prias) que podem levar as pessoas para diversos lugares e ainda evitar o uso de transporte p&uacute;blico, ajudando a reduzir as emiss&otilde;es de Gases de Efeito Estufa e melhorando a qualidade do ar.<\/p>\n\n\n\n<p>Ao mesmo tempo, as autoridades precisar&atilde;o fornecer pontos de carregamento, criar mais ciclovias e regular o uso para garantir que os motociclistas estejam seguro, respeitem os limites de velocidade, usem capacete e tenham responsabilidade pelos itens de mobilidade compartilhada. Com o aumento do uso e por ser um equipamento compartilhado, os fornecedores precisar&atilde;o garantir a seguran&ccedil;a de todos e fornecer regras de higiene e dicas de seguran&ccedil;as b&aacute;sicas.<\/p>\n\n\n\n<h2 class=\"wp-block-heading\">A experi&ecirc;ncia de viagem nunca mais ser&aacute; a mesma<\/h2>\n\n\n\n<p>A Covid-19 tem sido um verdadeiro ponto de virada para a ind&uacute;stria de viagens: avi&otilde;es permanecem aterrados, servi&ccedil;os de trem reduzidos, navios de cruzeiro n&atilde;o puderam atracar por causa de passageiros infectados e restaurantes e hot&eacute;is tiveram que fechar por causa de medidas sanit&aacute;rias. O per&iacute;odo p&oacute;s-pandemia abrir&aacute; uma nova era de precau&ccedil;&atilde;o com menos espontaneidade e mais prote&ccedil;&atilde;o contra o v&iacute;rus.<\/p>\n\n\n\n<p>Prev&ecirc;-se que o transporte a&eacute;reo de curta dist&acirc;ncia e as viagens a&eacute;reas dom&eacute;sticas se recuperem primeiro, mas os viajantes mudar&atilde;o de comportamento, incluindo m&aacute;scaras durante toda a jornada e os abra&ccedil;os e beijos de despedidas dos familiares ser&atilde;o fora do aeroporto. Em alguns casos, pontes de embarque, ou ponte telesc&oacute;pica para avi&otilde;es ser&atilde;o usadas como um &ldquo;t&uacute;nel desinfetante&rdquo;. As companhias reduzir&atilde;o as malas da cabine para acelerar o embarque e reduzir o risco de contamina&ccedil;&atilde;o, al&eacute;m de diminuir os servi&ccedil;os de bordo.<\/p>\n\n\n\n<p>Os mais afetados certamente ser&atilde;o a ind&uacute;stria de cruzeiros, pois ningu&eacute;m tem uma vis&atilde;o clara de como eles podem ser organizados, respeitando o distanciamento social e, acima de tudo, a quarentena de viajantes doentes para evitar a contamina&ccedil;&atilde;o.<\/p>\n\n\n\n<p>A hospitalidade ser&aacute; impactada por medidas aprimoradas de saneamento. &Eacute; prov&aacute;vel que os restaurantes reabram com menos horas, por menos dias, com muito menos mesas e menus bastante simplificados. Enquanto isso, os pedidos de entrega e retirada de aplicativos para smartphones continuar&atilde;o em alta. Os pacotes all inclusive de hotel provavelmente ser&atilde;o redesenhados para remover a entrega de comida e bebida em estilo buffet, e assim garantir que os h&oacute;spedes recebam servi&ccedil;o em suas mesas individuais e distanciadas. As excurs&otilde;es locais dever&atilde;o ser fornecidas para festas individuais e, inevitavelmente, ser&atilde;o mais caras.<\/p>\n\n\n\n<p>Finalmente, as viagens de neg&oacute;cios ser&atilde;o reconsideradas, pois a pandemia mostrou que o gerenciamento global de projetos pode ser feito por videoconfer&ecirc;ncia, permitindo redu&ccedil;&otilde;es de custos financeiros e de emiss&otilde;es de Gases de Efeito Estufa. Provavelmente, apenas reuni&otilde;es comerciais, exposi&ccedil;&otilde;es e eventos esportivos internacionais voltar&atilde;o aos n&iacute;veis normais no futuro pr&oacute;ximo.<\/p>\n\n\n\n<h2 class=\"wp-block-heading\">Em s&iacute;ntese:<\/h2>\n\n\n\n<ul class=\"wp-block-list\"><li>Casa: as resid&ecirc;ncias n&atilde;o ser&atilde;o mais um lugar para passar apenas noites e fins de semana, elas se tornar&atilde;o uma fortaleza digital multifuncional;<\/li><li>Sa&uacute;de: a tecnologia digital para a sa&uacute;de ser&aacute; a norma, incluindo a telemedicina e incentivando a r&aacute;pida ado&ccedil;&atilde;o de tecnologias vest&iacute;veis, que s&atilde;o dispositivos inteligentes utilizados como um acess&oacute;rio (rel&oacute;gios, pulseiras ou at&eacute; mesmo &oacute;culos de realidade virtual);<\/li><li>Mobilidade pessoal: as viagens rodovi&aacute;rias voltar&atilde;o aos n&iacute;veis normais e as principais cidades do mundo continuar&atilde;o reorganizando a infraestrutura para estimular o uso da micromobilidade;<\/li><li>Viagens: medidas rigorosas de saneamento ser&atilde;o adotadas em todo o setor de lazer e turismo e as viagens a&eacute;reas de lazer provavelmente voltar&atilde;o aos n&iacute;veis pr&eacute;-COVID-19 somente ap&oacute;s alguns anos.<br><\/li><\/ul>\n\n\n\n<p>O relat&oacute;rio completo est&aacute; dispon&iacute;vel para leitura aqui: <a href=\"http:\/\/www.allianz-partners.com\/en_US\/press-and-media\/reports\/life-after-covid.html\" class=\"rank-math-link\" target=\"_blank\" rel=\"noopener\">http:\/\/www.allianz-partners.com\/en_US\/press-and-media\/reports\/life-after-covid.html<\/a><\/p>\n\n\n\n<p>.<\/p>\n","protected":false},"excerpt":{"rendered":"","protected":false},"author":1,"featured_media":12476,"comment_status":"open","ping_status":"open","sticky":false,"template":"","format":"standard","meta":{"tdm_status":"","tdm_grid_status":"","footnotes":"","jetpack_publicize_message":"","jetpack_publicize_feature_enabled":true,"jetpack_social_post_already_shared":true,"jetpack_social_options":{"image_generator_settings":{"template":"highway","enabled":false},"version":2}},"categories":[23,20,19,37],"tags":[106,1981],"class_list":{"0":"post-12474","1":"post","2":"type-post","3":"status-publish","4":"format-standard","5":"has-post-thumbnail","7":"category-carlos-placido-teixeira","8":"category-destaques","9":"category-insights","10":"category-um-dia-no-futuro","11":"tag-futuro","12":"tag-pos-pandemia-2"},"jetpack_publicize_connections":[],"jetpack_featured_media_url":"https:\/\/radardofuturo.com.br\/test\/wp-content\/uploads\/2020\/09\/covid-pos-pandemia-mulher-com-mascara-foto-pixabay.jpg","post_mailing_queue_ids":[],"_links":{"self":[{"href":"https:\/\/radardofuturo.com.br\/test\/wp-json\/wp\/v2\/posts\/12474","targetHints":{"allow":["GET"]}}],"collection":[{"href":"https:\/\/radardofuturo.com.br\/test\/wp-json\/wp\/v2\/posts"}],"about":[{"href":"https:\/\/radardofuturo.com.br\/test\/wp-json\/wp\/v2\/types\/post"}],"author":[{"embeddable":true,"href":"https:\/\/radardofuturo.com.br\/test\/wp-json\/wp\/v2\/users\/1"}],"replies":[{"embeddable":true,"href":"https:\/\/radardofuturo.com.br\/test\/wp-json\/wp\/v2\/comments?post=12474"}],"version-history":[{"count":0,"href":"https:\/\/radardofuturo.com.br\/test\/wp-json\/wp\/v2\/posts\/12474\/revisions"}],"wp:featuredmedia":[{"embeddable":true,"href":"https:\/\/radardofuturo.com.br\/test\/wp-json\/wp\/v2\/media\/12476"}],"wp:attachment":[{"href":"https:\/\/radardofuturo.com.br\/test\/wp-json\/wp\/v2\/media?parent=12474"}],"wp:term":[{"taxonomy":"category","embeddable":true,"href":"https:\/\/radardofuturo.com.br\/test\/wp-json\/wp\/v2\/categories?post=12474"},{"taxonomy":"post_tag","embeddable":true,"href":"https:\/\/radardofuturo.com.br\/test\/wp-json\/wp\/v2\/tags?post=12474"}],"curies":[{"name":"wp","href":"https:\/\/api.w.org\/{rel}","templated":true}]}}