{"id":1247,"date":"2018-06-04T16:14:58","date_gmt":"2018-06-04T19:14:58","guid":{"rendered":"https:\/\/radardofuturo.com.br\/?p=1247"},"modified":"2018-06-04T16:14:58","modified_gmt":"2018-06-04T19:14:58","slug":"forca-do-eleitorado-idoso","status":"publish","type":"post","link":"https:\/\/radardofuturo.com.br\/test\/forca-do-eleitorado-idoso\/","title":{"rendered":"A for\u00e7a do eleitorado idoso nas elei\u00e7\u00f5es de 2018"},"content":{"rendered":"<figure id=\"attachment_1248\" aria-describedby=\"caption-attachment-1248\" style=\"width: 800px\" class=\"wp-caption aligncenter\"><a href=\"https:\/\/radardofuturo.com.br\/test\/wp-content\/uploads\/2018\/06\/eleitorado-idoso1-800x445.jpg\"><img loading=\"lazy\" decoding=\"async\" class=\"size-full wp-image-1248\" src=\"https:\/\/radardofuturo.com.br\/test\/wp-content\/uploads\/2018\/06\/eleitorado-idoso1-800x445.jpg\" alt=\"A popula&ccedil;&atilde;o idosa precisa se organizar para participar da elei&ccedil;&atilde;o de outubro e fazer valer sua for&ccedil;a num&eacute;rica, apresentando suas demandas na &aacute;rea de sa&uacute;de, previd&ecirc;ncia, trabalho, moradia, lazer etc\" width=\"800\" height=\"445\" srcset=\"https:\/\/radardofuturo.com.br\/test\/wp-content\/uploads\/2018\/06\/eleitorado-idoso1-800x445.jpg 800w, https:\/\/radardofuturo.com.br\/test\/wp-content\/uploads\/2018\/06\/eleitorado-idoso1-800x445-300x167.jpg 300w, https:\/\/radardofuturo.com.br\/test\/wp-content\/uploads\/2018\/06\/eleitorado-idoso1-800x445-768x427.jpg 768w\" sizes=\"auto, (max-width: 800px) 100vw, 800px\"><\/a><figcaption id=\"caption-attachment-1248\" class=\"wp-caption-text\">A popula&ccedil;&atilde;o idosa precisa se organizar para participar da elei&ccedil;&atilde;o de outubro e fazer valer sua for&ccedil;a num&eacute;rica, apresentando suas demandas na &aacute;rea de sa&uacute;de, previd&ecirc;ncia, trabalho, moradia, lazer etc<\/figcaption><\/figure>\n<p><!--more--><\/p>\n<figure style=\"width: 100px\" class=\"wp-caption alignleft\"><img loading=\"lazy\" decoding=\"async\" src=\"https:\/\/www.portaldoenvelhecimento.com.br\/wp-content\/uploads\/2017\/01\/Jose_Eustaquio_Diniz_Alves-copy.jpg\" alt=\"Jos&eacute; Eust&aacute;quio Diniz Alves\" width=\"100\" height=\"100\"><figcaption class=\"wp-caption-text\">Jos&eacute; Eust&aacute;quio Diniz Alves<\/figcaption><\/figure>\n<p>O eleitorado grisalho ser&aacute; decisivo nas elei&ccedil;&otilde;es gerais de 2018 no Brasil. Pela primeira vez na hist&oacute;ria, o montante de idosos de 60 anos e mais de idade, aptos a votar, ser&aacute;, significativamente, maior do que o montante de jovens de 16 a 24 anos e pode ser o fiel da balan&ccedil;a nas elei&ccedil;&otilde;es presidenciais, assim como nas elei&ccedil;&otilde;es para governadores, senadores e deputados federais e estaduais.<\/p>\n<p>Nas primeiras elei&ccedil;&otilde;es presidenciais do s&eacute;culo XXI, em 2002, havia 24,5 milh&otilde;es de jovens (16-24 anos) aptos a votar, o que representava 21,2% do eleitorado, contra 15,2 milh&otilde;es de idosos (60 anos e mais), o que representava 13,2% do eleitorado. Portanto, os eleitores jovens superavam os idosos em quase 10 milh&otilde;es de indiv&iacute;duos.<\/p>\n<p>Nas elei&ccedil;&otilde;es seguintes, o n&uacute;mero de jovens foi caindo e o de idosos foi aumentando gradualmente. Nas &uacute;ltimas elei&ccedil;&otilde;es presidenciais, em 2014, houve um empate t&eacute;cnico (com uma ligeira vantagem dos idosos). O n&uacute;mero de jovens caiu para 23 milh&otilde;es, o que representava 16,1% do eleitorado, enquanto o n&uacute;mero dos idosos subiu para 24,3 milh&otilde;es, representando 17% do eleitorado.<\/p>\n<p><img decoding=\"async\" src=\"https:\/\/www.portaldoenvelhecimento.com.br\/wp-content\/uploads\/2018\/05\/o-poder-do-eleitoriado-idoso-nas-eleicoes-2018.png\"><\/p>\n<p>Mas a lideran&ccedil;a grisalha fica mais evidente nas elei&ccedil;&otilde;es gerais de 2018. Os dados do Tribunal Superior Eleitoral, de mar&ccedil;o deste ano, indicam 22,3 milh&otilde;es de jovens aptos a votar (representando 15,3% do eleitorado) e 27,3 milh&otilde;es de idosos (representando 18,6% do eleitorado). Portanto, o n&uacute;mero de idosos aptos a votar superar&aacute; em 5 milh&otilde;es o n&uacute;mero de jovens, em outubro de 2018. Mas isto &eacute; s&oacute; o come&ccedil;o, pois a for&ccedil;a eleitoral dos idosos vai crescer muito ao longo do s&eacute;culo XXI.<\/p>\n<p>O eleitorado idoso (60 anos e mais) se igualou com o eleitorado jovem (16 a 24 anos) em 2013. Fazendo uma proje&ccedil;&atilde;o para as pr&oacute;ximas d&eacute;cadas, estima-se que os idosos com 42 milh&otilde;es de eleitores ser&atilde;o o dobro dos jovens com 21 milh&otilde;es de eleitores em 2030. Os idosos, com 60 milh&otilde;es de eleitores ser&atilde;o o triplo dos 20 milh&otilde;es de jovens em 2043. A vantagem da popula&ccedil;&atilde;o grisalha continuar&aacute; se ampliando ao longo do s&eacute;culo e os idosos com 72 milh&otilde;es de pessoas, em 2058, devem ter um montante 4 vezes maior do que os 18 milh&otilde;es de jovens aptos a votar.<\/p>\n<p>Cabe ressaltar que o poderio eleitoral do total de idosos vai ser acompanhado pelo poderio das mulheres idosas, pois estas ser&atilde;o entre 55% e 56% do eleitorado em meados do atual s&eacute;culo. Portanto, s&oacute; as mulheres idosas da d&eacute;cada de 2050 ser&atilde;o duas vezes maior do que todo o eleitorado jovem de 16 a 24 anos. Assim, as mulheres com mais de 60 anos ter&atilde;o uma for&ccedil;a extraordin&aacute;ria na medida em que o processo de envelhecimento populacional se aprofundar.<\/p>\n<p>O poder do voto dos idosos, que &eacute; crescente em n&iacute;vel nacional, fica ainda mais evidente em dois dos grandes estados da regi&atilde;o Sudeste. Em S&atilde;o Paulo, em 2002, o n&uacute;mero de jovens aptos a votar era de 5 milh&otilde;es (19,6% do total) e de idosos 3,3 milh&otilde;es (12,7% do total). Em 2010, houve praticamente um empate. Em 2014, os idosos j&aacute; superavam, significativamente, os jovens. Em 2018, o n&uacute;mero de jovens aptos a votar estava em 4,5 milh&otilde;es em mar&ccedil;o de 2018, o que representa 13,6% do eleitorado, enquanto o n&uacute;mero de idosos chegou a 6,6 milh&otilde;es, representando 20% do eleitorado total.<\/p>\n<p><img decoding=\"async\" src=\"https:\/\/www.portaldoenvelhecimento.com.br\/wp-content\/uploads\/2018\/05\/o-poder-do-eleitorado-idoso-768x484.png\"><\/p>\n<p>No Rio de Janeiro, em 2002, os jovens com 1,7 milh&otilde;es de eleitores (16,9% do total) superavam os idosos com 1,6 milh&otilde;es (15,9%). Nos demais anos, os idosos fluminenses j&aacute; superavam os jovens, sendo que, em 2018, j&aacute; s&atilde;o 2,9 milh&otilde;es de idosos (23,1% do total) contra apenas 1,6 milh&otilde;es de jovens (13,2%). Os idosos do Rio de Janeiro superam os jovens em 10% do eleitorado, a maior diferen&ccedil;a entre todas as Unidades da Federa&ccedil;&atilde;o.<\/p>\n<p><img decoding=\"async\" src=\"https:\/\/www.portaldoenvelhecimento.com.br\/wp-content\/uploads\/2018\/05\/o-poder-do-eleitorado-idoso-.png\"><\/p>\n<p>Na popula&ccedil;&atilde;o brasileira, em 2018, os idosos (com 60 anos e mais de idade) representam 13% do total. Por&eacute;m, entre o eleitorado, o percentual de idosos &eacute; de 18,6% do total de eleitores. Os jovens de 16 a 24 anos s&atilde;o 14,7% da popula&ccedil;&atilde;o total do Brasil, em 2018, e s&atilde;o 15,3% do total de eleitores. Portanto, proporcionalmente, os idosos est&atilde;o mais sobre-representados no eleitorado.<\/p>\n<p>Isto configura um poder pol&iacute;tico significativo no presente. Numa elei&ccedil;&atilde;o muito disputada, como deve ser o pleito de 2018, o voto grisalho pode decidir a elei&ccedil;&atilde;o. Evidentemente, a popula&ccedil;&atilde;o idosa precisa se organizar para participar da elei&ccedil;&atilde;o de outubro e fazer valer sua for&ccedil;a num&eacute;rica, apresentando suas demandas na &aacute;rea de sa&uacute;de, previd&ecirc;ncia, trabalho, moradia, lazer, etc.<\/p>\n<p>Caber&aacute; aos candidatos e candidatas apresentar propostas para colocar o pa&iacute;s no eixo e para revelar solu&ccedil;&otilde;es criativas que garantam o bem-estar geral do povo brasileiro e o bem-estar da gera&ccedil;&atilde;o que j&aacute; contribuiu com o avan&ccedil;o socioecon&ocirc;mico do pa&iacute;s e muito ainda tem a usufruir e a contribuir.<\/p>\n<p><em><strong>Jos&eacute; Eust&aacute;quio Diniz Alves<\/strong><\/em><br>\nDoutor em demografia e professor titular do mestrado e doutorado em Popula&ccedil;&atilde;o, Territ&oacute;rio e Estat&iacute;sticas P&uacute;blicas da Escola Nacional de Ci&ecirc;ncias Estat&iacute;sticas &ndash; ENCE\/IBGE<br>\nE-mail: jed_alves@yahoo.com.br<\/p>\n<p>&nbsp;<\/p>\n","protected":false},"excerpt":{"rendered":"","protected":false},"author":1,"featured_media":1248,"comment_status":"open","ping_status":"open","sticky":false,"template":"","format":"standard","meta":{"tdm_status":"","tdm_grid_status":"","footnotes":"","jetpack_publicize_message":"","jetpack_publicize_feature_enabled":true,"jetpack_social_post_already_shared":true,"jetpack_social_options":{"image_generator_settings":{"template":"highway","enabled":false},"version":2}},"categories":[20,36],"tags":[541,540,144,258],"class_list":{"0":"post-1247","1":"post","2":"type-post","3":"status-publish","4":"format-standard","5":"has-post-thumbnail","7":"category-destaques","8":"category-pensadores-futuro","9":"tag-eleitorado-idoso","10":"tag-eleitores-idosos","11":"tag-envelhecimento","12":"tag-idosos"},"jetpack_publicize_connections":[],"jetpack_featured_media_url":"https:\/\/radardofuturo.com.br\/test\/wp-content\/uploads\/2018\/06\/eleitorado-idoso1-800x445.jpg","post_mailing_queue_ids":[],"_links":{"self":[{"href":"https:\/\/radardofuturo.com.br\/test\/wp-json\/wp\/v2\/posts\/1247","targetHints":{"allow":["GET"]}}],"collection":[{"href":"https:\/\/radardofuturo.com.br\/test\/wp-json\/wp\/v2\/posts"}],"about":[{"href":"https:\/\/radardofuturo.com.br\/test\/wp-json\/wp\/v2\/types\/post"}],"author":[{"embeddable":true,"href":"https:\/\/radardofuturo.com.br\/test\/wp-json\/wp\/v2\/users\/1"}],"replies":[{"embeddable":true,"href":"https:\/\/radardofuturo.com.br\/test\/wp-json\/wp\/v2\/comments?post=1247"}],"version-history":[{"count":0,"href":"https:\/\/radardofuturo.com.br\/test\/wp-json\/wp\/v2\/posts\/1247\/revisions"}],"wp:featuredmedia":[{"embeddable":true,"href":"https:\/\/radardofuturo.com.br\/test\/wp-json\/wp\/v2\/media\/1248"}],"wp:attachment":[{"href":"https:\/\/radardofuturo.com.br\/test\/wp-json\/wp\/v2\/media?parent=1247"}],"wp:term":[{"taxonomy":"category","embeddable":true,"href":"https:\/\/radardofuturo.com.br\/test\/wp-json\/wp\/v2\/categories?post=1247"},{"taxonomy":"post_tag","embeddable":true,"href":"https:\/\/radardofuturo.com.br\/test\/wp-json\/wp\/v2\/tags?post=1247"}],"curies":[{"name":"wp","href":"https:\/\/api.w.org\/{rel}","templated":true}]}}