{"id":12412,"date":"2020-08-31T12:06:35","date_gmt":"2020-08-31T15:06:35","guid":{"rendered":"https:\/\/radardofuturo.com.br\/?p=12412"},"modified":"2020-08-31T12:07:00","modified_gmt":"2020-08-31T15:07:00","slug":"a-relacao-direta-entre-a-automatizacao-e-o-custo-beneficio","status":"publish","type":"post","link":"https:\/\/radardofuturo.com.br\/test\/a-relacao-direta-entre-a-automatizacao-e-o-custo-beneficio\/","title":{"rendered":"A rela\u00e7\u00e3o direta entre a automatiza\u00e7\u00e3o e o custo-benef\u00edcio"},"content":{"rendered":"\n<figure class=\"wp-block-image size-large\"><img loading=\"lazy\" decoding=\"async\" width=\"1024\" height=\"768\" src=\"https:\/\/radardofuturo.com.br\/test\/wp-content\/uploads\/2019\/07\/pexels-photo-159888-1024x768.jpeg\" alt=\"Imagem ilustrativa tela mostrando gr&aacute;fico Foto por energepic.com em Pexels.com\" class=\"wp-image-4752\" srcset=\"https:\/\/radardofuturo.com.br\/test\/wp-content\/uploads\/2019\/07\/pexels-photo-159888-1024x768.jpeg 1024w, https:\/\/radardofuturo.com.br\/test\/wp-content\/uploads\/2019\/07\/pexels-photo-159888-300x225.jpeg 300w, https:\/\/radardofuturo.com.br\/test\/wp-content\/uploads\/2019\/07\/pexels-photo-159888-768x576.jpeg 768w, https:\/\/radardofuturo.com.br\/test\/wp-content\/uploads\/2019\/07\/pexels-photo-159888-640x480.jpeg 640w, https:\/\/radardofuturo.com.br\/test\/wp-content\/uploads\/2019\/07\/pexels-photo-159888.jpeg 1733w\" sizes=\"auto, (max-width: 1024px) 100vw, 1024px\"><figcaption>Organiza&ccedil;&otilde;es atuar&atilde;o como plataforma de integra&ccedil;&atilde;o de servi&ccedil;os &ndash; dos financeiros aos de entretenimento e compras Foto por energepic.com em <a href=\"https:\/\/www.pexels.com\/photo\/blue-and-yellow-graph-on-stock-market-monitor-159888\/\" rel=\"nofollow noopener\" target=\"_blank\">Pexels.com<\/a><\/figcaption><\/figure>\n\n\n\n<!--more-->\n\n\n\n<p>Andr&eacute; Barros *<\/p>\n\n\n\n<p>No cen&aacute;rio empresarial, &eacute; poss&iacute;vel extrair uma s&eacute;rie de aprendizados obtidos no per&iacute;odo de pandemia e isolamento social. O uso de solu&ccedil;&otilde;es automatizadas, por sua vez, exerceu papel fundamental na constru&ccedil;&atilde;o de um ambiente de trabalho capaz de suportar os desafios ligados &agrave; dist&acirc;ncia e novos m&eacute;todos organizacionais, a exemplo do modelo remoto. Hoje, com o retorno gradual &agrave; normaliza&ccedil;&atilde;o das atividades, a transforma&ccedil;&atilde;o digital continua a proporcionar um leque de op&ccedil;&otilde;es &agrave;s lideran&ccedil;as corporativas. Se em momentos de maior instabilidade a tecnologia foi bem-sucedida na miss&atilde;o de amenizar o impacto de crises repentinas, no processo de recupera&ccedil;&atilde;o poder&aacute; funcionar como um agente catalisador em termos de produtividade e otimiza&ccedil;&atilde;o de tarefas.<\/p>\n\n\n\n<p>Buscar por medidas eficazes e seguras &eacute; certamente um desejo compartilhado por qualquer gestor. Para lidar com a reestrutura&ccedil;&atilde;o de diretrizes e sistemas internos, contexto em que a margem de erro se mostra muito mais enxuta, o uso de ferramentas inovadoras vai de encontro a uma mentalidade que priorize o custo-benef&iacute;cio referente &agrave; simplifica&ccedil;&atilde;o de procedimentos e os poss&iacute;veis ganhos financeiros. Transportando essa realidade para organiza&ccedil;&otilde;es inseridas no dinamismo do com&eacute;rcio exterior, a urg&ecirc;ncia de se discutir o tema &eacute; inquestion&aacute;vel.<\/p>\n\n\n\n<h2 class=\"wp-block-heading\">Abrang&ecirc;ncia tecnol&oacute;gica reflete na valoriza&ccedil;&atilde;o profissional<\/h2>\n\n\n\n<p>Em outros tempos, ao discutirmos a influ&ecirc;ncia da m&aacute;quina nas opera&ccedil;&otilde;es de uma empresa, era comum se deparar com pensamentos err&ocirc;neos sobre os prop&oacute;sitos reais da tecnologia. N&atilde;o se trata de substituir o fator humano e simplesmente inibir sua participa&ccedil;&atilde;o, pelo contr&aacute;rio, a inova&ccedil;&atilde;o t&eacute;cnica apresenta meios de se construir um espa&ccedil;o que valorize os profissionais. Isto &eacute;, com a automa&ccedil;&atilde;o cuidando de tarefas exaustivas e padronizadas, ser&aacute; poss&iacute;vel redirecionar equipes a fun&ccedil;&otilde;es estrat&eacute;gicas de alto grau de subjetividade. O protagonismo sempre pertencer&aacute; &agrave;s pessoas, componentes centrais das empresas.<\/p>\n\n\n\n<p>Munidos de insumos embasados pela assertividade tecnol&oacute;gica, os profissionais ter&atilde;o a seguran&ccedil;a desejada para explorar suas fun&ccedil;&otilde;es com a excel&ecirc;ncia operacional t&atilde;o desejada por figuras de lideran&ccedil;a. Os ganhos para a produtividade justificam uma movimenta&ccedil;&atilde;o ousada nesse sentido, claro, utilizando a comunica&ccedil;&atilde;o interna como fonte de conscientiza&ccedil;&atilde;o e capacita&ccedil;&atilde;o dos profissionais.<\/p>\n\n\n\n<h2 class=\"wp-block-heading\">O impacto para uma gest&atilde;o de Comex<\/h2>\n\n\n\n<p>N&atilde;o &eacute; de hoje que o quadro de com&eacute;rcio Exterior exige um n&iacute;vel elevado de competitividade por parte das companhias. Esse aspecto ca&oacute;tico pode ser fundamentado por in&uacute;meras raz&otilde;es. Sob a &oacute;tica do gestor, a necessidade de corresponder &agrave;s obriga&ccedil;&otilde;es de um mercado ca&oacute;tico &eacute; compat&iacute;vel com uma governan&ccedil;a capaz de explorar seus recursos humanos, t&eacute;cnicos e financeiros. As demandas s&atilde;o numerosas e os desafios burocr&aacute;ticos exigem uma aten&ccedil;&atilde;o redobrada quanto &agrave; seguran&ccedil;a fiscal.<\/p>\n\n\n\n<p>Nesse sentido, a automa&ccedil;&atilde;o de processos &eacute; uma sa&iacute;da operacional indispens&aacute;vel. Depositar as confian&ccedil;as em atividades manuais &eacute; flertar com preju&iacute;zos desnecess&aacute;rios, especialmente em situa&ccedil;&otilde;es em que a margem para falhas cr&iacute;ticas &eacute; m&iacute;nima. Quando o assunto &eacute; Comex, alta produtividade e estabilidade fiscal s&atilde;o caracter&iacute;sticas que fazem a diferen&ccedil;a e colocam a empresa em um est&aacute;gio avan&ccedil;ado se comparada &agrave;s que renegam a transforma&ccedil;&atilde;o digital.<\/p>\n\n\n\n<h2 class=\"wp-block-heading\">Simplifica&ccedil;&atilde;o &eacute; caminho para redu&ccedil;&atilde;o dos gastos<\/h2>\n\n\n\n<p>&Eacute; poss&iacute;vel diminuir os gastos com uma rotina operacional automatizada? A resposta &eacute; positiva e os motivos s&atilde;o variados. A mobilidade conquistada pela automa&ccedil;&atilde;o de processos permite que ela habite diversos departamentos, integrando atividades e reduzindo a m&atilde;o de obra em sua totalidade. Essa remodela&ccedil;&atilde;o processual tamb&eacute;m elimina a frequ&ecirc;ncia de retrabalhos e erros comuns ao manuseio humano. Destaco que a redu&ccedil;&atilde;o dos gastos n&atilde;o est&aacute; exclusivamente ligada &agrave; diminui&ccedil;&atilde;o de cada um deles. O retorno relacionado ao investimento em solu&ccedil;&otilde;es digitas n&atilde;o s&oacute; pode diluir esse gasto inicial, como construir uma cultura de custo-benef&iacute;cio apoiada na maximiza&ccedil;&atilde;o dos resultados.<\/p>\n\n\n\n<p>Por fim, utilizo o momento atual como refer&ecirc;ncia para se recorrer &agrave; automatiza&ccedil;&atilde;o. Com todas as adversidades colocadas &agrave; mesa, a tecnologia pode ser uma aliada estrat&eacute;gica para l&iacute;deres e gestores que procuram eliminar gargalos operacionais enquanto constroem uma nova realidade produtiva. As contribui&ccedil;&otilde;es s&atilde;o amplas: maior incentivo &agrave; produtividade e o engajamento de equipes e colaboradores, prepara&ccedil;&atilde;o de um territ&oacute;rio empresarial seguro e com uma sa&uacute;de fiscal consolidada, otimiza&ccedil;&atilde;o processual como porta de entrada para a redu&ccedil;&atilde;o de custos desnecess&aacute;rios, entre outros fatores determinantes para a ingress&atilde;o na era digital.<\/p>\n\n\n\n<p>Qual &eacute; a sua vis&atilde;o sobre o impacto da automa&ccedil;&atilde;o e seu custo-benef&iacute;cio?<\/p>\n\n\n\n<hr class=\"wp-block-separator\">\n\n\n\n<ul class=\"wp-block-list\"><li><em><strong>Andr&eacute; Barros&nbsp;<\/strong>&eacute; CEO da eCOMEX &ndash; NSI. O executivo possui mais de 20 anos de experi&ecirc;ncia no segmento de Com&eacute;rcio Exterior. Possui vasta experi&ecirc;ncia no desenvolvimento e entrega de novos produtos e servi&ccedil;os e na transforma&ccedil;&atilde;o e gest&atilde;o de neg&oacute;cios.<\/em><\/li><\/ul>\n\n\n\n<hr class=\"wp-block-separator\">\n\n\n\n<h5 class=\"wp-block-heading\">Confira tamb&eacute;m: <\/h5>\n\n\n\n<h2 class=\"wp-block-heading\"><a href=\"https:\/\/radardofuturo.com.br\/test\/pandemia-impacta-o-futuro-dos-empregos-no-mundo\/\" class=\"rank-math-link\">Pandemia acelera substitui&ccedil;&atilde;o de humanos em empresas globais<\/a><\/h2>\n\n\n\n<p><\/p>\n","protected":false},"excerpt":{"rendered":"<p>Qual &eacute; a sua vis&atilde;o sobre o impacto da automa&ccedil;&atilde;o e seu custo-benef&iacute;cio?<\/p>\n","protected":false},"author":14,"featured_media":4752,"comment_status":"open","ping_status":"open","sticky":false,"template":"","format":"standard","meta":{"tdm_status":"","tdm_grid_status":"","footnotes":"","jetpack_publicize_message":"","jetpack_publicize_feature_enabled":true,"jetpack_social_post_already_shared":true,"jetpack_social_options":{"image_generator_settings":{"template":"highway","enabled":false},"version":2}},"categories":[36,16],"tags":[56],"class_list":{"0":"post-12412","1":"post","2":"type-post","3":"status-publish","4":"format-standard","5":"has-post-thumbnail","7":"category-pensadores-futuro","8":"category-tendencias-setores","9":"tag-automacao"},"jetpack_publicize_connections":[],"jetpack_featured_media_url":"https:\/\/radardofuturo.com.br\/test\/wp-content\/uploads\/2019\/07\/pexels-photo-159888.jpeg","post_mailing_queue_ids":[],"_links":{"self":[{"href":"https:\/\/radardofuturo.com.br\/test\/wp-json\/wp\/v2\/posts\/12412","targetHints":{"allow":["GET"]}}],"collection":[{"href":"https:\/\/radardofuturo.com.br\/test\/wp-json\/wp\/v2\/posts"}],"about":[{"href":"https:\/\/radardofuturo.com.br\/test\/wp-json\/wp\/v2\/types\/post"}],"author":[{"embeddable":true,"href":"https:\/\/radardofuturo.com.br\/test\/wp-json\/wp\/v2\/users\/14"}],"replies":[{"embeddable":true,"href":"https:\/\/radardofuturo.com.br\/test\/wp-json\/wp\/v2\/comments?post=12412"}],"version-history":[{"count":0,"href":"https:\/\/radardofuturo.com.br\/test\/wp-json\/wp\/v2\/posts\/12412\/revisions"}],"wp:featuredmedia":[{"embeddable":true,"href":"https:\/\/radardofuturo.com.br\/test\/wp-json\/wp\/v2\/media\/4752"}],"wp:attachment":[{"href":"https:\/\/radardofuturo.com.br\/test\/wp-json\/wp\/v2\/media?parent=12412"}],"wp:term":[{"taxonomy":"category","embeddable":true,"href":"https:\/\/radardofuturo.com.br\/test\/wp-json\/wp\/v2\/categories?post=12412"},{"taxonomy":"post_tag","embeddable":true,"href":"https:\/\/radardofuturo.com.br\/test\/wp-json\/wp\/v2\/tags?post=12412"}],"curies":[{"name":"wp","href":"https:\/\/api.w.org\/{rel}","templated":true}]}}