{"id":12138,"date":"2020-08-12T07:31:59","date_gmt":"2020-08-12T10:31:59","guid":{"rendered":"https:\/\/radardofuturo.com.br\/?p=12138"},"modified":"2020-08-12T15:14:10","modified_gmt":"2020-08-12T18:14:10","slug":"outlab-realiza-workshops-para-expansao-de-solucoes-de-laboratorios","status":"publish","type":"post","link":"https:\/\/radardofuturo.com.br\/test\/outlab-realiza-workshops-para-expansao-de-solucoes-de-laboratorios\/","title":{"rendered":"Outlab realiza workshops para expans\u00e3o de solu\u00e7\u00f5es de laborat\u00f3rios"},"content":{"rendered":"\n<figure class=\"wp-block-image size-large\"><img loading=\"lazy\" decoding=\"async\" width=\"1024\" height=\"685\" src=\"https:\/\/radardofuturo.com.br\/test\/wp-content\/uploads\/2020\/08\/ampolas-para-coleta-de-materiais-humanos-1024x685.jpg\" alt=\"ampolas para coleta material de laborat&oacute;rio Foto: Pixabay\" class=\"wp-image-11972\" srcset=\"https:\/\/radardofuturo.com.br\/test\/wp-content\/uploads\/2020\/08\/ampolas-para-coleta-de-materiais-humanos-1024x685.jpg 1024w, https:\/\/radardofuturo.com.br\/test\/wp-content\/uploads\/2020\/08\/ampolas-para-coleta-de-materiais-humanos-300x201.jpg 300w, https:\/\/radardofuturo.com.br\/test\/wp-content\/uploads\/2020\/08\/ampolas-para-coleta-de-materiais-humanos-768x514.jpg 768w, https:\/\/radardofuturo.com.br\/test\/wp-content\/uploads\/2020\/08\/ampolas-para-coleta-de-materiais-humanos-696x465.jpg 696w, https:\/\/radardofuturo.com.br\/test\/wp-content\/uploads\/2020\/08\/ampolas-para-coleta-de-materiais-humanos.jpg 1280w\" sizes=\"auto, (max-width: 1024px) 100vw, 1024px\"><\/figure>\n\n\n\n<!--more-->\n\n\n\n<p>Em um cen&aacute;rio de combate &agrave; pandemia causada pela Covid-19 e da consequente acelera&ccedil;&atilde;o da transforma&ccedil;&atilde;o digital, as universidades brasileiras enfrentam novas perspectivas para a realiza&ccedil;&atilde;o de suas atividades de pesquisa, ensino e extens&atilde;o. O desenvolvimento cient&iacute;fico e tecnol&oacute;gico na busca de solu&ccedil;&otilde;es para testar e vacinar a popula&ccedil;&atilde;o recebe aten&ccedil;&atilde;o global e a capacidade laboratorial das institui&ccedil;&otilde;es conecta-se mais profundamente com as demandas da sociedade.<\/p>\n\n\n\n<p>Para apoiar os laborat&oacute;rios na expans&atilde;o de suas solu&ccedil;&otilde;es para a sociedade, o Programa Outlab, realizado pela Pr&oacute;-Reitoria de Pesquisa (PRPq) da UFMG e pela Funda&ccedil;&atilde;o de Desenvolvimento da Pesquisa (Fundep), est&aacute; promovendo um ciclo de workshops online em universidades de Minas Gerais. A iniciativa surgiu em 2019 com o objetivo de sensibilizar o potencial comercial dos laborat&oacute;rios e implementar metodologias de neg&oacute;cios, desenvolvendo quatro &aacute;reas espec&iacute;ficas: mercado, servi&ccedil;o, vendas e p&oacute;s-vendas.<\/p>\n\n\n\n<h2 class=\"wp-block-heading\">Ciclo de workshops<\/h2>\n\n\n\n<p>Com a adapta&ccedil;&atilde;o da metodologia do programa para o formato workshop online, o Outlab vai apresentar ferramentas exclusivas para estimular pesquisadores, professores e alunos participantes a conectar seus projetos, produtos, servi&ccedil;os e tecnologias com a sociedade. &ldquo;Mais do que nunca, o conhecimento t&eacute;cnico-cient&iacute;fico das universidades est&aacute; sendo demandado pelo mercado. Compreender as oportunidades deste momento e oferecer essa expertise em produtos e servi&ccedil;os amplia o potencial de impacto social&rdquo;, enfatiza a coordenadora da iniciativa, Rayza Resende.<\/p>\n\n\n\n<p>Com din&acirc;micas 100% online, os workshops ser&atilde;o realizados, inicialmente, no Instituto Federal de Educa&ccedil;&atilde;o Ci&ecirc;ncia e Tecnologia de Minas Gerais (IFMG) &ndash; dia 11\/08; na Universidade Federal de Ouro Preto (UFOP) &ndash; dias 19 e 20\/08; e na Universidade Federal de Alfenas (Unifal) &ndash; dia 01\/09; reunindo cerca de 30 laborat&oacute;rios de &aacute;reas diversas. A expectativa &eacute; que os participantes consigam desenvolver o potencial comercial de seus projetos, compreendendo as oportunidades de conex&atilde;o com o mercado.<\/p>\n\n\n\n<h2 class=\"wp-block-heading\">Outlab<\/h2>\n\n\n\n<p>Criado na Universidade Federal de Minas Gerais (UFMG), o Outlab &eacute; o primeiro programa de acelera&ccedil;&atilde;o de laborat&oacute;rios do Brasil, com o objetivo de aproximar laborat&oacute;rios e sociedade, por meio de ferramentas de desenvolvimento &aacute;gil, mentorias e conex&otilde;es com empresas.<\/p>\n\n\n\n<p>O primeiro ciclo do programa, realizado em 2019, contou com a participa&ccedil;&atilde;o de 25 laborat&oacute;rios da UFMG. Foram 10 semanas de imers&atilde;o com a presen&ccedil;a de diversas &aacute;reas da academia. Ao longo do desenvolvimento da metodologia do Outlab, os participantes alcan&ccedil;aram mais de 380 prospec&ccedil;&otilde;es de novos neg&oacute;cios, 50 processos de negocia&ccedil;&atilde;o e 50 propostas fechadas, movimentando cerca de R$ 1 milh&atilde;o em contratos firmados com empresas dos segmentos de farm&aacute;cia, minera&ccedil;&atilde;o, educa&ccedil;&atilde;o e sa&uacute;de.<\/p>\n\n\n\n<p><a href=\"http:\/\/www.programaoutlab.com.br\/\" class=\"rank-math-link\" target=\"_blank\" rel=\"noopener\">Clique e saiba mais sobre o Outlab.<\/a><\/p>\n","protected":false},"excerpt":{"rendered":"","protected":false},"author":1,"featured_media":11972,"comment_status":"open","ping_status":"open","sticky":false,"template":"","format":"standard","meta":{"tdm_status":"","tdm_grid_status":"","footnotes":"","jetpack_publicize_message":"","jetpack_publicize_feature_enabled":true,"jetpack_social_post_already_shared":true,"jetpack_social_options":{"image_generator_settings":{"template":"highway","enabled":false},"version":2}},"categories":[18],"tags":[],"class_list":{"0":"post-12138","1":"post","2":"type-post","3":"status-publish","4":"format-standard","5":"has-post-thumbnail","7":"category-eventos"},"jetpack_publicize_connections":[],"jetpack_featured_media_url":"https:\/\/radardofuturo.com.br\/test\/wp-content\/uploads\/2020\/08\/ampolas-para-coleta-de-materiais-humanos.jpg","post_mailing_queue_ids":[],"_links":{"self":[{"href":"https:\/\/radardofuturo.com.br\/test\/wp-json\/wp\/v2\/posts\/12138","targetHints":{"allow":["GET"]}}],"collection":[{"href":"https:\/\/radardofuturo.com.br\/test\/wp-json\/wp\/v2\/posts"}],"about":[{"href":"https:\/\/radardofuturo.com.br\/test\/wp-json\/wp\/v2\/types\/post"}],"author":[{"embeddable":true,"href":"https:\/\/radardofuturo.com.br\/test\/wp-json\/wp\/v2\/users\/1"}],"replies":[{"embeddable":true,"href":"https:\/\/radardofuturo.com.br\/test\/wp-json\/wp\/v2\/comments?post=12138"}],"version-history":[{"count":0,"href":"https:\/\/radardofuturo.com.br\/test\/wp-json\/wp\/v2\/posts\/12138\/revisions"}],"wp:featuredmedia":[{"embeddable":true,"href":"https:\/\/radardofuturo.com.br\/test\/wp-json\/wp\/v2\/media\/11972"}],"wp:attachment":[{"href":"https:\/\/radardofuturo.com.br\/test\/wp-json\/wp\/v2\/media?parent=12138"}],"wp:term":[{"taxonomy":"category","embeddable":true,"href":"https:\/\/radardofuturo.com.br\/test\/wp-json\/wp\/v2\/categories?post=12138"},{"taxonomy":"post_tag","embeddable":true,"href":"https:\/\/radardofuturo.com.br\/test\/wp-json\/wp\/v2\/tags?post=12138"}],"curies":[{"name":"wp","href":"https:\/\/api.w.org\/{rel}","templated":true}]}}