{"id":11741,"date":"2020-07-26T14:45:29","date_gmt":"2020-07-26T17:45:29","guid":{"rendered":"https:\/\/radardofuturo.com.br\/?p=11741"},"modified":"2020-07-26T14:45:36","modified_gmt":"2020-07-26T17:45:36","slug":"na-geopolitica-por-que-a-cooperacao-e-mais-vital-ainda","status":"publish","type":"post","link":"https:\/\/radardofuturo.com.br\/test\/na-geopolitica-por-que-a-cooperacao-e-mais-vital-ainda\/","title":{"rendered":"No cen\u00e1rio da geopol\u00edtica, a coopera\u00e7\u00e3o global \u00e9 mais vital do que nunca"},"content":{"rendered":"\n<figure class=\"wp-block-image size-large\"><img loading=\"lazy\" decoding=\"async\" width=\"1024\" height=\"683\" src=\"https:\/\/radardofuturo.com.br\/test\/wp-content\/uploads\/2020\/07\/protesto-climatico-futuro-do-planeta-1024x683.jpg\" alt=\"O grande desalinhamento global &eacute; que, no momento, a coopera&ccedil;&atilde;o &eacute; mais vital do que nunca para enfrentar desafios urgentes, est&aacute; em decl&iacute;nio.\" class=\"wp-image-11742\" srcset=\"https:\/\/radardofuturo.com.br\/test\/wp-content\/uploads\/2020\/07\/protesto-climatico-futuro-do-planeta-1024x683.jpg 1024w, https:\/\/radardofuturo.com.br\/test\/wp-content\/uploads\/2020\/07\/protesto-climatico-futuro-do-planeta-300x200.jpg 300w, https:\/\/radardofuturo.com.br\/test\/wp-content\/uploads\/2020\/07\/protesto-climatico-futuro-do-planeta-768x512.jpg 768w, https:\/\/radardofuturo.com.br\/test\/wp-content\/uploads\/2020\/07\/protesto-climatico-futuro-do-planeta-1536x1024.jpg 1536w, https:\/\/radardofuturo.com.br\/test\/wp-content\/uploads\/2020\/07\/protesto-climatico-futuro-do-planeta-2048x1365.jpg 2048w, https:\/\/radardofuturo.com.br\/test\/wp-content\/uploads\/2020\/07\/protesto-climatico-futuro-do-planeta-696x464.jpg 696w, https:\/\/radardofuturo.com.br\/test\/wp-content\/uploads\/2020\/07\/protesto-climatico-futuro-do-planeta-1392x928.jpg 1392w\" sizes=\"auto, (max-width: 1024px) 100vw, 1024px\"><figcaption>No cen&aacute;rio da geopol&iacute;tica, a coopera&ccedil;&atilde;o &eacute; mais vital do que nunca para enfrentar desafios urgentes. Mas ela est&aacute; em decl&iacute;nio. <\/figcaption><\/figure>\n\n\n\n<!--more-->\n\n\n\n<p>Carlos Pl&aacute;cido Teixeira<br>Jornalista I Radar do Futuro<\/p>\n\n\n\n<p>A inten&ccedil;&atilde;o dos Estados Unidos de utilizar o poder econ&ocirc;mico e pol&iacute;tico para comprar os estoques de rem&eacute;dios em desenvolvimento para combater o coronav&iacute;rus revela que um &ldquo;novo normal&rdquo; da vit&oacute;ria da virtude sobre o mal n&atilde;o vir&aacute; t&atilde;o facilmente. O cen&aacute;rio permanece t&atilde;o complexo quanto sempre na busca por solu&ccedil;&otilde;es para os problemas gerados pela pandemia. Al&eacute;m da falta de esp&iacute;rito de coopera&ccedil;&atilde;o de alguns pa&iacute;ses, como o caso norte-americano, acusado, em abril, de fazer &ldquo;pirataria de respiradores&rdquo;, h&aacute; o risco de uma corrida entre pa&iacute;ses por a&ccedil;&otilde;es separadas. <\/p>\n\n\n\n<p>Em artigo publicado no site &ldquo;The Japan Times&rdquo;, o presidente do Forum Econ&ocirc;mico Mundial, Borge Brende, recorda que, no final de junho,  o secret&aacute;rio-geral da ONU, Antonio Guterres, j&aacute; havia alertado que &ldquo;h&aacute; total falta de coordena&ccedil;&atilde;o entre os pa&iacute;ses&rdquo;. Ele compara o processo de busca global por uma vacina COVID-19 &agrave; corrida espacial entre os Estados Unidos e a Uni&atilde;o Sovi&eacute;tica, onde cada lado procurava &ldquo;vencer&rdquo; &agrave; custa do outro. &ldquo;Embora lament&aacute;vel, n&atilde;o deve surpreender que o coronav&iacute;rus esteja demonstrando falta de coopera&ccedil;&atilde;o global e at&eacute; abrindo uma nova linha de frente para a concorr&ecirc;ncia&rdquo;, assinala <a href=\"https:\/\/en.wikipedia.org\/wiki\/B%C3%B8rge_Brende\" class=\"rank-math-link\" target=\"_blank\" rel=\"noopener\">Borge Brende<\/a>.<\/p>\n\n\n\n<p>&Eacute; importante considerar que o alerta parte de um pol&iacute;tico e diplomata noruegu&ecirc;s, do Partido Conservador, presidente de uma institui&ccedil;&atilde;o que representa os interesses do capitalismo global. O contexto tra&ccedil;ado no artigo inclui a constata&ccedil;&atilde;o de que a pandemia atingiu um mundo j&aacute; inst&aacute;vel. Um cen&aacute;rio de instabilidade em que profundas mudan&ccedil;as de poder estavam ocorrendo e fazendo com que os instintos competitivos ultrapassassem as mentalidades cooperativas. Mas o v&iacute;rus tamb&eacute;m pode servir para redefinir esses instintos, lembrando aos atores globais que a coordena&ccedil;&atilde;o &eacute; a chave para avan&ccedil;ar n&atilde;o apenas prioridades compartilhadas, mas tamb&eacute;m interesses pr&oacute;prios.<\/p>\n\n\n\n<p>As preocupa&ccedil;&otilde;es ganham corpo com a percep&ccedil;&atilde;o de que, hoje, o mundo est&aacute; ainda mais entrela&ccedil;ado do que h&aacute; 12 anos, quando ocorreu a crise financeira que espalhou instabilidade por todo o planeta. O coranav&iacute;rus, cujos efeitos ultrapassaram fronteiras e ind&uacute;strias, deixa isso claro. E assim como o coronav&iacute;rus n&atilde;o respeita nenhuma linha no mapa, ciberataques, emiss&otilde;es de gases de efeito estufa e desafios econ&ocirc;micos desafiam o conjunto dos pa&iacute;ses. &ldquo;Somente por meio de a&ccedil;&otilde;es coordenadas o mundo poder&aacute; sair de uma recess&atilde;o mais profunda do que o esperado em 2020, conforme projeto do Fundo Monet&aacute;rio Internacional, com a produ&ccedil;&atilde;o global diminuindo 4,9%.&rdquo;, atesta Borge Brende.<\/p>\n\n\n\n<p>Esse momento de crise pode servir de lembrete aos l&iacute;deres de que a coordena&ccedil;&atilde;o global &eacute; de fato do interesse nacional de cada pa&iacute;s. Enquanto os US $ 9 trilh&otilde;es em medidas combinadas de est&iacute;mulo que os governos do G20 injetam em suas economias s&atilde;o vitais para a recupera&ccedil;&atilde;o de cada pa&iacute;s, a OCDE afirmou que n&atilde;o apenas a coordena&ccedil;&atilde;o entre os pa&iacute;ses tornaria as medidas de est&iacute;mulo &ldquo;consideravelmente mais eficazes&rdquo;, como &ldquo;a&ccedil;&otilde;es descoordenadas ou unilaterais&rdquo; exacerbar os custos sociais e econ&ocirc;micos gerais &rdquo;.<\/p>\n\n\n\n<h2 class=\"wp-block-heading\">Atritos da geopol&iacute;tica <\/h2>\n\n\n\n<p>Borge Brende reconhece que os atritos n&atilde;o s&atilde;o uma novidade em tempos recentes. Eles estavam aumentando antes do surto do coronav&iacute;rus. O sistema econ&ocirc;mico global foi usado nos &uacute;ltimos anos como um mecanismo para sancionar rivais. Basta verificar o comportamento do presidente dos Estados Unidos, Donald Trump. Eventuais acordos internacionais baseados em uma premissa de ganha-ganha, mesmo que relativos, se transforam em a&ccedil;&otilde;es de obten&ccedil;&atilde;o de vantagem &agrave;s custas de um concorrente global. No final de 2019, o Fundo Monet&aacute;rio Internacional alertou que o aumento das tens&otilde;es comerciais representaria um empecilho para o crescimento econ&ocirc;mico de aproximadamente US$ 700 bilh&otilde;es em 2020.<\/p>\n\n\n\n<p>O mesmo aumento no atrito estava se manifestando na &aacute;rea de tecnologia. Depois de anos em que os Estados Unidos e a China identificaram &aacute;reas para coopera&ccedil;&atilde;o em ci&ecirc;ncia e tecnologia, uma &ldquo;corrida tecnol&oacute;gica&rdquo; est&aacute; se desenvolvendo rapidamente. Essa competi&ccedil;&atilde;o &eacute; alta: o n&uacute;mero de usu&aacute;rios da Internet passou de 1,6 bilh&atilde;o durante a crise financeira de 2008 para 4,1 bilh&otilde;es hoje. E a intelig&ecirc;ncia artificial pode aumentar o crescimento econ&ocirc;mico em at&eacute; 30% nos pr&oacute;ximos 15 anos nos pa&iacute;ses que dominam a tecnologia. &Eacute; por isso que existe uma sensa&ccedil;&atilde;o de que controlar &ndash; em vez de cooperar &ndash; em tecnologias de fronteira &eacute; um caminho para ganhos materiais e geopol&iacute;ticos.<\/p>\n\n\n\n<p>No contexto polarizado de hoje, muitos apontaram a coordena&ccedil;&atilde;o que ocorreu ap&oacute;s a crise financeira de 2008 como um exemplo de partidos que se unem para enfrentar um desafio comum e urgente. Apenas algumas semanas ap&oacute;s o colapso do Lehman Brothers, os bancos centrais de todo o mundo coordenaram a redu&ccedil;&atilde;o das taxas de juros. Logo depois, os membros do G20 se reuniram em Washington, DC e emitiram uma declara&ccedil;&atilde;o conjunta de que estavam &ldquo;determinados a melhorar nossa coopera&ccedil;&atilde;o e trabalhar juntos para restaurar o crescimento global e alcan&ccedil;ar as reformas necess&aacute;rias nos sistemas financeiros do mundo&rdquo;.<\/p>\n\n\n\n<p>A principal li&ccedil;&atilde;o da crise financeira de 2008 foi que a coordena&ccedil;&atilde;o n&atilde;o decorreu do desinteresse entre as partes, mas precisamente porque era do interesse de cada parte trabalhar em conjunto. A economia global estava t&atilde;o interconectada que uma crise financeira em um pa&iacute;s afetou os mercados, n&atilde;o apenas em outro, mas em todos os pa&iacute;ses do mundo.<\/p>\n\n\n\n<hr class=\"wp-block-separator has-text-color has-background has-luminous-vivid-orange-background-color has-luminous-vivid-orange-color\">\n\n\n\n<p>Fonte: <a href=\"https:\/\/www.japantimes.co.jp\/opinion\/2020\/07\/21\/commentary\/world-commentary\/contours-future-cooperation\/#.Xx16Ip5KgdU\" class=\"rank-math-link\" target=\"_blank\" rel=\"noopener\">The Japan Times<\/a> .<\/p>\n\n\n\n<hr class=\"wp-block-separator has-text-color has-background has-luminous-vivid-orange-background-color has-luminous-vivid-orange-color\">\n\n\n\n<p><\/p>\n","protected":false},"excerpt":{"rendered":"","protected":false},"author":1,"featured_media":11742,"comment_status":"open","ping_status":"open","sticky":false,"template":"","format":"standard","meta":{"tdm_status":"","tdm_grid_status":"","footnotes":"","jetpack_publicize_message":"","jetpack_publicize_feature_enabled":true,"jetpack_social_post_already_shared":true,"jetpack_social_options":{"image_generator_settings":{"template":"highway","enabled":false},"version":2}},"categories":[23,20],"tags":[804],"class_list":{"0":"post-11741","1":"post","2":"type-post","3":"status-publish","4":"format-standard","5":"has-post-thumbnail","7":"category-carlos-placido-teixeira","8":"category-destaques","9":"tag-geopolitica"},"jetpack_publicize_connections":[],"jetpack_featured_media_url":"https:\/\/radardofuturo.com.br\/test\/wp-content\/uploads\/2020\/07\/protesto-climatico-futuro-do-planeta-scaled.jpg","post_mailing_queue_ids":[],"_links":{"self":[{"href":"https:\/\/radardofuturo.com.br\/test\/wp-json\/wp\/v2\/posts\/11741","targetHints":{"allow":["GET"]}}],"collection":[{"href":"https:\/\/radardofuturo.com.br\/test\/wp-json\/wp\/v2\/posts"}],"about":[{"href":"https:\/\/radardofuturo.com.br\/test\/wp-json\/wp\/v2\/types\/post"}],"author":[{"embeddable":true,"href":"https:\/\/radardofuturo.com.br\/test\/wp-json\/wp\/v2\/users\/1"}],"replies":[{"embeddable":true,"href":"https:\/\/radardofuturo.com.br\/test\/wp-json\/wp\/v2\/comments?post=11741"}],"version-history":[{"count":0,"href":"https:\/\/radardofuturo.com.br\/test\/wp-json\/wp\/v2\/posts\/11741\/revisions"}],"wp:featuredmedia":[{"embeddable":true,"href":"https:\/\/radardofuturo.com.br\/test\/wp-json\/wp\/v2\/media\/11742"}],"wp:attachment":[{"href":"https:\/\/radardofuturo.com.br\/test\/wp-json\/wp\/v2\/media?parent=11741"}],"wp:term":[{"taxonomy":"category","embeddable":true,"href":"https:\/\/radardofuturo.com.br\/test\/wp-json\/wp\/v2\/categories?post=11741"},{"taxonomy":"post_tag","embeddable":true,"href":"https:\/\/radardofuturo.com.br\/test\/wp-json\/wp\/v2\/tags?post=11741"}],"curies":[{"name":"wp","href":"https:\/\/api.w.org\/{rel}","templated":true}]}}