{"id":11728,"date":"2020-07-24T08:15:35","date_gmt":"2020-07-24T11:15:35","guid":{"rendered":"https:\/\/radardofuturo.com.br\/?p=11728"},"modified":"2020-07-24T08:15:43","modified_gmt":"2020-07-24T11:15:43","slug":"onu-alerta-sobre-impactos-ambientais-dos-carros-eletricos","status":"publish","type":"post","link":"https:\/\/radardofuturo.com.br\/test\/onu-alerta-sobre-impactos-ambientais-dos-carros-eletricos\/","title":{"rendered":"Proje\u00e7\u00f5es de vendas de carros el\u00e9tricos acendem alertas ambientais"},"content":{"rendered":"\n<figure class=\"wp-block-image size-large\"><img loading=\"lazy\" decoding=\"async\" width=\"1024\" height=\"461\" src=\"https:\/\/radardofuturo.com.br\/test\/wp-content\/uploads\/2020\/07\/exposicao-carro-eletrico-foto-onu-1024x461.jpg\" alt=\"ONU News\/Yasmina Guerda Carro el&eacute;trico exposto na COP24, na Pol&ocirc;nia.\" class=\"wp-image-11729\" srcset=\"https:\/\/radardofuturo.com.br\/test\/wp-content\/uploads\/2020\/07\/exposicao-carro-eletrico-foto-onu-1024x461.jpg 1024w, https:\/\/radardofuturo.com.br\/test\/wp-content\/uploads\/2020\/07\/exposicao-carro-eletrico-foto-onu-300x135.jpg 300w, https:\/\/radardofuturo.com.br\/test\/wp-content\/uploads\/2020\/07\/exposicao-carro-eletrico-foto-onu-768x346.jpg 768w, https:\/\/radardofuturo.com.br\/test\/wp-content\/uploads\/2020\/07\/exposicao-carro-eletrico-foto-onu-696x313.jpg 696w, https:\/\/radardofuturo.com.br\/test\/wp-content\/uploads\/2020\/07\/exposicao-carro-eletrico-foto-onu.jpg 1177w\" sizes=\"auto, (max-width: 1024px) 100vw, 1024px\"><figcaption>O crescimento na minera&ccedil;&atilde;o de mat&eacute;rias-primas usadas para fabricar baterias de carros el&eacute;tricos causa preocupa&ccedil;&otilde;es ambientais e sociais que devem ser tratadas com urg&ecirc;ncia. <\/figcaption><\/figure>\n\n\n\n<!--more-->\n\n\n\n<p>Carlos Pl&aacute;cido Teixeira<br>Jornalista<\/p>\n\n\n\n<p>At&eacute; 2030 ser&atilde;o vendidos 23 milh&otilde;es de carros el&eacute;tricos no mundo, 20 milh&otilde;es a mais que em 2017. A proje&ccedil;&atilde;o foi divulgada pela Confer&ecirc;ncia da ONU sobre Com&eacute;rcio e Desenvolvimento (Unctad) como um alerta que reitera mais uma preocupa&ccedil;&atilde;o clim&aacute;tica. A ag&ecirc;ncia da Organiza&ccedil;&atilde;o das Na&ccedil;&otilde;es Unidas assinala que o mundo deve buscar meios para financiar o alto custo da bateria e em mitigar os efeitos sobre o meio ambiente de materiais utilizados na produ&ccedil;&atilde;o como l&iacute;tio e cobalto. O crescimento na minera&ccedil;&atilde;o de mat&eacute;rias-primas usadas para fabricar baterias de carros el&eacute;tricos causa preocupa&ccedil;&otilde;es ambientais e sociais que devem ser tratadas com urg&ecirc;ncia. <\/p>\n\n\n\n<p>Em todo o mundo, especialmente em pa&iacute;ses desenvolvidos, os consumidores compram, cada vez mais, carros el&eacute;tricos. Segundo a Ag&ecirc;ncia Internacional de Energia, as vendas destes ve&iacute;culos devem passar de 3 milh&otilde;es, vendidos em 2017, para 23 milh&otilde;es em 2030. As baterias recarreg&aacute;veis devem ter um crescimento semelhante. As vendas de c&aacute;todo, que se encontra nas baterias de l&iacute;tio, devem chegar a US$ 58 bilh&otilde;es em 2024, bem acima dos US$ 7 bilh&otilde;es de 2018.<\/p>\n\n\n\n<p>Mostrar as contradi&ccedil;&otilde;es do processo de produ&ccedil;&atilde;o dos autom&oacute;veis &eacute; um grande desafio a ser enfrentado por ambientalistas e pela sociedade. Ao contr&aacute;rio do que representantes da ind&uacute;stria disseminam, a sustentabilidade da alternativa &eacute; question&aacute;vel. Refor&ccedil;ando a tese, a diretora de com&eacute;rcio internacional da Unctad, Pamela Coke-Hamilton, disse que &ldquo;a maioria dos consumidores s&oacute; conhece os aspectos positivos dos ve&iacute;culos el&eacute;tricos porque a parte negativa do processo de produ&ccedil;&atilde;o n&atilde;o &eacute; vis&iacute;vel.&rdquo; Segundo ela, isso acontece porque a maioria dos consumidores vive em pa&iacute;ses industrializados, mas a maior parte das mat&eacute;rias-primas est&aacute; concentrada em alguns pa&iacute;ses em desenvolvimento.<\/p>\n\n\n\n<h2 class=\"wp-block-heading\">Impactos negativos<\/h2>\n\n\n\n<p>Mais da metade dos recursos de l&iacute;tio do mundo, por exemplo, encontra-se nas salinas das regi&otilde;es andinas da Argentina, da Bol&iacute;via e do Chile. A Unctad diz que a minera&ccedil;&atilde;o desse metal j&aacute; est&aacute; causando dificuldades aos agricultores ind&iacute;genas de quinoa e pastores de lhamas, que precisam competir com os mineradores por &aacute;gua numa das regi&otilde;es mais secas do mundo. Algumas estimativas mostram que s&atilde;o necess&aacute;rios quase 2 milh&otilde;es de litros de &aacute;gua para produzir uma tonelada de l&iacute;tio.<\/p>\n\n\n\n<p>No Salar de Atacama, no Chile, as atividades de minera&ccedil;&atilde;o consumiram 65% da &aacute;gua dispon&iacute;vel, causando esgotamento de mananciais subterr&acirc;neos, contamina&ccedil;&atilde;o do solo e outras formas de degrada&ccedil;&atilde;o ambiental. Como resultado, as comunidades tiveram de abandonar assentamentos onde viviam h&aacute; s&eacute;culos. Segundo a pesquisa, &agrave; medida que a demanda por l&iacute;tio cresce, os riscos ambientais tamb&eacute;m aumentam.<\/p>\n\n\n\n<p>Outro elemento essencial, o cobalto tem quase 50% das reservas mundiais concentradas na Rep&uacute;blica Democr&aacute;tica do Congo. O pa&iacute;s &eacute; respons&aacute;vel por mais de dois ter&ccedil;os da produ&ccedil;&atilde;o global do mineral. Cerca de 20% do cobalto vem de minas artesanais, onde 40 mil crian&ccedil;as trabalham em condi&ccedil;&otilde;es extremamente perigosas, segundo o Fundo das Na&ccedil;&otilde;es Unidas para a Inf&acirc;ncia, Unicef.<\/p>\n\n\n\n<p>A poeira que resulta da escava&ccedil;&atilde;o pode conter metais t&oacute;xicos, incluindo ur&acirc;nio, que causam problemas de sa&uacute;de, como doen&ccedil;as respirat&oacute;rias e defeitos cong&ecirc;nitos. Os riscos ambientais s&atilde;o igualmente preocupantes. Estas minas podem conter minerais de enxofre, que geram &aacute;cido sulf&uacute;rico quando expostos ao ar e &agrave; &aacute;gua. Esse processo pode destruir rios e outros cursos de &aacute;gua por centenas de anos.<\/p>\n\n\n\n<p>Os impactos ambientais da minera&ccedil;&atilde;o de grafite s&atilde;o semelhantes. Cerca de 80% das reservas naturais deste material est&atilde;o no Brasil, na China e na Turquia. O uso de explosivos pode gerar poeira e part&iacute;culas finas na atmosfera, causando problemas de sa&uacute;de nas comunidades pr&oacute;ximas e contaminando os solos.<\/p>\n\n\n\n<p>O relat&oacute;rio afirma que para reduzir esses impactos, &eacute; preciso investir mais em t&eacute;cnicas sustent&aacute;veis de minera&ccedil;&atilde;o. E melhorar as tecnologias de reciclagem das mat&eacute;rias-primas usadas. A Unctad recomenda ainda que a ind&uacute;stria encontre formas de reduzir a necessidade de minera&ccedil;&atilde;o. Um dos exemplos &eacute; o trabalho de cientistas que est&atilde;o tentando substituir a grafite nas baterias por sil&iacute;cio, um material muito mais abundante. Reduzir o uso destes minerais pode ainda baixar os pre&ccedil;os para as baterias, o que tornar&aacute; os carros el&eacute;tricos uma melhor op&ccedil;&atilde;o.<\/p>\n","protected":false},"excerpt":{"rendered":"<p>O crescimento na minera&ccedil;&atilde;o de mat&eacute;rias-primas usadas para fabricar baterias de carros el&eacute;tricos causa preocupa&ccedil;&otilde;es ambientais e sociais que devem ser tratadas com urg&ecirc;ncia. <\/p>\n","protected":false},"author":1,"featured_media":11729,"comment_status":"open","ping_status":"open","sticky":false,"template":"","format":"standard","meta":{"tdm_status":"","tdm_grid_status":"","footnotes":"","jetpack_publicize_message":"","jetpack_publicize_feature_enabled":true,"jetpack_social_post_already_shared":true,"jetpack_social_options":{"image_generator_settings":{"template":"highway","enabled":false},"version":2}},"categories":[1423,23,20,16],"tags":[561],"class_list":{"0":"post-11728","1":"post","2":"type-post","3":"status-publish","4":"format-standard","5":"has-post-thumbnail","7":"category-sustentabilidade","8":"category-carlos-placido-teixeira","9":"category-destaques","10":"category-tendencias-setores","11":"tag-carros-eletricos"},"jetpack_publicize_connections":[],"jetpack_featured_media_url":"https:\/\/radardofuturo.com.br\/test\/wp-content\/uploads\/2020\/07\/exposicao-carro-eletrico-foto-onu.jpg","post_mailing_queue_ids":[],"_links":{"self":[{"href":"https:\/\/radardofuturo.com.br\/test\/wp-json\/wp\/v2\/posts\/11728","targetHints":{"allow":["GET"]}}],"collection":[{"href":"https:\/\/radardofuturo.com.br\/test\/wp-json\/wp\/v2\/posts"}],"about":[{"href":"https:\/\/radardofuturo.com.br\/test\/wp-json\/wp\/v2\/types\/post"}],"author":[{"embeddable":true,"href":"https:\/\/radardofuturo.com.br\/test\/wp-json\/wp\/v2\/users\/1"}],"replies":[{"embeddable":true,"href":"https:\/\/radardofuturo.com.br\/test\/wp-json\/wp\/v2\/comments?post=11728"}],"version-history":[{"count":0,"href":"https:\/\/radardofuturo.com.br\/test\/wp-json\/wp\/v2\/posts\/11728\/revisions"}],"wp:featuredmedia":[{"embeddable":true,"href":"https:\/\/radardofuturo.com.br\/test\/wp-json\/wp\/v2\/media\/11729"}],"wp:attachment":[{"href":"https:\/\/radardofuturo.com.br\/test\/wp-json\/wp\/v2\/media?parent=11728"}],"wp:term":[{"taxonomy":"category","embeddable":true,"href":"https:\/\/radardofuturo.com.br\/test\/wp-json\/wp\/v2\/categories?post=11728"},{"taxonomy":"post_tag","embeddable":true,"href":"https:\/\/radardofuturo.com.br\/test\/wp-json\/wp\/v2\/tags?post=11728"}],"curies":[{"name":"wp","href":"https:\/\/api.w.org\/{rel}","templated":true}]}}