{"id":1161,"date":"2018-05-18T13:17:32","date_gmt":"2018-05-18T16:17:32","guid":{"rendered":"https:\/\/radardofuturo.com.br\/?p=1161"},"modified":"2018-05-18T13:17:32","modified_gmt":"2018-05-18T16:17:32","slug":"fatores-criticos-das-relacoes-de-trabalho","status":"publish","type":"post","link":"https:\/\/radardofuturo.com.br\/test\/fatores-criticos-das-relacoes-de-trabalho\/","title":{"rendered":"Relat\u00f3rio aponta fatores cr\u00edticos das rela\u00e7\u00f5es de trabalho"},"content":{"rendered":"<figure id=\"attachment_1162\" aria-describedby=\"caption-attachment-1162\" style=\"width: 890px\" class=\"wp-caption aligncenter\"><a href=\"https:\/\/radardofuturo.com.br\/test\/wp-content\/uploads\/2018\/05\/gente-feliz-a-uniao-faz-a-forca.jpg\"><img loading=\"lazy\" decoding=\"async\" class=\"size-full wp-image-1162\" src=\"https:\/\/radardofuturo.com.br\/test\/wp-content\/uploads\/2018\/05\/gente-feliz-a-uniao-faz-a-forca.jpg\" alt=\"&nbsp;Intelig&ecirc;ncia coletiva, internet das coisas e economia compartilhada s&atilde;o as for&ccedil;as das mudan&ccedil;as, segundo Relat&oacute;rio de Tend&ecirc;ncias Globais da Sodexo 2018 - foto: ixabay\" width=\"890\" height=\"720\" srcset=\"https:\/\/radardofuturo.com.br\/test\/wp-content\/uploads\/2018\/05\/gente-feliz-a-uniao-faz-a-forca.jpg 890w, https:\/\/radardofuturo.com.br\/test\/wp-content\/uploads\/2018\/05\/gente-feliz-a-uniao-faz-a-forca-300x243.jpg 300w, https:\/\/radardofuturo.com.br\/test\/wp-content\/uploads\/2018\/05\/gente-feliz-a-uniao-faz-a-forca-768x621.jpg 768w\" sizes=\"auto, (max-width: 890px) 100vw, 890px\"><\/a><figcaption id=\"caption-attachment-1162\" class=\"wp-caption-text\">Intelig&ecirc;ncia coletiva, internet das coisas e economia compartilhada s&atilde;o as for&ccedil;as das mudan&ccedil;as, segundo Relat&oacute;rio de <a href=\"https:\/\/radardofuturo.com.br\/test\/ddof\/o-que-sao-tendencias\/\" target=\"_self\" title=\"Confira o que s&atilde;o tend&ecirc;ncias, os fatos ou fen&ocirc;menos que podem acontecer em algum momento adiante na hist&oacute;ria da sociedade, como um novo comportamento individual ou de um grupo\" class=\"encyclopedia\">Tend&ecirc;ncias<\/a> Globais da Sodexo 2018<\/figcaption><\/figure>\n<p><!--more-->Radar do Futuro<\/p>\n<p>Intelig&ecirc;ncia coletiva, internet das coisas e economia compartilhada s&atilde;o algumas das <a href=\"https:\/\/radardofuturo.com.br\/test\/ddof\/o-que-sao-tendencias\/\" target=\"_self\" title=\"Confira o que s&atilde;o tend&ecirc;ncias, os fatos ou fen&ocirc;menos que podem acontecer em algum momento adiante na hist&oacute;ria da sociedade, como um novo comportamento individual ou de um grupo\" class=\"encyclopedia\">tend&ecirc;ncias<\/a> globais do local de trabalho que devem ser compreendidas pelas empresas em todo o mundo. A conclus&atilde;o &eacute; parte de um estudo apresentado pela&nbsp;Sodexo, empresa especializada em servi&ccedil;os de apoio &agrave; qualidade de vida no trabalho, mais conhecida pelos trabalhadores pelos vales-alimenta&ccedil;&atilde;o, que acaba de publicar seu relat&oacute;rio de <a href=\"https:\/\/radardofuturo.com.br\/test\/ddof\/o-que-sao-tendencias\/\" target=\"_self\" title=\"Confira o que s&atilde;o tend&ecirc;ncias, os fatos ou fen&ocirc;menos que podem acontecer em algum momento adiante na hist&oacute;ria da sociedade, como um novo comportamento individual ou de um grupo\" class=\"encyclopedia\">Tend&ecirc;ncias<\/a> Globais de Trabalho de 2018.<\/p>\n<p>O estudo, destinado aos l&iacute;deres mundiais envolvidos na necessidade de tomar as melhores decis&otilde;es, destaca os fatores que mais afetam o futuro do trabalho. Ele demonstra como uma &oacute;tima experi&ecirc;ncia no local de trabalho &eacute; fundamental para aumentar a produtividade das empresas e, em &uacute;ltima an&aacute;lise, alcan&ccedil;ar um maior comprometimento e participa&ccedil;&atilde;o dos funcion&aacute;rios.<\/p>\n<p>Com rob&oacute;tica e intelig&ecirc;ncia artificial cada vez mais integradas aos espa&ccedil;os de trabalho e ao cotidiano, as <a href=\"https:\/\/radardofuturo.com.br\/test\/ddof\/o-que-sao-tendencias\/\" target=\"_self\" title=\"Confira o que s&atilde;o tend&ecirc;ncias, os fatos ou fen&ocirc;menos que podem acontecer em algum momento adiante na hist&oacute;ria da sociedade, como um novo comportamento individual ou de um grupo\" class=\"encyclopedia\">tend&ecirc;ncias<\/a> identificadas pela&nbsp;Sodexo&nbsp;mostram as diversas formas pelas quais o desenvolvimento da intelig&ecirc;ncia humana, individual e coletiva, orientar&aacute; o impacto da tecnologia na vida das pessoas.<\/p>\n<p>Para Andreia Dutra, presidente da Sodexo On-site e vice-presidente de RH da divis&atilde;o no Brasil, este tipo de mapeamento do ambiente de trabalho &eacute; imprescind&iacute;vel para a companhia, que tem atuado continuamente para oferecer Qualidade de Vida&nbsp;em todos os seus servi&ccedil;os e processos internos. &ldquo;Acreditamos que nossos colaboradores s&atilde;o a ess&ecirc;ncia de nossa trajet&oacute;ria de sucesso e, neste sentido, compreender o ambiente de trabalho que os cerca, impulsiona nossas a&ccedil;&otilde;es em prol do maior engajamento da equipe&rdquo;, explica Dutra.<\/p>\n<p>J&aacute; para&nbsp;Rog&eacute;rio Bragherolli, vice-presidente de Recursos Humanos da Sodexo Benef&iacute;cios e Incentivos, o relat&oacute;rio &eacute; fundamental para que os l&iacute;deres empresariais possam&nbsp;compreender os fatores que moldar&atilde;o o local de trabalho do futuro. &ldquo;A Sodexo investe globalmente em pesquisas que ajudam a compreender os impactos da qualidade de vida no trabalho. O estudo revela como a tecnologia e as novas gera&ccedil;&otilde;es est&atilde;o transformando a experi&ecirc;ncia dos ambientes de trabalho e revolucionando a rela&ccedil;&atilde;o entre empregador e empregado por todo o mundo. Este &eacute; o momento de reestruturar a forma como fazemos a gest&atilde;o do capital humano nas organiza&ccedil;&otilde;es para fortalecer a integra&ccedil;&atilde;o da vida pessoal e profissional dos colaboradores e melhorar sua produtividade&rdquo;,&nbsp;explica o executivo.<\/p>\n<h2>Tend&ecirc;ncias centrais<\/h2>\n<p>O&nbsp;relat&oacute;rio &lsquo;<a href=\"https:\/\/radardofuturo.com.br\/test\/ddof\/o-que-sao-tendencias\/\" target=\"_self\" title=\"Confira o que s&atilde;o tend&ecirc;ncias, os fatos ou fen&ocirc;menos que podem acontecer em algum momento adiante na hist&oacute;ria da sociedade, como um novo comportamento individual ou de um grupo\" class=\"encyclopedia\">Tend&ecirc;ncias<\/a> Globais no Local de Trabalho 2018&rsquo; concentra-se em&nbsp;sete temas interconectados&nbsp;com uma linha comum em comum: a necessidade de intelig&ecirc;ncia coletiva em todas as &aacute;reas do local de trabalho. Confira abaixo as sete <a href=\"https:\/\/radardofuturo.com.br\/test\/ddof\/o-que-sao-tendencias\/\" target=\"_self\" title=\"Confira o que s&atilde;o tend&ecirc;ncias, os fatos ou fen&ocirc;menos que podem acontecer em algum momento adiante na hist&oacute;ria da sociedade, como um novo comportamento individual ou de um grupo\" class=\"encyclopedia\">tend&ecirc;ncias<\/a>:<\/p>\n<h3>Prepare-se para a Gera&ccedil;&atilde;o Z<\/h3>\n<p>2017 foi o primeiro ano em que&nbsp;a gera&ccedil;&atilde;o mais jovem foi totalmente incorporada ao mundo do trabalho.&nbsp;&rdquo;&nbsp;Com altas expectativas em rela&ccedil;&atilde;o &agrave; flexibilidade e ao uso de novas tecnologias, esta gera&ccedil;&atilde;o &eacute; &ndash; segundo a Sodexo &ndash; reconfigurando para todos a maneira de trabalhar na empresa&rdquo;<\/p>\n<h3>Formar o local de trabalho atrav&eacute;s da Internet das coisas<\/h3>\n<p>Os ambientes de trabalho que incorporam a Internet das Coisas constituem &ldquo;uma oportunidade de operar e colaborar de forma mais eficiente&rdquo;, segundo o relat&oacute;rio, j&aacute; que &ldquo;ajuda a&nbsp;melhorar o conforto dos espa&ccedil;os f&iacute;sicos e a flexibilidade&nbsp;, assim como a precis&atilde;o nos processos &rdquo;<\/p>\n<h3>Crie ambientes de trabalho emocionalmente inteligentes<\/h3>\n<p>A intelig&ecirc;ncia emocional tornou-se uma compet&ecirc;ncia fundamental para qualquer l&iacute;der em uma organiza&ccedil;&atilde;o.&nbsp;O local de trabalho em si pode ser, como os especialistas apontam, &ldquo;emocionalmente inteligente&rdquo;,&nbsp;permitindo que as pessoas mostrem o espectro completo de suas emo&ccedil;&otilde;es&nbsp;e &ldquo;alinhando a motiva&ccedil;&atilde;o com suas necessidades mais fundamentais&rdquo;.<\/p>\n<h3>Reinventar recursos para a economia colaborativa<\/h3>\n<p>As organiza&ccedil;&otilde;es mais avan&ccedil;adas est&atilde;o redefinindo seus modelos de neg&oacute;cios e suas cadeias de suprimentos.&nbsp;O objetivo &eacute;, na opini&atilde;o da Sodexo, &rdquo;&nbsp;aproveitar os benef&iacute;cios da economia colaborativa&nbsp;&ldquo;.&nbsp;Dessa forma, muitos recursos nos quais as pessoas confiam em um n&iacute;vel individual podem ser incorporados nos processos de neg&oacute;cios.<\/p>\n<h3>Promover a igualdade de g&ecirc;nero<\/h3>\n<p>As empresas est&atilde;o examinando&nbsp;as barreiras que est&atilde;o limitando o avan&ccedil;o das mulheres, a&nbsp;fim de implementar uma transforma&ccedil;&atilde;o cultural liderada por l&iacute;deres inclusivos.&nbsp;&ldquo;S&oacute; assim eles poder&atilde;o garantir um ambiente de trabalho sens&iacute;vel &agrave;s diferen&ccedil;as e com um equil&iacute;brio justo entre os g&ecirc;neros em todos os n&iacute;veis da organiza&ccedil;&atilde;o&rdquo;, revela o estudo Global Workplace Trends 2018.<\/p>\n<h3>Aprimore o gerenciamento de talentos 3.0<\/h3>\n<p>As empresas est&atilde;o cada vez mais conscientes de que melhorar a experi&ecirc;ncia dos funcion&aacute;rios pode aumentar o desempenho e os lucros.&nbsp;Por esta raz&atilde;o, a&nbsp;abordagem do Talent Management 3.0&nbsp;re&uacute;ne todas as tecnologias e solu&ccedil;&otilde;es dispon&iacute;veis (em treinamento, reconhecimento, bem-estar, etc.) para &ldquo;transformar a experi&ecirc;ncia de trabalho em uma experi&ecirc;ncia de vida&rdquo;.<\/p>\n<h3>Incorporar funcion&aacute;rios &agrave; estrat&eacute;gia de responsabilidade social corporativa<\/h3>\n<p>Os funcion&aacute;rios se tornaram&nbsp;um participante importante nos esfor&ccedil;os corporativos em sustentabilidade e responsabilidade corporativa.&nbsp;&nbsp;&ldquo;Agora &eacute; essencial que eles lhes d&ecirc;em uma voz que lhes permita se sentirem satisfeitos em suas preocupa&ccedil;&otilde;es sociais e ambientais&rdquo;, dizem eles da Sodexo, que tamb&eacute;m indicam que &ldquo;isso ajudar&aacute; a construir em conjunto um futuro melhor para todos&rdquo;.<\/p>\n<p><em>Com informa&ccedil;&otilde;es da Assessoria de imprensa Sodexo Brasil<\/em><\/p>\n<p>&nbsp;<\/p>\n<p>&nbsp;<\/p>\n","protected":false},"excerpt":{"rendered":"","protected":false},"author":1,"featured_media":1162,"comment_status":"open","ping_status":"open","sticky":false,"template":"","format":"standard","meta":{"tdm_status":"","tdm_grid_status":"","footnotes":"","jetpack_publicize_message":"","jetpack_publicize_feature_enabled":true,"jetpack_social_post_already_shared":true,"jetpack_social_options":{"image_generator_settings":{"template":"highway","enabled":false},"version":2}},"categories":[19],"tags":[],"class_list":{"0":"post-1161","1":"post","2":"type-post","3":"status-publish","4":"format-standard","5":"has-post-thumbnail","7":"category-insights"},"jetpack_publicize_connections":[],"jetpack_featured_media_url":"https:\/\/radardofuturo.com.br\/test\/wp-content\/uploads\/2018\/05\/gente-feliz-a-uniao-faz-a-forca.jpg","post_mailing_queue_ids":[],"_links":{"self":[{"href":"https:\/\/radardofuturo.com.br\/test\/wp-json\/wp\/v2\/posts\/1161","targetHints":{"allow":["GET"]}}],"collection":[{"href":"https:\/\/radardofuturo.com.br\/test\/wp-json\/wp\/v2\/posts"}],"about":[{"href":"https:\/\/radardofuturo.com.br\/test\/wp-json\/wp\/v2\/types\/post"}],"author":[{"embeddable":true,"href":"https:\/\/radardofuturo.com.br\/test\/wp-json\/wp\/v2\/users\/1"}],"replies":[{"embeddable":true,"href":"https:\/\/radardofuturo.com.br\/test\/wp-json\/wp\/v2\/comments?post=1161"}],"version-history":[{"count":0,"href":"https:\/\/radardofuturo.com.br\/test\/wp-json\/wp\/v2\/posts\/1161\/revisions"}],"wp:featuredmedia":[{"embeddable":true,"href":"https:\/\/radardofuturo.com.br\/test\/wp-json\/wp\/v2\/media\/1162"}],"wp:attachment":[{"href":"https:\/\/radardofuturo.com.br\/test\/wp-json\/wp\/v2\/media?parent=1161"}],"wp:term":[{"taxonomy":"category","embeddable":true,"href":"https:\/\/radardofuturo.com.br\/test\/wp-json\/wp\/v2\/categories?post=1161"},{"taxonomy":"post_tag","embeddable":true,"href":"https:\/\/radardofuturo.com.br\/test\/wp-json\/wp\/v2\/tags?post=1161"}],"curies":[{"name":"wp","href":"https:\/\/api.w.org\/{rel}","templated":true}]}}