{"id":11533,"date":"2020-07-14T19:39:28","date_gmt":"2020-07-14T22:39:28","guid":{"rendered":"https:\/\/radardofuturo.com.br\/?p=11533"},"modified":"2020-07-14T19:39:28","modified_gmt":"2020-07-14T22:39:28","slug":"edital-comciencia-de-ocupacao-em-arte-ciencia-e-tecnologia-tem-edital-aberto","status":"publish","type":"post","link":"https:\/\/radardofuturo.com.br\/test\/edital-comciencia-de-ocupacao-em-arte-ciencia-e-tecnologia-tem-edital-aberto\/","title":{"rendered":"Edital CoMci\u00eancia de Ocupa\u00e7\u00e3o em Arte, Ci\u00eancia e Tecnologia tem edital aberto"},"content":{"rendered":"\n<figure class=\"wp-block-image size-large\"><img loading=\"lazy\" decoding=\"async\" width=\"1024\" height=\"576\" src=\"https:\/\/radardofuturo.com.br\/test\/wp-content\/uploads\/2020\/07\/Edital-CoMciencia.png\" alt=\"\" class=\"wp-image-11535\" srcset=\"https:\/\/radardofuturo.com.br\/test\/wp-content\/uploads\/2020\/07\/Edital-CoMciencia.png 1024w, https:\/\/radardofuturo.com.br\/test\/wp-content\/uploads\/2020\/07\/Edital-CoMciencia-300x169.png 300w, https:\/\/radardofuturo.com.br\/test\/wp-content\/uploads\/2020\/07\/Edital-CoMciencia-768x432.png 768w, https:\/\/radardofuturo.com.br\/test\/wp-content\/uploads\/2020\/07\/Edital-CoMciencia-696x392.png 696w\" sizes=\"auto, (max-width: 1024px) 100vw, 1024px\"><\/figure>\n\n\n\n<!--more-->\n\n\n\n<p>At&eacute; o dia 26 de julho, est&atilde;o abertas as inscri&ccedil;&otilde;es para o Edital CoMci&ecirc;ncia de Ocupa&ccedil;&atilde;o em Arte, Ci&ecirc;ncia e Tecnologia, chamada do programa de divulga&ccedil;&atilde;o cient&iacute;fica do MM Gerdau &ndash; Museu das Minas e do Metal.<\/p>\n\n\n\n<p>O edital &eacute; um convite para artistas, cientistas e demais criadores e pesquisadores proporem ocupa&ccedil;&otilde;es criativas em espa&ccedil;os do Museu das Minas e do Metal, assim como tamb&eacute;m de forma virtual, por meio de tecnologias digitais (<a href=\"https:\/\/radardofuturo.com.br\/test\/ddof\/realidade-aumentada\/\" target=\"_self\" title=\"Realidade aumentada &eacute; a tecnologia que utiliza recursos para facilitar a informa&ccedil;&otilde;es e conhecimentos do mundo externo, seja sobre caracter&iacute;sticas de produtos, de coisas ou lugares. A ideia &eacute; aumentar seu conhecimento imediato do mundo ao seu redor. Para isso, insere informa&ccedil;&otilde;es curtas, diretas e relevantes nele. Isso permite maior intera&ccedil;&atilde;o e aumenta as possibilidades&hellip;\" class=\"encyclopedia\">realidade aumentada<\/a>, aplica&ccedil;&otilde;es em celulares, realidade virtual, sites e demais plataformas digitais), com projetos que transitem nos limites entre arte, ci&ecirc;ncia e tecnologia, com a pot&ecirc;ncia de suscitar novas perguntas e reflex&otilde;es &agrave; humanidade e ao mundo em que se insere e transforma.<\/p>\n\n\n\n<p>Nesta segunda edi&ccedil;&atilde;o do edital, o MM Gerdau conta com a parceria institucional do Festival de Arte Digital (FAD), da Funda&ccedil;&atilde;o de Amparo &agrave; Pesquisa do Estado de Minas Gerais (Fapemig) e da Funda&ccedil;&atilde;o de Desenvolvimento da Pesquisa (Fundep).<\/p>\n\n\n\n<p>&ldquo;Cristais do Tempo: emerg&ecirc;ncias nas fissuras do presente&rdquo;. Essa &eacute; a tem&aacute;tica escolhida para 2020, pelos curadores Alexandre Milagres e Tadeus Mucelli, que traz a provoca&ccedil;&atilde;o sobre a emerg&ecirc;ncia propositiva nas fissuras do presente, como cristais de tempo, capazes de quebrar as simetrias entre passado, presente e futuro. Uma reconstru&ccedil;&atilde;o enquanto proposta de coletividade e humanidade.<\/p>\n\n\n\n<h2 class=\"wp-block-heading\">Propostas<\/h2>\n\n\n\n<p>Podem se inscrever na chamada todos os interessados das diversas &aacute;reas, brasileiras e estrangeiros, na forma de inscri&ccedil;&otilde;es individuais ou coletivas (representada por um &uacute;nico integrante), at&eacute; 26\/07\/2020, pelo site do programa: www.programacomciencia.org.br<\/p>\n\n\n\n<p>Os projetos selecionados poder&atilde;o receber pr&ecirc;mios entre R$3 mil a R$15 mil, de acordo com a trajet&oacute;ria do proponente e aux&iacute;lio para a execu&ccedil;&atilde;o entre R$500 e R$15 mil, a depender do est&aacute;gio de desenvolvimento do trabalho.<\/p>\n\n\n\n<h2 class=\"wp-block-heading\">Ser&atilde;o aceitas propostas relacionadas aos temas:<\/h2>\n\n\n\n<p>a) Biologia &ndash; microbiologia, gen&eacute;tica, comportamento de plantas e animais, o corpo, processos cerebrais-corporais, tecnologias imag&eacute;ticas do corpo, medicina;<br>b) Ci&ecirc;ncias f&iacute;sicas &ndash; f&iacute;sica das part&iacute;culas, energia at&ocirc;mica, geologia, f&iacute;sica, qu&iacute;mica, astronomia, ci&ecirc;ncias espaciais e tecnologia GPS, nanotecnologias;<br>c) Matem&aacute;tica e algoritmos &ndash; fractais, arte gen&eacute;tica, vida artificial, intelig&ecirc;ncia artificial;<br>d) Cin&eacute;tica &ndash; eletr&ocirc;nica conceitual, instala&ccedil;&otilde;es sonoras e rob&oacute;tica;<br>e) Telecomunica&ccedil;&otilde;es &ndash; telefonia m&oacute;vel, r&aacute;dio, telepresen&ccedil;a, web arte, netart telem&aacute;tica, etc.;<br>f) Sistemas digitais &ndash; m&iacute;dias interativas, realidade virtual (VR), <a href=\"https:\/\/radardofuturo.com.br\/test\/ddof\/realidade-aumentada\/\" target=\"_self\" title=\"Realidade aumentada &eacute; a tecnologia que utiliza recursos para facilitar a informa&ccedil;&otilde;es e conhecimentos do mundo externo, seja sobre caracter&iacute;sticas de produtos, de coisas ou lugares. A ideia &eacute; aumentar seu conhecimento imediato do mundo ao seu redor. Para isso, insere informa&ccedil;&otilde;es curtas, diretas e relevantes nele. Isso permite maior intera&ccedil;&atilde;o e aumenta as possibilidades&hellip;\" class=\"encyclopedia\">realidade aumentada<\/a> (VA), sensores alternativos &ndash; tato, movimento, olhar, caracter&iacute;sticas pessoais, ativa&ccedil;&atilde;o de objetos, som 3D, fala, visualiza&ccedil;&atilde;o cient&iacute;fica, visualiza&ccedil;&atilde;o de dados, vigil&acirc;ncia, sistemas de informa&ccedil;&atilde;o, IoT &ndash; internet das coisas etc.;<\/p>\n\n\n\n<p>A exposi&ccedil;&atilde;o dos artistas selecionados est&aacute; prevista para acontecer de dezembro a mar&ccedil;o de 2021.<\/p>\n\n\n\n<h2 class=\"wp-block-heading\">Valoriza&ccedil;&atilde;o da ci&ecirc;ncia e da arte<\/h2>\n\n\n\n<p>&ldquo;O edital &eacute; uma a&ccedil;&atilde;o &iacute;mpar de divulga&ccedil;&atilde;o cient&iacute;fica, com abrang&ecirc;ncia internacional. O sucesso da exposi&ccedil;&atilde;o em 2019 foi um reflexo de como a arte, a ci&ecirc;ncia e a tecnologia s&atilde;o linguagens que se integram e despertam o interesse das pessoas. Entendemos a import&acirc;ncia de dar sequ&ecirc;ncia ao edital em 2020, premiando os artistas e valorizando a ci&ecirc;ncia, principalmente em um ano t&atilde;o desafiador&rdquo;, afirma M&aacute;rcia Guimar&atilde;es, gestora do MM Gerdau.<\/p>\n\n\n\n<p>Para Tadeus Mucelli, um dos curadores do edital, iniciativas como esta s&atilde;o fundamentais neste momento em que arte e ci&ecirc;ncia s&atilde;o necess&aacute;rias ao nosso presente t&atilde;o provocativo. &ldquo;O edital coMci&ecirc;ncia em 2020 se materializa como um dos mais importantes canais de fomento em ArtSci do nosso pa&iacute;s e desempenha um papel muito importante neste momento. Arte e Ci&ecirc;ncia nunca foram t&atilde;o essenciais como agora. Nosso olhar para esta edi&ccedil;&atilde;o se localiza no presente das coisas e processos existentes. Enquanto todos tentam antever um futuro, nos interessa no &lsquo;hoje&rsquo;, o que podemos fazer pelo amanh&atilde;&rdquo;, afirma.<\/p>\n\n\n\n<p>Alexandre Milagres, tamb&eacute;m curador do edital, completa que &ldquo;voltamos nosso olhar para o protagonismo de artistas e cientistas em encontrar novos rumos e criar novas perspectivas para a forma como vivemos. Passamos muito tempo presos ao &lsquo;agora&rsquo;, ao instant&acirc;neo, com o presente colado ao futuro, invari&aacute;vel em sua passagem. Precisamos mais do que nunca de obras que quebrem a simetria entre passado, presente e futuro, como os &lsquo;cristais de tempo&rsquo; da f&iacute;sica te&oacute;rica, restabelecendo ao presente sua pot&ecirc;ncia propositiva e transformadora.&rdquo;<\/p>\n\n\n\n<h2 class=\"wp-block-heading\">Live com os curadores<\/h2>\n\n\n\n<p>Para debater o tema do Edital e tirar d&uacute;vidas dos artistas, os curadores estar&atilde;o em uma live no canal no Youtube do MM Gerdau, dia 15\/07, &agrave;s 18h.<\/p>\n\n\n\n<p>Participe: <a href=\"https:\/\/www.youtube.com\/watch?v=OnmOBid6fMU\" target=\"_blank\" rel=\"noopener\">https:\/\/www.youtube.com\/watch?v=OnmOBid6fMU<\/a><\/p>\n","protected":false},"excerpt":{"rendered":"<p>At&eacute; o dia 26 de julho, est&atilde;o abertas as inscri&ccedil;&otilde;es para o Edital CoMci&ecirc;ncia de Ocupa&ccedil;&atilde;o em Arte, Ci&ecirc;ncia e Tecnologia, chamada do programa de divulga&ccedil;&atilde;o cient&iacute;fica do MM Gerdau &ndash; Museu das Minas e do Metal.<\/p>\n","protected":false},"author":1,"featured_media":11535,"comment_status":"open","ping_status":"open","sticky":false,"template":"","format":"standard","meta":{"tdm_status":"","tdm_grid_status":"","footnotes":"","jetpack_publicize_message":"","jetpack_publicize_feature_enabled":true,"jetpack_social_post_already_shared":true,"jetpack_social_options":{"image_generator_settings":{"template":"highway","enabled":false},"version":2}},"categories":[18],"tags":[],"class_list":{"0":"post-11533","1":"post","2":"type-post","3":"status-publish","4":"format-standard","5":"has-post-thumbnail","7":"category-eventos"},"jetpack_publicize_connections":[],"jetpack_featured_media_url":"https:\/\/radardofuturo.com.br\/test\/wp-content\/uploads\/2020\/07\/Edital-CoMciencia.png","post_mailing_queue_ids":[],"_links":{"self":[{"href":"https:\/\/radardofuturo.com.br\/test\/wp-json\/wp\/v2\/posts\/11533","targetHints":{"allow":["GET"]}}],"collection":[{"href":"https:\/\/radardofuturo.com.br\/test\/wp-json\/wp\/v2\/posts"}],"about":[{"href":"https:\/\/radardofuturo.com.br\/test\/wp-json\/wp\/v2\/types\/post"}],"author":[{"embeddable":true,"href":"https:\/\/radardofuturo.com.br\/test\/wp-json\/wp\/v2\/users\/1"}],"replies":[{"embeddable":true,"href":"https:\/\/radardofuturo.com.br\/test\/wp-json\/wp\/v2\/comments?post=11533"}],"version-history":[{"count":0,"href":"https:\/\/radardofuturo.com.br\/test\/wp-json\/wp\/v2\/posts\/11533\/revisions"}],"wp:featuredmedia":[{"embeddable":true,"href":"https:\/\/radardofuturo.com.br\/test\/wp-json\/wp\/v2\/media\/11535"}],"wp:attachment":[{"href":"https:\/\/radardofuturo.com.br\/test\/wp-json\/wp\/v2\/media?parent=11533"}],"wp:term":[{"taxonomy":"category","embeddable":true,"href":"https:\/\/radardofuturo.com.br\/test\/wp-json\/wp\/v2\/categories?post=11533"},{"taxonomy":"post_tag","embeddable":true,"href":"https:\/\/radardofuturo.com.br\/test\/wp-json\/wp\/v2\/tags?post=11533"}],"curies":[{"name":"wp","href":"https:\/\/api.w.org\/{rel}","templated":true}]}}