{"id":11425,"date":"2020-07-07T17:03:10","date_gmt":"2020-07-07T20:03:10","guid":{"rendered":"https:\/\/radardofuturo.com.br\/?p=11425"},"modified":"2020-07-07T17:03:31","modified_gmt":"2020-07-07T20:03:31","slug":"futuro-do-consumo-o-poder-e-a-influencia-da-geracao-z","status":"publish","type":"post","link":"https:\/\/radardofuturo.com.br\/test\/futuro-do-consumo-o-poder-e-a-influencia-da-geracao-z\/","title":{"rendered":"Futuro do consumo: O poder e a influ\u00eancia da Gera\u00e7\u00e3o Z"},"content":{"rendered":"\n<figure class=\"wp-block-image size-large\"><img loading=\"lazy\" decoding=\"async\" width=\"1024\" height=\"682\" src=\"https:\/\/radardofuturo.com.br\/test\/wp-content\/uploads\/2020\/07\/geracao-z-jovens-juventude-1024x682.jpg\" alt=\"Essa rela&ccedil;&atilde;o com a tecnologia e com o conte&uacute;do digital impacta diretamente o comportamento dessas pessoas na sociedade e tamb&eacute;m sua maneira de consumir. Foto: Pixabay\" class=\"wp-image-11426\" srcset=\"https:\/\/radardofuturo.com.br\/test\/wp-content\/uploads\/2020\/07\/geracao-z-jovens-juventude-1024x682.jpg 1024w, https:\/\/radardofuturo.com.br\/test\/wp-content\/uploads\/2020\/07\/geracao-z-jovens-juventude-300x200.jpg 300w, https:\/\/radardofuturo.com.br\/test\/wp-content\/uploads\/2020\/07\/geracao-z-jovens-juventude-768x512.jpg 768w, https:\/\/radardofuturo.com.br\/test\/wp-content\/uploads\/2020\/07\/geracao-z-jovens-juventude-696x464.jpg 696w, https:\/\/radardofuturo.com.br\/test\/wp-content\/uploads\/2020\/07\/geracao-z-jovens-juventude.jpg 1280w\" sizes=\"auto, (max-width: 1024px) 100vw, 1024px\"><figcaption>Essa rela&ccedil;&atilde;o com a tecnologia e com o conte&uacute;do digital impacta diretamente o comportamento dessas pessoas na sociedade e tamb&eacute;m sua maneira de consumir. <\/figcaption><\/figure>\n\n\n\n<!--more-->\n\n\n\n<p>Lucas Lanzoni *<\/p>\n\n\n\n<p>Todos lembramos da primeira vez em que tivemos contato com as redes sociais. Ficamos empolgados com a possibilidade de nos conectarmos com nossos amigos, familiares e at&eacute; mesmo reencontrar digitalmente antigos conhecidos. Com a evolu&ccedil;&atilde;o para aplicativos em smartphones e outros v&aacute;rios recursos criativos, passamos a tamb&eacute;m produzir conte&uacute;do e a buscar conex&atilde;o com pessoas que compartilham dos mesmos valores, interesses e que s&atilde;o autoridades em diferentes assuntos. Assim surgem os influenciadores e sua rela&ccedil;&atilde;o cada vez mais intr&iacute;nseca com a Gera&ccedil;&atilde;o Z.<\/p>\n\n\n\n<p>Essa gera&ccedil;&atilde;o, nascida entre a segunda metade dos anos 90, n&atilde;o sabe o que &eacute; o mundo sem internet. Estimativas do mercado apontam, por exemplo, que esses jovens chegam a compartilhar cinco telas ao mesmo tempo, incluindo computador, celular, TV, consoles, e at&eacute; acess&oacute;rios, como smartwatches. Al&eacute;m disso, eles se consideram mais criativos que as gera&ccedil;&otilde;es anteriores.<\/p>\n\n\n\n<p>Essa rela&ccedil;&atilde;o com a tecnologia e com o conte&uacute;do digital impacta diretamente o comportamento dessas pessoas na sociedade e tamb&eacute;m sua maneira de consumir. O termo globaliza&ccedil;&atilde;o, para uma gera&ccedil;&atilde;o que j&aacute; nasceu conectada, pode ser considerado ultrapassado. Esses jovens viveram de perto o surgimento das diversas subculturas da internet. A gera&ccedil;&atilde;o Z &eacute; fruto dessa fragmenta&ccedil;&atilde;o do ambiente digital e participa de v&aacute;rias comunidades ao mesmo tempo e de forma mais fluida e org&acirc;nica. Muitos criadores de conte&uacute;do fazem parte dessa gera&ccedil;&atilde;o e por entenderem essa din&acirc;mica conseguem conversar com as comunidades de maneira mais eficaz. Atualmente, eles s&atilde;o uma das principais fontes de opini&atilde;o para seu p&uacute;blico.<\/p>\n\n\n\n<p>Uma pesquisa realizada pela empresa americana Morning Consult, no ano passado, conversou com mais de 2 mil pessoas entre 13 a 38 anos, pertencentes &agrave;s gera&ccedil;&otilde;es Z e Y (nascidos entre 1980 e 1995) e descobriu que 52% da gera&ccedil;&atilde;o Z confia nos influenciadores para dar bons conselhos sobre as marcas e produtos que promovem. Al&eacute;m disso, o estudo mostrou que 88% aprendem sobre os produtos que est&atilde;o interessados &#8203;&#8203;em comprar por meio das m&iacute;dias sociais.<\/p>\n\n\n\n<p>E qual a rela&ccedil;&atilde;o disso com as marcas? Bom, a confian&ccedil;a, a cola que une a sociedade, foi transferida das institui&ccedil;&otilde;es para uma nova forma de confian&ccedil;a distribu&iacute;da. Em vez de fluir de cima para baixo, de governantes, especialistas, autoridades e reguladores, essa rela&ccedil;&atilde;o agora est&aacute; organizada de maneira horizontal, entre amigos, familiares e influenciadores. Nesse cen&aacute;rio, o papel da publicidade &eacute; estabelecer v&iacute;nculos verdadeiros e n&atilde;o apenas mostrar belas imagens, discursos fantasiosos e campanhas montadas artificialmente.<\/p>\n\n\n\n<p>Os novos consumidores buscam cada vez mais verdade e transpar&ecirc;ncia. A intera&ccedil;&atilde;o com a audi&ecirc;ncia deve ser baseada nos valores que a marca compartilha com cada uma dessas comunidades online. Estamos falando de consumidores cada vez mais exigentes, que cobram as marcas diretamente e n&atilde;o perdoam atos falhos. De acordo com a pesquisa &ldquo;True Gen: a gera&ccedil;&atilde;o da verdade&rdquo;, do Ponto Eletr&ocirc;nico, 87% dos entrevistados revelaram que deixaram de comprar em empresas envolvidas em pol&ecirc;micas.<\/p>\n\n\n\n<p>S&atilde;o esses jovens que possuem um poder de compra estimado em US$ 44 bilh&otilde;es, segundo o IBM Institute for Business Value, e que ir&atilde;o estimular os familiares e amigos a deixarem de usar um produto se a empresa estiver envolvida a alguma pol&ecirc;mica. Ou pior, que ir&atilde;o fazer uma campanha de cancelamento de uma marca ou celebridade por conta de um posicionamento que n&atilde;o est&aacute; de acordo com seus valores pessoais. Por outro lado, essas ser&atilde;o as mesmas pessoas que ir&atilde;o incentivar divulgar e enaltecer a&ccedil;&otilde;es de marcas e que gerem impacto sociais significativos.<\/p>\n\n\n\n<p>Em resumo, com o passar do tempo, o consumo em si ser&aacute; enxergado como forma de express&atilde;o de poder e opini&atilde;o. Isso faz com que a l&oacute;gica do marketing seja cada vez menos sobre promover marcas para uma audi&ecirc;ncia e cada vez mais sobre falar com pessoas e, principalmente, ouvi-las. O sucesso das marcas do futuro est&aacute; diretamente relacionado com sua capacidade de compreender e criar conex&otilde;es verdadeiras com essa gera&ccedil;&atilde;o que cada vez mais ir&aacute; escolher, apoiar, evitar e boicotar baseada em seus valores.<\/p>\n\n\n\n<hr class=\"wp-block-separator\">\n\n\n\n<ul class=\"wp-block-list\"><li><em>Lucas Lanzoni &eacute; Coordenador de Marketing da Squid. Formado em Rela&ccedil;&otilde;es P&uacute;blicas pela Faculdade C&aacute;sper L&iacute;bero, atua a mais de 11 anos no mercado de comunica&ccedil;&atilde;o com foco em cultura urbana, consumo e comportamento jovem e inova&ccedil;&atilde;o.<\/em><\/li><\/ul>\n\n\n\n<p><\/p>\n","protected":false},"excerpt":{"rendered":"","protected":false},"author":1,"featured_media":11426,"comment_status":"open","ping_status":"open","sticky":false,"template":"","format":"standard","meta":{"tdm_status":"","tdm_grid_status":"","footnotes":"","jetpack_publicize_message":"","jetpack_publicize_feature_enabled":true,"jetpack_social_post_already_shared":true,"jetpack_social_options":{"image_generator_settings":{"template":"highway","enabled":false},"version":2}},"categories":[36,16],"tags":[],"class_list":{"0":"post-11425","1":"post","2":"type-post","3":"status-publish","4":"format-standard","5":"has-post-thumbnail","7":"category-pensadores-futuro","8":"category-tendencias-setores"},"jetpack_publicize_connections":[],"jetpack_featured_media_url":"https:\/\/radardofuturo.com.br\/test\/wp-content\/uploads\/2020\/07\/geracao-z-jovens-juventude.jpg","post_mailing_queue_ids":[],"_links":{"self":[{"href":"https:\/\/radardofuturo.com.br\/test\/wp-json\/wp\/v2\/posts\/11425","targetHints":{"allow":["GET"]}}],"collection":[{"href":"https:\/\/radardofuturo.com.br\/test\/wp-json\/wp\/v2\/posts"}],"about":[{"href":"https:\/\/radardofuturo.com.br\/test\/wp-json\/wp\/v2\/types\/post"}],"author":[{"embeddable":true,"href":"https:\/\/radardofuturo.com.br\/test\/wp-json\/wp\/v2\/users\/1"}],"replies":[{"embeddable":true,"href":"https:\/\/radardofuturo.com.br\/test\/wp-json\/wp\/v2\/comments?post=11425"}],"version-history":[{"count":0,"href":"https:\/\/radardofuturo.com.br\/test\/wp-json\/wp\/v2\/posts\/11425\/revisions"}],"wp:featuredmedia":[{"embeddable":true,"href":"https:\/\/radardofuturo.com.br\/test\/wp-json\/wp\/v2\/media\/11426"}],"wp:attachment":[{"href":"https:\/\/radardofuturo.com.br\/test\/wp-json\/wp\/v2\/media?parent=11425"}],"wp:term":[{"taxonomy":"category","embeddable":true,"href":"https:\/\/radardofuturo.com.br\/test\/wp-json\/wp\/v2\/categories?post=11425"},{"taxonomy":"post_tag","embeddable":true,"href":"https:\/\/radardofuturo.com.br\/test\/wp-json\/wp\/v2\/tags?post=11425"}],"curies":[{"name":"wp","href":"https:\/\/api.w.org\/{rel}","templated":true}]}}