{"id":114,"date":"2015-11-27T13:53:30","date_gmt":"2015-11-27T16:53:30","guid":{"rendered":"https:\/\/litebold.co\/~radardofuturo\/cop21-paises-vulneraveis-a-alteracoes-climaticas-se-aliam-para-negociacoes\/"},"modified":"2015-11-27T13:53:30","modified_gmt":"2015-11-27T16:53:30","slug":"cop21-paises-vulneraveis-a-alteracoes-climaticas-se-aliam-para-negociacoes","status":"publish","type":"post","link":"https:\/\/radardofuturo.com.br\/test\/cop21-paises-vulneraveis-a-alteracoes-climaticas-se-aliam-para-negociacoes\/","title":{"rendered":"COP21: pa\u00edses vulner\u00e1veis a altera\u00e7\u00f5es clim\u00e1ticas se aliam para negocia\u00e7\u00f5es"},"content":{"rendered":"<p>&nbsp;<\/p>\n<p> COP21: pa&iacute;ses vulner&aacute;veis a altera&ccedil;&otilde;es clim&aacute;ticas se aliam para negocia&ccedil;&otilde;es<\/p>\n<p> Da Ag&ecirc;ncia Lusa <\/p>\n<p>Cabo Verde, Guin&eacute;-Bissau e S&atilde;o Tom&eacute; e Pr&iacute;ncipe fazem parte dos 43 pa&iacute;ses do mundo mais vulner&aacute;veis &agrave;s altera&ccedil;&otilde;es clim&aacute;ticas e unidos em uma alian&ccedil;a de &ldquo;press&atilde;o e negocia&ccedil;&otilde;es&rdquo;, disse o&nbsp; especialista guineense sobre clima Viriato Cassam&aacute;.<\/p>\n<p>Os tr&ecirc;s pa&iacute;ses lus&oacute;fonos fazem parte da alian&ccedil;a dos Pequenos Estados Insulares em Desenvolvimento, que representam 28% dos pa&iacute;ses em desenvolvimento, um quinto do total de membros da ONU e 5% da popula&ccedil;&atilde;o mundial.<\/p>\n<p>Em comum, eles t&ecirc;m tamb&eacute;m o fato de serem todos &ldquo;altamente vulner&aacute;veis &agrave;s altera&ccedil;&otilde;es do clima&rdquo;, como toda a &Aacute;frica, assinalou Cassam&aacute;.<\/p>\n<p>O continente sofre devido &agrave; &ldquo;fraca capacidade t&eacute;cnica e financeira para enfrentar os efeitos devastadores das altera&ccedil;&otilde;es clim&aacute;ticas&rdquo;, notou o especialista guineense que j&aacute; est&aacute; em Paris para participar da confer&ecirc;ncia da Organiza&ccedil;&atilde;o das Na&ccedil;&otilde;es Unidas sobre altera&ccedil;&otilde;es clim&aacute;ticas (COP21) como assessor do secret&aacute;rio de Estado do Ambiente de Guin&eacute;, Seco Cassam&aacute;.<\/p>\n<p>Os tr&ecirc;s pa&iacute;ses de l&iacute;ngua portuguesa estar&atilde;o do mesmo lado nas negocia&ccedil;&otilde;es, que come&ccedil;am na segunda-feira (30), com o objetivo de levar os pa&iacute;ses poluentes a assumirem um compromisso com metas para a redu&ccedil;&atilde;o de emiss&otilde;es de gases de efeito estufa.<\/p>\n<p>Coordenador de projetos ligados &agrave; agricultura, recursos h&iacute;dricos e mudan&ccedil;as clim&aacute;ticas na Guin&eacute;-Bissau, Viriato Cassam&aacute; diz que falta conhecimento a estes pa&iacute;ses sobre as causas e consequ&ecirc;ncias dos fen&ocirc;menos clim&aacute;ticos.<\/p>\n<p>&ldquo;&Eacute; preciso fazer um estudo mais aprofundado das vulnerabilidades. &Eacute; preciso usar modelos matem&aacute;ticos, porque grande parte das comunica&ccedil;&otilde;es que se fazem na &Aacute;frica s&atilde;o sobre aquilo que se v&ecirc;, os depoimentos hist&oacute;ricos. Mas &eacute; preciso, na verdade, usar a ci&ecirc;ncia&rdquo;, defendeu.<\/p>\n<p>A COP21, que ocorrer&aacute; entre 30 de novembro e 11 de dezembro, vai reunir em Paris pelo menos 147 chefes de Estado e de Governo, entre os representantes de 195 pa&iacute;ses, que tentar&atilde;o alcan&ccedil;ar um acordo vinculativo sobre a redu&ccedil;&atilde;o de emiss&otilde;es de gases com efeito de estufa que permita limitar o aquecimento da temperatura m&eacute;dia global da atmosfera a 2 graus cent&iacute;grados acima dos valores registrados antes da revolu&ccedil;&atilde;o industrial.<\/p>\n","protected":false},"excerpt":{"rendered":"<p>&nbsp; COP21: pa&iacute;ses vulner&aacute;veis a altera&ccedil;&otilde;es clim&aacute;ticas se aliam para negocia&ccedil;&otilde;es Da Ag&ecirc;ncia Lusa Cabo Verde, Guin&eacute;-Bissau e S&atilde;o Tom&eacute; e Pr&iacute;ncipe fazem parte dos 43 pa&iacute;ses do mundo mais vulner&aacute;veis &agrave;s altera&ccedil;&otilde;es clim&aacute;ticas e unidos em uma alian&ccedil;a de &ldquo;press&atilde;o e negocia&ccedil;&otilde;es&rdquo;, disse o&nbsp; especialista guineense sobre clima Viriato Cassam&aacute;. Os tr&ecirc;s pa&iacute;ses lus&oacute;fonos [&hellip;]<\/p>\n","protected":false},"author":1,"featured_media":0,"comment_status":"open","ping_status":"open","sticky":false,"template":"","format":"standard","meta":{"tdm_status":"","tdm_grid_status":"","footnotes":"","jetpack_publicize_message":"","jetpack_publicize_feature_enabled":true,"jetpack_social_post_already_shared":false,"jetpack_social_options":{"image_generator_settings":{"template":"highway","enabled":false},"version":2}},"categories":[4],"tags":[],"class_list":{"0":"post-114","1":"post","2":"type-post","3":"status-publish","4":"format-standard","6":"category-radar-do-futuro"},"jetpack_publicize_connections":[],"jetpack_featured_media_url":"","post_mailing_queue_ids":[],"_links":{"self":[{"href":"https:\/\/radardofuturo.com.br\/test\/wp-json\/wp\/v2\/posts\/114","targetHints":{"allow":["GET"]}}],"collection":[{"href":"https:\/\/radardofuturo.com.br\/test\/wp-json\/wp\/v2\/posts"}],"about":[{"href":"https:\/\/radardofuturo.com.br\/test\/wp-json\/wp\/v2\/types\/post"}],"author":[{"embeddable":true,"href":"https:\/\/radardofuturo.com.br\/test\/wp-json\/wp\/v2\/users\/1"}],"replies":[{"embeddable":true,"href":"https:\/\/radardofuturo.com.br\/test\/wp-json\/wp\/v2\/comments?post=114"}],"version-history":[{"count":0,"href":"https:\/\/radardofuturo.com.br\/test\/wp-json\/wp\/v2\/posts\/114\/revisions"}],"wp:attachment":[{"href":"https:\/\/radardofuturo.com.br\/test\/wp-json\/wp\/v2\/media?parent=114"}],"wp:term":[{"taxonomy":"category","embeddable":true,"href":"https:\/\/radardofuturo.com.br\/test\/wp-json\/wp\/v2\/categories?post=114"},{"taxonomy":"post_tag","embeddable":true,"href":"https:\/\/radardofuturo.com.br\/test\/wp-json\/wp\/v2\/tags?post=114"}],"curies":[{"name":"wp","href":"https:\/\/api.w.org\/{rel}","templated":true}]}}