{"id":11382,"date":"2020-07-06T08:51:08","date_gmt":"2020-07-06T11:51:08","guid":{"rendered":"https:\/\/radardofuturo.com.br\/?p=11382"},"modified":"2020-07-06T08:51:27","modified_gmt":"2020-07-06T11:51:27","slug":"fmi-preve-recuperacao-lenta-apos-a-crise-gerada-pela-pandemia","status":"publish","type":"post","link":"https:\/\/radardofuturo.com.br\/test\/fmi-preve-recuperacao-lenta-apos-a-crise-gerada-pela-pandemia\/","title":{"rendered":"FMI prev\u00ea recupera\u00e7\u00e3o lenta ap\u00f3s a crise gerada pela pandemia"},"content":{"rendered":"\n<figure class=\"wp-block-image size-large\"><img loading=\"lazy\" decoding=\"async\" width=\"1024\" height=\"768\" src=\"https:\/\/radardofuturo.com.br\/test\/wp-content\/uploads\/2020\/07\/pandemia-bar-alerta-agencia-brasil.jpg\" alt=\"Fundo Monet&aacute;rio Internacional alerta para a necessidade de prepara&ccedil;&atilde;o para as novas condi&ccedil;&otilde;es determinadas pela pandemia. Foto: Ag&ecirc;ncia Brasil\" class=\"wp-image-11387\" srcset=\"https:\/\/radardofuturo.com.br\/test\/wp-content\/uploads\/2020\/07\/pandemia-bar-alerta-agencia-brasil.jpg 1024w, https:\/\/radardofuturo.com.br\/test\/wp-content\/uploads\/2020\/07\/pandemia-bar-alerta-agencia-brasil-300x225.jpg 300w, https:\/\/radardofuturo.com.br\/test\/wp-content\/uploads\/2020\/07\/pandemia-bar-alerta-agencia-brasil-768x576.jpg 768w, https:\/\/radardofuturo.com.br\/test\/wp-content\/uploads\/2020\/07\/pandemia-bar-alerta-agencia-brasil-80x60.jpg 80w, https:\/\/radardofuturo.com.br\/test\/wp-content\/uploads\/2020\/07\/pandemia-bar-alerta-agencia-brasil-160x120.jpg 160w, https:\/\/radardofuturo.com.br\/test\/wp-content\/uploads\/2020\/07\/pandemia-bar-alerta-agencia-brasil-265x198.jpg 265w, https:\/\/radardofuturo.com.br\/test\/wp-content\/uploads\/2020\/07\/pandemia-bar-alerta-agencia-brasil-696x522.jpg 696w\" sizes=\"auto, (max-width: 1024px) 100vw, 1024px\"><figcaption>Fundo Monet&aacute;rio Internacional alerta para a necessidade de prepara&ccedil;&atilde;o para as novas condi&ccedil;&otilde;es determinadas pela pandemia. Foto: Ag&ecirc;ncia Brasil<\/figcaption><\/figure>\n\n\n\n<!--more-->\n\n\n\n<p>ONU<\/p>\n\n\n\n<p>A recupera&ccedil;&atilde;o econ&ocirc;mica ap&oacute;s o surto da pandemia da Covid-19 deve ser mais gradual do que o previsto anteriormente. A avalia&ccedil;&atilde;o consta de um novo relat&oacute;rio publicado do Fundo Monet&aacute;rio Internacional (FMI). O organismo internacional estima uma queda de 4,9% para a economia global este ano, frente &agrave; proje&ccedil;&atilde;o de baixa de 3% feita em abril, indicando que a recess&atilde;o ser&aacute; mais profunda e a recupera&ccedil;&atilde;o, mais lenta. Para o Brasil, a previs&atilde;o &eacute; de um tombo de 9,1%.<\/p>\n\n\n\n<p>Em pa&iacute;ses com taxas decrescentes de COVID-19, a proje&ccedil;&atilde;o de recupera&ccedil;&atilde;o lenta se baseia em fatores como continuidade das medidas de distanciamento f&iacute;sico, produtividade reduzida devido a bloqueios e o impacto das medidas de seguran&ccedil;a e higiene no local de trabalho nas empresas sobreviventes.<\/p>\n\n\n\n<p>O FMI prev&ecirc; ainda que bloqueios mais longos afetar&atilde;o a atividade econ&ocirc;mica em pa&iacute;ses que lutam para controlar infec&ccedil;&otilde;es. &ldquo;Todos os pa&iacute;ses &ndash; incluindo aqueles que aparentemente atingiram picos de infec&ccedil;&otilde;es &ndash; devem garantir que seus sistemas de sa&uacute;de tenham recursos adequados&rdquo;, afirmou a ag&ecirc;ncia.<\/p>\n\n\n\n<p>&ldquo;A comunidade internacional deve intensificar seu apoio a iniciativas nacionais, inclusive por meio de assist&ecirc;ncia financeira a pa&iacute;ses com capacidade limitada de assist&ecirc;ncia &agrave; sa&uacute;de e canaliza&ccedil;&atilde;o de financiamento para a produ&ccedil;&atilde;o de vacinas &agrave; medida que os estudos avan&ccedil;am, para que doses adequadas e acess&iacute;veis sejam rapidamente disponibilizadas a todos os pa&iacute;ses.&rdquo;<\/p>\n\n\n\n<h2 class=\"wp-block-heading\">Pa&iacute;ses devem ser antecipar a  cat&aacute;strofes futuras<\/h2>\n\n\n\n<p>Olhando para al&eacute;m da crise, o relat&oacute;rio pede aos formuladores de pol&iacute;ticas que resolvam as &ldquo;tens&otilde;es&rdquo; comerciais e tecnol&oacute;gicas que colocam em risco a recupera&ccedil;&atilde;o. Al&eacute;m disso, eles devem implementar compromissos relacionados ao clima e aumentar a tributa&ccedil;&atilde;o do carbono.<\/p>\n\n\n\n<p>&ldquo;A comunidade global deve agir agora para evitar a repeti&ccedil;&atilde;o dessa cat&aacute;strofe, construindo estoques globais de suprimentos e equipamentos de prote&ccedil;&atilde;o essenciais, financiando pesquisas e apoiando sistemas de sa&uacute;de p&uacute;blica e implementando modalidades eficazes para prestar socorro aos mais necessitados&rdquo;, afirmaram.<\/p>\n\n\n\n<p>Medidas fiscais e coopera&ccedil;&atilde;o global<\/p>\n\n\n\n<p>O relat&oacute;rio recomenda que, em regi&otilde;es que ainda enfrentam lockdowns, as autoridades continuem a &ldquo;amortecer&rdquo; as perdas de renda das fam&iacute;lias, al&eacute;m de apoiar as empresas for&ccedil;adas a reduzir suas atividades devido &agrave;s restri&ccedil;&otilde;es impostas.<\/p>\n\n\n\n<p>&ldquo;Onde as economias est&atilde;o reabrindo, o apoio direcionado deve ser gradualmente desfeito &agrave; medida que a recupera&ccedil;&atilde;o est&aacute; em andamento, e as pol&iacute;ticas devem fornecer est&iacute;mulo para elevar a demanda e facilitar e incentivar a realoca&ccedil;&atilde;o de recursos de setores que provavelmente emergir&atilde;o permanentemente menores ap&oacute;s a pandemia&rdquo;, disseram os autores.<\/p>\n\n\n\n<p>Eles enfatizaram a import&acirc;ncia de uma forte coopera&ccedil;&atilde;o global durante a pandemia, observando que os pa&iacute;ses que enfrentam a crise e tamb&eacute;m enfrentam uma queda no financiamento externo, ou outro tipo de financiamento, precisam urgentemente de &ldquo;assist&ecirc;ncia de liquidez&rdquo;.<\/p>\n","protected":false},"excerpt":{"rendered":"","protected":false},"author":1,"featured_media":11387,"comment_status":"open","ping_status":"open","sticky":false,"template":"","format":"standard","meta":{"tdm_status":"","tdm_grid_status":"","footnotes":"","jetpack_publicize_message":"","jetpack_publicize_feature_enabled":true,"jetpack_social_post_already_shared":true,"jetpack_social_options":{"image_generator_settings":{"template":"highway","enabled":false},"version":2}},"categories":[20,22],"tags":[1937],"class_list":{"0":"post-11382","1":"post","2":"type-post","3":"status-publish","4":"format-standard","5":"has-post-thumbnail","7":"category-destaques","8":"category-indicadores","9":"tag-pos-covid"},"jetpack_publicize_connections":[],"jetpack_featured_media_url":"https:\/\/radardofuturo.com.br\/test\/wp-content\/uploads\/2020\/07\/pandemia-bar-alerta-agencia-brasil.jpg","post_mailing_queue_ids":[],"_links":{"self":[{"href":"https:\/\/radardofuturo.com.br\/test\/wp-json\/wp\/v2\/posts\/11382","targetHints":{"allow":["GET"]}}],"collection":[{"href":"https:\/\/radardofuturo.com.br\/test\/wp-json\/wp\/v2\/posts"}],"about":[{"href":"https:\/\/radardofuturo.com.br\/test\/wp-json\/wp\/v2\/types\/post"}],"author":[{"embeddable":true,"href":"https:\/\/radardofuturo.com.br\/test\/wp-json\/wp\/v2\/users\/1"}],"replies":[{"embeddable":true,"href":"https:\/\/radardofuturo.com.br\/test\/wp-json\/wp\/v2\/comments?post=11382"}],"version-history":[{"count":0,"href":"https:\/\/radardofuturo.com.br\/test\/wp-json\/wp\/v2\/posts\/11382\/revisions"}],"wp:featuredmedia":[{"embeddable":true,"href":"https:\/\/radardofuturo.com.br\/test\/wp-json\/wp\/v2\/media\/11387"}],"wp:attachment":[{"href":"https:\/\/radardofuturo.com.br\/test\/wp-json\/wp\/v2\/media?parent=11382"}],"wp:term":[{"taxonomy":"category","embeddable":true,"href":"https:\/\/radardofuturo.com.br\/test\/wp-json\/wp\/v2\/categories?post=11382"},{"taxonomy":"post_tag","embeddable":true,"href":"https:\/\/radardofuturo.com.br\/test\/wp-json\/wp\/v2\/tags?post=11382"}],"curies":[{"name":"wp","href":"https:\/\/api.w.org\/{rel}","templated":true}]}}