{"id":11153,"date":"2020-06-19T10:10:13","date_gmt":"2020-06-19T13:10:13","guid":{"rendered":"https:\/\/radardofuturo.com.br\/?p=11153"},"modified":"2020-06-19T10:10:26","modified_gmt":"2020-06-19T13:10:26","slug":"o-futuro-que-esta-emergindo-as-transformacoes-na-fundep","status":"publish","type":"post","link":"https:\/\/radardofuturo.com.br\/test\/o-futuro-que-esta-emergindo-as-transformacoes-na-fundep\/","title":{"rendered":"O futuro que est\u00e1 emergindo: as transforma\u00e7\u00f5es na Fundep"},"content":{"rendered":"\n<figure class=\"wp-block-image size-large\"><img loading=\"lazy\" decoding=\"async\" width=\"1024\" height=\"576\" src=\"https:\/\/radardofuturo.com.br\/test\/wp-content\/uploads\/2020\/06\/Time-Fundep-2020.png\" alt=\"Nossa meta &eacute; ter uma organiza&ccedil;&atilde;o com vis&atilde;o e abordagem sist&ecirc;mica e integral e com uma governan&ccedil;a distribu&iacute;da. Foto: arquivo Fundep\" class=\"wp-image-11154\" srcset=\"https:\/\/radardofuturo.com.br\/test\/wp-content\/uploads\/2020\/06\/Time-Fundep-2020.png 1024w, https:\/\/radardofuturo.com.br\/test\/wp-content\/uploads\/2020\/06\/Time-Fundep-2020-300x169.png 300w, https:\/\/radardofuturo.com.br\/test\/wp-content\/uploads\/2020\/06\/Time-Fundep-2020-768x432.png 768w, https:\/\/radardofuturo.com.br\/test\/wp-content\/uploads\/2020\/06\/Time-Fundep-2020-696x392.png 696w\" sizes=\"auto, (max-width: 1024px) 100vw, 1024px\"><figcaption>Nossa meta &eacute; ter uma organiza&ccedil;&atilde;o com vis&atilde;o e abordagem sist&ecirc;mica e integral e com uma governan&ccedil;a distribu&iacute;da. Foto: arquivo Fundep<\/figcaption><\/figure>\n\n\n\n<p>Alfredo Gontijo de Oliveira<br><em>Presidente da Fundep<\/em><\/p>\n\n\n\n<!--more-->\n\n\n\n<p>A presente pandemia se desdobra sobre a Fundep em dois aspectos. O primeiro &eacute; mais vis&iacute;vel e altera a rotina da jornada de trabalho. Por exemplo, os colaboradores n&atilde;o mais t&ecirc;m que se deslocar para a sede da organiza&ccedil;&atilde;o. Esse aspecto gerou um processo de readapta&ccedil;&atilde;o r&aacute;pida com o tempo medido em dias ou semanas. &Eacute; um voo curto e tudo volta &agrave; rotina, diferente na forma. Isso traz ganhos no tempo e alguma qualidade de vida, al&eacute;m de, &eacute; claro, emergir novas configura&ccedil;&otilde;es para o ambiente dom&eacute;stico, que passa a transitar entre as esferas pessoal e profissional. O segundo aspecto permite tornar vis&iacute;vel e, talvez, acelerar um pouco, os processos de transforma&ccedil;&otilde;es inerentes a uma organiza&ccedil;&atilde;o como a nossa, no sentido de manter a sustentabilidade organizacional em na miss&atilde;o de atender &agrave;s demandas de nossos clientes pela introdu&ccedil;&atilde;o de procedimentos mais &aacute;geis, plataformas tecnol&oacute;gicas, novas pr&aacute;ticas, outras formas de conex&otilde;es e, tamb&eacute;m, li&ccedil;&otilde;es aprendidas. Mas ambos s&atilde;o cristaliza&ccedil;&otilde;es de transforma&ccedil;&otilde;es referenciadas no passado. Um pouco de &ldquo;mais do mesmo&rdquo;, de diagn&oacute;sticos e de press&atilde;o das for&ccedil;as do passado sobre o presente. Aquilo que dever&iacute;amos ter feito e n&atilde;o fizemos, pois n&atilde;o existia uma tens&atilde;o criativa para tirar o sistema da zona de conforto e implantar transforma&ccedil;&otilde;es que in&uacute;meros diagn&oacute;sticos j&aacute; haviam explicitados. Insist&iacute;amos em permanecer estacionados nos debates sobre diagn&oacute;sticos. Esse tipo de transforma&ccedil;&atilde;o n&atilde;o muda a ess&ecirc;ncia da organiza&ccedil;&atilde;o como &eacute; exigido pelo processo de transforma&ccedil;&atilde;o exponencial imposto pelas tecnologias. S&oacute; nos tornarmos mais eficientes nos nossos fazeres ortodoxos.<\/p>\n\n\n\n<p>Mas, ent&atilde;o, o que muda a institui&ccedil;&atilde;o? Para responder essa pergunta vou fazer uso de um conceito que tenho utilizado com frequ&ecirc;ncia na minha forma de ver o mundo e que me apropriei de v&aacute;rios autores, especialmente alguns fil&oacute;sofos bastante instigantes. Trata-se de sermos praticantes de uma ferramenta de pensamento denominada de &ldquo;Estranha Invers&atilde;o de Percep&ccedil;&atilde;o&rdquo;. O termo percep&ccedil;&atilde;o aqui &eacute; gen&eacute;rico e deve variar em fun&ccedil;&atilde;o da &lsquo;contextualidade&rsquo;. Pode ser substitu&iacute;do por racioc&iacute;nio, pensamento, a&ccedil;&atilde;o, intera&ccedil;&atilde;o, etc. O importante &eacute; a invers&atilde;o. Remover a lente que turva nossos olhos. E, a que invers&atilde;o estamos nos referindo quando pensamos em organiza&ccedil;&otilde;es e em transforma&ccedil;&otilde;es? Trata-se de operar a invers&atilde;o na &ldquo;flecha do tempo&rdquo;. Deixar de olhar para o passado. O mundo atual est&aacute; demandando que promovamos transforma&ccedil;&otilde;es organizacionais a partir do futuro que est&aacute; e quer emergir. Trata-se de aprendermos a olhar o futuro como uma for&ccedil;a propulsora do pr&oacute;prio futuro. Isso &eacute; uma recursividade que tem como mote o &lsquo;futurar o futurar&rsquo; ou o &lsquo;futuro do futuro&rsquo;.<\/p>\n\n\n\n<p>Entendo que a Fundep conseguiu reagir e fazer a transforma&ccedil;&atilde;o de forma induzida pela pandemia em tempo curto e com efici&ecirc;ncia e te&ccedil;o minha admira&ccedil;&atilde;o &agrave;s pessoas. Mas, &eacute; muito mais do que isso, &eacute; que j&aacute; v&iacute;nhamos promovendo estranhas invers&otilde;es de administra&ccedil;&atilde;o que estavam alinhadas com o olhar para o futuro que est&aacute; emergindo. Esse referenciamento j&aacute; estava e continua a nos conduzir para o futuro.<\/p>\n\n\n\n<p>Algo que emergiu, no in&iacute;cio dos processos de transforma&ccedil;&otilde;es, acabou por se tornar um fator decisivo e priorit&aacute;rio para a Fundep. Aprendemos que utiliza&ccedil;&atilde;o de meta-modelos organizacionais s&atilde;o atualmente indispens&aacute;veis para cumprir a miss&atilde;o organizacional. Mas o que &eacute; um meta-modelo? Algo que vai al&eacute;m do modelo tradicional, &eacute; ir al&eacute;m do modelo da sustentabilidade financeira. Para isso, passamos a criar a sustentabilidade em outras bases, em modelos organizacionais com sabedoria, ou seja, tornamos a organiza&ccedil;&atilde;o cada vez mais humana e evolutiva. Nesse contexto, trabalha-se com capitais do meta-modelo que s&atilde;o entendidos como aqueles &ldquo;recursos valiosos de qualquer natureza&rdquo;. Exemplifico isso com dez duos (de polaridades) de meta-capitais, que est&atilde;o sendo cultivados e que, alguns deles, t&ecirc;m contribu&iacute;do para que a Fundep possa aumentar o seu valor. S&atilde;o eles: espiritualidade\/&eacute;tica; mente\/c&eacute;rebro; educa&ccedil;&atilde;o\/aprendizagem; sa&uacute;de\/medicina; lideran&ccedil;a\/desenvolvimento; arte\/imagem; sociedade\/cultura; ci&ecirc;ncia\/tecnologia; neg&oacute;cios\/economia; ecologia\/sustentabilidade ambiental. Dessa forma, tivemos o entendimento de criar um ambiente para que as pessoas pudessem refletir sobre si mesmas e internalizar os meta-capitais referenciados no futuro que quer emergir para si pr&oacute;prias e para a organiza&ccedil;&atilde;o.<\/p>\n\n\n\n<p>Uma organiza&ccedil;&atilde;o &eacute; feita por pessoas, por isso as estimulamos a entrar no processo de forma&ccedil;&atilde;o do eu de forma verticalizada, do encontro consigo mesmo. Encontrar significado para suas vidas e, a partir da&iacute;, construir significado para o trabalho na organiza&ccedil;&atilde;o. Estamos envolvidos de forma sistem&aacute;tica nesses processos. Isso envolve abertura mental para reavaliar pressupostos e cren&ccedil;as. Envolve vontade de querer fazer diferente o habitual e negar a cren&ccedil;a de um mundo est&aacute;vel e fixo em que nada muda. Tecnicamente isso &eacute; denominado &ldquo;modelo mental fixo&rdquo;. O inverso disso &eacute; o &ldquo;modelo mental din&acirc;mico&rdquo;, aquela pessoa que est&aacute; em permanente processo de transforma&ccedil;&atilde;o para criar novas realidades. Mais do que aberto ao novo, a pessoa assume a postura de ser agente gerador do novo olhando para a frente, para o diferente e para o in&eacute;dito. Isso &eacute; uma potente e estranha invers&atilde;o, que tendo sido reconhecida como premissa orientadora das transforma&ccedil;&otilde;es na Fundep, a desdobramos em a&ccedil;&otilde;es que exemplifico.<\/p>\n\n\n\n<blockquote class=\"wp-block-quote is-style-default is-layout-flow wp-block-quote-is-layout-flow\"><p>&ldquo;ENTENDO QUE A FUNDEP CONSEGUIU REAGIR E FAZER A TRANSFORMA&Ccedil;&Atilde;O DE FORMA INDUZIDA PELA PANDEMIA EM TEMPO CURTO E COM EFICI&Ecirc;NCIA E TE&Ccedil;O MINHA ADMIRA&Ccedil;&Atilde;O &Agrave;S PESSOAS. MAS, &Eacute; MUITO MAIS DO QUE ISSO, &Eacute; QUE J&Aacute; V&Iacute;NHAMOS PROMOVENDO ESTRANHAS INVERS&Otilde;ES DE ADMINISTRA&Ccedil;&Atilde;O QUE ESTAVAM ALINHADAS COM O OLHAR PARA O FUTURO QUE EST&Aacute; EMERGINDO.&rdquo;<\/p><cite><em>Alfredo Gontijo de Oliveira<\/em><\/cite><\/blockquote>\n\n\n\n<p>Primeiro, a cren&ccedil;a no poder de forma&ccedil;&atilde;o de pequenos times. Carinhosamente, esses times foram inicialmente denominados como &lsquo;bandos&rsquo;. Houve ent&atilde;o um trabalho sistem&aacute;tico para promover embandamentos, indo al&eacute;m do individualismo e da individualidade. Conseguimos estabelecer um robusto programa de mobilidade de fronteiras entre as &aacute;reas. Para isso, foi utilizada uma pr&aacute;tica j&aacute; conhecida das nossas iniciativas na &aacute;rea de inova&ccedil;&atilde;o. Isso est&aacute; relacionado com as din&acirc;micas da nossa empresa de investimentos, a Fundepar, que facilita a forma&ccedil;&atilde;o de pequenas empresas de base tecnol&oacute;gicas para as Institui&ccedil;&otilde;es de Ci&ecirc;ncia e Tecnologia (ICTs), nossos clientes organiza&ccedil;&otilde;es por excel&ecirc;ncia. Ou, ainda, se relaciona com o Lemonade, nosso programa de acelera&ccedil;&atilde;o de startups, que prev&ecirc; encontros iniciais para que profissionais com expertises diferentes e complementares formem grupos que ir&atilde;o desenvolver uma ideia at&eacute; sua configura&ccedil;&atilde;o como neg&oacute;cio. Adaptando essa pr&aacute;tica para o nosso contexto, impactamos a transforma&ccedil;&atilde;o vertical das pessoas de forma imediata e o resultado foi o movimento consistente de mudan&ccedil;a de uma consci&ecirc;ncia fragmentada para uma consci&ecirc;ncia integral. Para tornar o programa mais atrativo, o nomeamos de &ldquo;Conhecendo o Pesquisador&rdquo;. Na realidade, a partir do conhecimento da realidade do pesquisador, nosso cliente final&iacute;stico por excel&ecirc;ncia, as pessoas puderam fazer um trabalho de autoconhecimento ligado &agrave; liberdade de propor formas criativas de atendimento e ao protagonismo da transforma&ccedil;&atilde;o da sua atua&ccedil;&atilde;o, do seu trabalho e da sua institui&ccedil;&atilde;o. O culto &agrave; arte de servir foi estimulado.<\/p>\n\n\n\n<p>Segundo, estabelecemos a&ccedil;&otilde;es para a pr&aacute;tica de uma governan&ccedil;a e lideran&ccedil;a distribu&iacute;das. Para isso, foi necess&aacute;rio fazer um trabalho para formar colaboradores habilitados a absorver responsabilidades por seus atos, suas proposi&ccedil;&otilde;es e suas a&ccedil;&otilde;es nos desbravamentos de novos modelos mentais, refletindo na organiza&ccedil;&atilde;o como um todo. A primeira consequ&ecirc;ncia disso foi o crescimento de aberturas para pr&aacute;ticas de experimenta&ccedil;&otilde;es no cotidiano da institui&ccedil;&atilde;o. Acolhemos a cultura do erro como parte da din&acirc;mica de cria&ccedil;&atilde;o de novas realidades. As pessoas passaram a ser reconhecidas pelos seus papeis na organiza&ccedil;&atilde;o e n&atilde;o pelos cargos que ocupam. Ou seja, as pessoas descobriram seu poder na organiza&ccedil;&atilde;o e o encantamento por criar o novo, atividade inerente do pesquisador. Com isso, elas come&ccedil;aram a meta-entender as demandas dos pesquisadores a partir de suas pr&oacute;prias viv&ecirc;ncias. La&ccedil;os fortes foram, ent&atilde;o, estreitados entre os colaboradores e os pesquisadores.<\/p>\n\n\n\n<p>Terceiro, pudemos observar que do emaranhamento da forma&ccedil;&atilde;o vertical e do treinamento para a lideran&ccedil;a distribu&iacute;da, surgiu, espontaneamente, um ambiente para a auto-organiza&ccedil;&atilde;o. Times surgiam espontaneamente tendo como elemento agregador algum valor, projeto, experimento, pr&aacute;tica e programa auto-gerido. Em v&aacute;rias escalas e seguindo din&acirc;micas emergentes diferentes, times foram surgindo, agora denominados &ldquo;c&iacute;rculos de governan&ccedil;a&rdquo; com atribui&ccedil;&otilde;es reguladas por prop&oacute;sitos e estrat&eacute;gias. Isso aconteceu em todas as camadas da estrutura de governan&ccedil;a. Assim, criamos na Fundep uma rota consistente para uma estrutura de auto-gest&atilde;o menos hierarquizada.<\/p>\n\n\n\n<p>Tentar listar todos os programas, projetos e experimentos que est&atilde;o a emergir seria cansativo e, rapidamente anacr&ocirc;nico, dado a velocidade das transforma&ccedil;&otilde;es que est&atilde;o em curso. Como consequ&ecirc;ncia desses e de outros movimentos, podemos aferir atualmente o avan&ccedil;o nos indicadores da Fundep. A melhora da situa&ccedil;&atilde;o financeira, antes final&iacute;stica, agora meio, &eacute; significativa. O cen&aacute;rio nos permitiu, inclusive, ampliar nosso quadro em &aacute;reas estrat&eacute;gicas para a constru&ccedil;&atilde;o do futuro que est&aacute; emergindo. Nossa meta &eacute; ter uma organiza&ccedil;&atilde;o com vis&atilde;o e abordagem sist&ecirc;mica e integral e com uma governan&ccedil;a distribu&iacute;da, a qual por meio de um ambiente de colabora&ccedil;&atilde;o e pr&oacute;-atividade, possa oferecer solu&ccedil;&otilde;es para coordenadores, pesquisadores e empreendedores acad&ecirc;micos.<\/p>\n\n\n\n<p>Somos uma Funda&ccedil;&atilde;o que apoia 31 ICTs e possui uma extensa rede de relacionamento com variados tipos de financiadores, organiza&ccedil;&otilde;es e agentes governamentais. Essas institui&ccedil;&otilde;es encontram na Fundep ajuda nos processos que viabilizam seus cotidianos, mas tamb&eacute;m encontram local para reflex&otilde;es, experimenta&ccedil;&otilde;es e apropria&ccedil;&atilde;o de casos bem-sucedidos. A organiza&ccedil;&atilde;o tem um papel de disseminadora de pr&aacute;ticas e culturas por meio dessa extensa rede de institui&ccedil;&otilde;es. Pelo trabalho que a Fundep desenvolve, existe uma crescente demanda pelas nossas solu&ccedil;&otilde;es.<\/p>\n\n\n\n<p>Finalmente, o reconhecimento de que nosso trabalho e at&eacute; nossa exist&ecirc;ncia somente faz sentido em fun&ccedil;&atilde;o de nossa credenciadora, a ICT a que estamos vinculados, a Universidade Federal de Minas Gerais (UFMG). Todos os nossos movimentos visam prioritariamente contribuir para que a UFMG possa cumprir a sua miss&atilde;o. Dessa forma, prestamos contas e trabalhamos alinhados com o Conselho Curador, que nos acompanha em todas as nossas transforma&ccedil;&otilde;es. Todos os movimentos tamb&eacute;m s&atilde;o alinhados com a Reitora da UFMG, com quem asseguramos que nossas transforma&ccedil;&otilde;es estejam aderentes com as a&ccedil;&otilde;es da Universidade rumo ao seu futuro.Artigo escrito pelo presidente da Fundep, professor Alfredo Gontijo de Oliveira.<\/p>\n","protected":false},"excerpt":{"rendered":"<p>Alfredo Gontijo de OliveiraPresidente da Fundep<\/p>\n","protected":false},"author":1,"featured_media":11154,"comment_status":"open","ping_status":"open","sticky":false,"template":"","format":"standard","meta":{"tdm_status":"","tdm_grid_status":"","footnotes":"","jetpack_publicize_message":"","jetpack_publicize_feature_enabled":true,"jetpack_social_post_already_shared":true,"jetpack_social_options":{"image_generator_settings":{"template":"highway","enabled":false},"version":2}},"categories":[36],"tags":[1992],"class_list":{"0":"post-11153","1":"post","2":"type-post","3":"status-publish","4":"format-standard","5":"has-post-thumbnail","7":"category-pensadores-futuro","8":"tag-fundep"},"jetpack_publicize_connections":[],"jetpack_featured_media_url":"https:\/\/radardofuturo.com.br\/test\/wp-content\/uploads\/2020\/06\/Time-Fundep-2020.png","post_mailing_queue_ids":[],"_links":{"self":[{"href":"https:\/\/radardofuturo.com.br\/test\/wp-json\/wp\/v2\/posts\/11153","targetHints":{"allow":["GET"]}}],"collection":[{"href":"https:\/\/radardofuturo.com.br\/test\/wp-json\/wp\/v2\/posts"}],"about":[{"href":"https:\/\/radardofuturo.com.br\/test\/wp-json\/wp\/v2\/types\/post"}],"author":[{"embeddable":true,"href":"https:\/\/radardofuturo.com.br\/test\/wp-json\/wp\/v2\/users\/1"}],"replies":[{"embeddable":true,"href":"https:\/\/radardofuturo.com.br\/test\/wp-json\/wp\/v2\/comments?post=11153"}],"version-history":[{"count":0,"href":"https:\/\/radardofuturo.com.br\/test\/wp-json\/wp\/v2\/posts\/11153\/revisions"}],"wp:featuredmedia":[{"embeddable":true,"href":"https:\/\/radardofuturo.com.br\/test\/wp-json\/wp\/v2\/media\/11154"}],"wp:attachment":[{"href":"https:\/\/radardofuturo.com.br\/test\/wp-json\/wp\/v2\/media?parent=11153"}],"wp:term":[{"taxonomy":"category","embeddable":true,"href":"https:\/\/radardofuturo.com.br\/test\/wp-json\/wp\/v2\/categories?post=11153"},{"taxonomy":"post_tag","embeddable":true,"href":"https:\/\/radardofuturo.com.br\/test\/wp-json\/wp\/v2\/tags?post=11153"}],"curies":[{"name":"wp","href":"https:\/\/api.w.org\/{rel}","templated":true}]}}