{"id":11080,"date":"2020-06-16T08:44:29","date_gmt":"2020-06-16T11:44:29","guid":{"rendered":"https:\/\/radardofuturo.com.br\/?p=11080"},"modified":"2020-06-16T08:53:31","modified_gmt":"2020-06-16T11:53:31","slug":"quase-metade-dos-brasileiros-ve-automacao-como-ameaca-para-os-empregos","status":"publish","type":"post","link":"https:\/\/radardofuturo.com.br\/test\/quase-metade-dos-brasileiros-ve-automacao-como-ameaca-para-os-empregos\/","title":{"rendered":"Quase metade dos brasileiros v\u00ea automa\u00e7\u00e3o como amea\u00e7a para os empregos"},"content":{"rendered":"\n<figure class=\"wp-block-image size-large\"><img loading=\"lazy\" decoding=\"async\" width=\"1024\" height=\"682\" src=\"https:\/\/radardofuturo.com.br\/test\/wp-content\/uploads\/2020\/06\/digitalizacao-programacao-informatizacao-automacao-1024x682.jpg\" alt=\"\" class=\"wp-image-11081\" srcset=\"https:\/\/radardofuturo.com.br\/test\/wp-content\/uploads\/2020\/06\/digitalizacao-programacao-informatizacao-automacao-1024x682.jpg 1024w, https:\/\/radardofuturo.com.br\/test\/wp-content\/uploads\/2020\/06\/digitalizacao-programacao-informatizacao-automacao-300x200.jpg 300w, https:\/\/radardofuturo.com.br\/test\/wp-content\/uploads\/2020\/06\/digitalizacao-programacao-informatizacao-automacao-768x512.jpg 768w, https:\/\/radardofuturo.com.br\/test\/wp-content\/uploads\/2020\/06\/digitalizacao-programacao-informatizacao-automacao-696x464.jpg 696w, https:\/\/radardofuturo.com.br\/test\/wp-content\/uploads\/2020\/06\/digitalizacao-programacao-informatizacao-automacao.jpg 1280w\" sizes=\"auto, (max-width: 1024px) 100vw, 1024px\"><figcaption>Segundo estudo da PWC, que ouviu 2 mil pessoas no Brasil, <em>45% dos profissionais temem que a tecnologia coloque em risco o mercado de trabalho como um todo.<\/em><\/figcaption><\/figure>\n\n\n\n<!--more-->\n\n\n\n<p>O uso crescente da tecnologia e o impacto da automa&ccedil;&atilde;o sobre o mercado de trabalho s&atilde;o motivos de apreens&atilde;o para 45% dos brasileiros. &Eacute; o que aponta uma pesquisa global da PwC e que contou com cerca de dois mil entrevistados no Brasil &mdash; foram 22 mil pessoas em 11 pa&iacute;ses. Segundo o estudo, 53% dos brasileiros acreditam que a automa&ccedil;&atilde;o vai modificar significativamente ou tornar seu trabalho obsoleto nos pr&oacute;ximos dez anos &mdash; mesmo percentual identificado em n&iacute;vel global. Entre os profissionais brasileiros com escolaridade at&eacute; o ensino m&eacute;dio, essa percep&ccedil;&atilde;o chega a 67%.<\/p>\n\n\n\n<p>Os maiores temores incluem o de que a tecnologia torne o emprego redundante (50%), al&eacute;m da incerteza sobre o futuro (43%). Mas tamb&eacute;m foram mencionados o medo de n&atilde;o possuir as habilidades exigidas no futuro (26%) e a preocupa&ccedil;&atilde;o de n&atilde;o ser capaz de aprender as habilidades necess&aacute;rias (23%).<\/p>\n\n\n\n<p>A China e a &Iacute;ndia s&atilde;o os pa&iacute;ses onde os profissionais s&atilde;o mais otimistas em rela&ccedil;&atilde;o ao impacto da tecnologia no mercado de trabalho, mas tamb&eacute;m s&atilde;o os mais propensos a acreditar que seus empregos passar&atilde;o por mudan&ccedil;as. Eles afirmam estar obtendo mais oportunidades de qualifica&ccedil;&atilde;o: 97% e 95%, respectivamente. Por outro lado, os do Reino Unido e da Austr&aacute;lia dizem ter menos oportunidades e tendem a enxergar o impacto da tecnologia de forma menos positiva.<\/p>\n\n\n\n<h2 class=\"wp-block-heading\">Impactos da tecnologia na rotina de trabalho<\/h2>\n\n\n\n<p>Por outro lado, 65% dos brasileiros entrevistados responderam que as novas tecnologias e a automa&ccedil;&atilde;o trar&atilde;o oportunidades. Sobre os aspectos positivos do avan&ccedil;o tecnol&oacute;gico no trabalho, 46% acreditam que haver&aacute; um aumento da produ&ccedil;&atilde;o e 44% disseram que o trabalho ser&aacute; mais interessante. Mais tempo livre dispon&iacute;vel para o lazer foi citado como um dos benef&iacute;cios trazidos pela tecnologia por 34% dos entrevistados. Para 94% dos consultados, a tecnologia vai melhorar a rotina de trabalho di&aacute;ria, fazendo-os mais eficientes, por exemplo.<\/p>\n\n\n\n<p>&ldquo;Para lidar com os atuais e futuros desafios do mercado de trabalho, desenvolver novas habilidades ser&aacute; cada vez mais relevante na vida profissional das pessoas. Todos t&ecirc;m de se preocupar com isso permanentemente. Cientes dessa realidade, as empresas precisam buscar os meios necess&aacute;rios para viabilizar a qualifica&ccedil;&atilde;o dos seus colaboradores, de modo que estes estejam plenamente capacitados para os novos tempos. O conceito de Upskilling, com o qual a PwC vem trabalhando atualmente, remete exatamente a isso, a uma cultura cont&iacute;nua de aprendizado e curiosidade&rdquo;, explica o l&iacute;der de Clientes e Mercados da PwC Brasil, F&aacute;bio Cajazeira.<\/p>\n\n\n\n<h2 class=\"wp-block-heading\">A agenda da requalifica&ccedil;&atilde;o<\/h2>\n\n\n\n<p>A requalifica&ccedil;&atilde;o est&aacute; entre as preocupa&ccedil;&otilde;es de 92% dos adultos brasileiros (no mundo, 77% das pessoas se mostraram dispostas a aprender novas habilidades ou passar por uma reciclagem no intuito de melhorar a empregabilidade). No Brasil, este aprendizado est&aacute; sendo realizado por conta pr&oacute;pria (81%), ou a partir da iniciativa de seus empregadores (20%). Com a chegada das novas tecnologias ao ambiente de trabalho, 97% afirmam aproveitar essa oportunidade para us&aacute;-las ou entend&ecirc;-las melhor.<\/p>\n\n\n\n<p>A preocupa&ccedil;&atilde;o com a requalifica&ccedil;&atilde;o &eacute; maior entre as pessoas na faixa de 18 a 34 anos. Dentre os motivos que aumentariam o interesse por um treinamento de habilidades digitais, o principal &eacute; o potencial de aumentar os sal&aacute;rios (27%), seguido pelo aumento de empregabilidade (24%) e pela possibilidade de incorporar o treinamento ao dia a dia de trabalho, sem comprometer nenhum tempo adicional (18%).<\/p>\n\n\n\n<p>Sobre o tipo de aprendizado, 28% relataram a vontade de se desenvolver, aprender e adaptar-se &agrave;s novas tecnologias, sejam elas quais forem, al&eacute;m de melhorar seus conhecimentos gerais de neg&oacute;cio. Outros 25% gostariam de ser proficientes em uma tecnologia espec&iacute;fica. Em rela&ccedil;&atilde;o &agrave; responsabilidade pela requalifica&ccedil;&atilde;o, 50% acreditam que s&atilde;o os pr&oacute;prios indiv&iacute;duos os respons&aacute;veis por avan&ccedil;ar neste processo, enquanto 34% atribuem essa responsabilidade &agrave;s empresas.<\/p>\n\n\n\n<p>Fonte: PwC<\/p>\n","protected":false},"excerpt":{"rendered":"","protected":false},"author":1,"featured_media":11081,"comment_status":"open","ping_status":"open","sticky":false,"template":"","format":"standard","meta":{"tdm_status":"","tdm_grid_status":"","footnotes":"","jetpack_publicize_message":"","jetpack_publicize_feature_enabled":true,"jetpack_social_post_already_shared":true,"jetpack_social_options":{"image_generator_settings":{"template":"highway","enabled":false},"version":2}},"categories":[22,14],"tags":[154,895],"class_list":{"0":"post-11080","1":"post","2":"type-post","3":"status-publish","4":"format-standard","5":"has-post-thumbnail","7":"category-indicadores","8":"category-mercado-de-trabalho","9":"tag-futuro-do-trabalho","10":"tag-impactos-da-automacao"},"jetpack_publicize_connections":[],"jetpack_featured_media_url":"https:\/\/radardofuturo.com.br\/test\/wp-content\/uploads\/2020\/06\/digitalizacao-programacao-informatizacao-automacao.jpg","post_mailing_queue_ids":[],"_links":{"self":[{"href":"https:\/\/radardofuturo.com.br\/test\/wp-json\/wp\/v2\/posts\/11080","targetHints":{"allow":["GET"]}}],"collection":[{"href":"https:\/\/radardofuturo.com.br\/test\/wp-json\/wp\/v2\/posts"}],"about":[{"href":"https:\/\/radardofuturo.com.br\/test\/wp-json\/wp\/v2\/types\/post"}],"author":[{"embeddable":true,"href":"https:\/\/radardofuturo.com.br\/test\/wp-json\/wp\/v2\/users\/1"}],"replies":[{"embeddable":true,"href":"https:\/\/radardofuturo.com.br\/test\/wp-json\/wp\/v2\/comments?post=11080"}],"version-history":[{"count":0,"href":"https:\/\/radardofuturo.com.br\/test\/wp-json\/wp\/v2\/posts\/11080\/revisions"}],"wp:featuredmedia":[{"embeddable":true,"href":"https:\/\/radardofuturo.com.br\/test\/wp-json\/wp\/v2\/media\/11081"}],"wp:attachment":[{"href":"https:\/\/radardofuturo.com.br\/test\/wp-json\/wp\/v2\/media?parent=11080"}],"wp:term":[{"taxonomy":"category","embeddable":true,"href":"https:\/\/radardofuturo.com.br\/test\/wp-json\/wp\/v2\/categories?post=11080"},{"taxonomy":"post_tag","embeddable":true,"href":"https:\/\/radardofuturo.com.br\/test\/wp-json\/wp\/v2\/tags?post=11080"}],"curies":[{"name":"wp","href":"https:\/\/api.w.org\/{rel}","templated":true}]}}