{"id":11018,"date":"2020-06-10T10:54:58","date_gmt":"2020-06-10T13:54:58","guid":{"rendered":"https:\/\/radardofuturo.com.br\/?p=11018"},"modified":"2020-06-10T10:55:08","modified_gmt":"2020-06-10T13:55:08","slug":"com-o-que-os-jovens-vao-se-preocupar-mais-quando-voltarem-para-o-ambiente-externo","status":"publish","type":"post","link":"https:\/\/radardofuturo.com.br\/test\/com-o-que-os-jovens-vao-se-preocupar-mais-quando-voltarem-para-o-ambiente-externo\/","title":{"rendered":"Com o que os jovens v\u00e3o se preocupar mais quando voltarem para o ambiente externo"},"content":{"rendered":"\n<figure class=\"wp-block-image size-large\"><img loading=\"lazy\" decoding=\"async\" width=\"1024\" height=\"682\" src=\"https:\/\/radardofuturo.com.br\/test\/wp-content\/uploads\/2020\/06\/cozinha-ingredientes-pimenta-foto-pixabay-1024x682.jpg\" alt=\"Estudo mostra culin&aacute;ria, cuidados com o corpo e mente e h&aacute;bitos de higiene mais presentes na vida de jovens da Gera&ccedil;&atilde;o Z na quarentena. foto: Pixabay\" class=\"wp-image-11020\" srcset=\"https:\/\/radardofuturo.com.br\/test\/wp-content\/uploads\/2020\/06\/cozinha-ingredientes-pimenta-foto-pixabay-1024x682.jpg 1024w, https:\/\/radardofuturo.com.br\/test\/wp-content\/uploads\/2020\/06\/cozinha-ingredientes-pimenta-foto-pixabay-300x200.jpg 300w, https:\/\/radardofuturo.com.br\/test\/wp-content\/uploads\/2020\/06\/cozinha-ingredientes-pimenta-foto-pixabay-768x512.jpg 768w, https:\/\/radardofuturo.com.br\/test\/wp-content\/uploads\/2020\/06\/cozinha-ingredientes-pimenta-foto-pixabay-696x464.jpg 696w, https:\/\/radardofuturo.com.br\/test\/wp-content\/uploads\/2020\/06\/cozinha-ingredientes-pimenta-foto-pixabay.jpg 1280w\" sizes=\"auto, (max-width: 1024px) 100vw, 1024px\"><figcaption>Estudo mostra culin&aacute;ria, cuidados com o corpo e mente e h&aacute;bitos de higiene&nbsp;mais presentes na vida de jovens da Gera&ccedil;&atilde;o Z na quarentena<\/figcaption><\/figure>\n\n\n\n<p><em>Pesquisa da HSR&nbsp;Specialist&nbsp;Researchers&nbsp;aponta alimenta&ccedil;&atilde;o e sa&uacute;de entre<\/em> <em>as&nbsp;principais preocupa&ccedil;&otilde;es do p&uacute;blico entre 16 e 24 anos durante a pandemia<\/em>.<\/p>\n\n\n\n<!--more-->\n\n\n\n<p>As pr&aacute;ticas dos jovens da Gera&ccedil;&atilde;o Z em rela&ccedil;&atilde;o &agrave; alimenta&ccedil;&atilde;o e sa&uacute;de est&atilde;o mudando durante a pandemia do novo&nbsp;coronav&iacute;rus. E para melhor.&nbsp;Essa &eacute; uma das&nbsp;constata&ccedil;&otilde;es da pesquisa &ldquo;Zners&nbsp;&ndash; A Gera&ccedil;&atilde;o&nbsp;Z&nbsp;que Viveu a Quarentena&rdquo;, realizada pela HSR&nbsp;Specialist&nbsp;Researchers.&nbsp;Os&nbsp;<em>Zners<\/em>, express&atilde;o com a qual a HSR definiu os integrantes da Gera&ccedil;&atilde;o Z, entre 16 e 24 anos, est&atilde;o se aventurando na cozinha e fazendo ainda mais atividade f&iacute;sica&nbsp;durante a pandemia. Al&eacute;m disso, 57% deles acreditam&nbsp;que,&nbsp;ap&oacute;s o per&iacute;odo de isolamento,&nbsp;o p&uacute;blico&nbsp;ficar&aacute;&nbsp;mais sintonizado&nbsp;nas quest&otilde;es de higiene e metade desse conjunto&nbsp;tamb&eacute;m v&ecirc; preocupa&ccedil;&atilde;o crescente das pessoas no que diz respeito aos cuidados com a mente.<\/p>\n\n\n\n<figure class=\"wp-block-image\"><img decoding=\"async\" src=\"https:\/\/ci6.googleusercontent.com\/proxy\/K_nGfcGLeDQExqrby0JDKIBuRAqHg_S2GBoVwTRSW0sQPIJeshy8I1IMiPSH8vxx2tygxgxSBpsbpmYa6Ln9Ir70ILSUnPGnQcO3yGXnTYAzWecR_FAwd-8xVER-cgKjviUC8yTUNjFbBioRNvwCsiXTyTxaukFc5QA1L_o5I5rzQwusigcuLv2l4HPPnaaETv6HGWKeuiu0Q5ck6Hd8mEWhRdUmffsRL44SJn0Y9Ioxz2tTp4sko8TKiSPa-LFdwUk69GTrc4TE1-Ls33o8=s0-d-e1-ft#https:\/\/ygeereniseronxe.i-mpr.com\/2=U2NlZjN3ojci5SbvNmLhlmchZWYpNWdsBkMvRnbl1Wak5WZ0FmOyUzN2gDN1UDN6cWZwpmL2YzNzIDO0MzNGJTJ0MzNGJTJ4IDMyYkMlMjM2ETMf1SNx0yXt92YuIHct1SaGJTJGJTJBNTJwRHdopjM\" alt=\"\"><\/figure>\n\n\n\n<figure class=\"wp-block-table\"><table><tbody><tr><td><\/td><\/tr><\/tbody><\/table><\/figure>\n\n\n\n<p>Segundo o estudo,&nbsp;72% dos&nbsp;<em>Zners<\/em>&nbsp;est&atilde;o passando por imers&atilde;o e aprendizado na arte de cozinhar, motivados por uma vida mais saud&aacute;vel.&nbsp;A busca por alimenta&ccedil;&atilde;o mais alinhada com a sa&uacute;de &eacute; realidade para&nbsp;27% dos entrevistados. Outra descoberta importante &eacute; o aumento na pr&aacute;tica de atividades f&iacute;sicas para&nbsp;19%.&nbsp;Ou seja, mesmo em meio ao isolamento est&atilde;o&nbsp;mais ativos do que antes.<\/p>\n\n\n\n<figure class=\"wp-block-image\"><img decoding=\"async\" src=\"https:\/\/ci6.googleusercontent.com\/proxy\/zz91gQpDzEzFedxXX9Ztdpq2sobaJVsA35x3Ec9Cg4fB-aNMzOYFOsTqeU_dutHBl6sR_P-DfpNd8aACCiHmyB93vBKrgSS6yTHBxToAy3Z_ueJFSLCJ_YzkhpSysy0iedzeg6CuF3ejQJ8JCQzBMC2NL7Zyubncp8VhkugezT-sea4kt4Ake8fQzTfG_-ohWtE-xvVFVkwXYpY6QcP1ds2e_m852P_UVv6BXguTAg6Tg_iyqR2wUfE8eN-O9_Ldd_0mNznXuKGJsHWDsTy3=s0-d-e1-ft#https:\/\/ygeereniseronxe.i-mpr.com\/7lBjN3YWZ6InYu02bj5SYpJXYmFWajVHbAJzb05WZtlGZuVGdhpjM1cjN4QTN1QjOnVGcq5SN0UDN5YDNzATMGJTJzATMGJTJ4IDMyYkMlMjM2ETMf1SNx0yXt92YuIHct1SaGJTJGJTJBNTJwRHdopjN\" alt=\"\"><\/figure>\n\n\n\n<figure class=\"wp-block-table\"><table><tbody><tr><td><\/td><\/tr><\/tbody><\/table><\/figure>\n\n\n\n<p>Ainda no que tange alimenta&ccedil;&atilde;o e sa&uacute;de, o estudo sinaliza transforma&ccedil;&otilde;es de&nbsp;comportamentos&nbsp;que nortear&atilde;o o futuro desses jovens depois do isolamento.&nbsp;No total,&nbsp;60%&nbsp;dos&nbsp;<em>Zners<\/em>&nbsp;adotar&atilde;o h&aacute;bitos mais saud&aacute;veis&nbsp;de alimenta&ccedil;&atilde;o.&nbsp;No tocante &agrave;&nbsp;pr&aacute;tica de atividades f&iacute;sicas, 58%&nbsp;afirmam que&nbsp;ser&aacute; intensificada&nbsp;ou que devem&nbsp;manter&nbsp;esse ritmo&nbsp;mais intenso,&nbsp;mesmo&nbsp;ap&oacute;s a&nbsp;quarentena.<\/p>\n\n\n\n<figure class=\"wp-block-image\"><img decoding=\"async\" src=\"https:\/\/ci3.googleusercontent.com\/proxy\/Nk9zXKqfe34kAQtvonV_eUFoueU-_6JaJvXkr0gRFZlLs1f1I3LtSaURWnJHQb8wj36O8pRuGUHNKV2q7GCB5fD-JRLee16qgGOcgHYgpkjAELalMTr3CYaOnIiHGpxn5bS_J5k-kGmP4Uz85BtXnzvHtaOK0wnHayypafZTBXj0fmItWRBGtetvf2pp6uADNnEF4gBThSX2YTHlhNVOUVziJAx9E3SYFaBRq0Xdpa61ZvZnGJ2RwwoIhVhK0XFW-Y9txAf_EBwYKKlxCmpF=s0-d-e1-ft#https:\/\/ygeereniseronxe.i-mpr.com\/0kJTMxYGZ6InYu02bj5SYpJXYmFWajVHbAJzb05WZtlGZuVGdhpjM1cjN4QTN1QjOnVGcq5SN3gTM4YzNxITMGJTJxITMGJTJ4IDMyYkMlMjM2ETMf1SNx0yXt92YuIHct1SaGJTJGJTJBNTJwRHdopTO\" alt=\"\"><\/figure>\n\n\n\n<figure class=\"wp-block-table\"><table><tbody><tr><td><\/td><\/tr><\/tbody><\/table><\/figure>\n\n\n\n<p>&ldquo;Podemos afirmar que estamos vendo nascer uma nova gera&ccedil;&atilde;o de jovens. Eles s&atilde;o&nbsp;mais conscientes&nbsp;e&nbsp;participativos. Tamb&eacute;m possuem&nbsp;novas&nbsp;posturas,&nbsp;bem como&nbsp;percep&ccedil;&otilde;es&nbsp;e vis&otilde;es&nbsp;de vida&nbsp;diferentes. Essas altera&ccedil;&otilde;es&nbsp;foram&nbsp;provocadas&nbsp;por uma situa&ccedil;&atilde;o&nbsp;inesperada, mas&nbsp;compreendida&nbsp;pelos&nbsp;<em>Zners<\/em>&nbsp;como um momento-chave para mudan&ccedil;as&rdquo;, afirma Naira&nbsp;Maneo, s&oacute;cia-diretora da HSR&nbsp;Specialist&nbsp;Researchers.<\/p>\n\n\n\n<p>Metodologia e dimens&otilde;es&nbsp;&ndash;&nbsp;A pesquisa&nbsp;realizada&nbsp;na segunda semana de maio&nbsp;ouviu mais de&nbsp;1,5 mil&nbsp;jovens,&nbsp;entre 16&nbsp;e 24 anos,&nbsp;das&nbsp;classes sociais A,&nbsp;B&nbsp;e&nbsp;C,&nbsp;nas principais capitais brasileiras, tendo como base&nbsp;question&aacute;rio estruturado a partir de&nbsp;levantamento&nbsp;qualitativo&nbsp;realizado&nbsp;em abril.&nbsp;O estudo foi estruturado em cinco dimens&otilde;es para analisar de forma ampla os pensamentos e sentimentos dos jovens.&nbsp;Essa&nbsp;parte sobre&nbsp;&lsquo;Alimenta&ccedil;&atilde;o e&nbsp;Sa&uacute;de&rsquo;&nbsp;&eacute; a terceira.&nbsp;J&aacute; foram tratados os temas &lsquo;<a href=\"https:\/\/ygeereniseronxe.i-mpr.com\/link.php?code=bDpodHRwJTNBJTJGJTJGZHJpdmUuZ29vZ2xlLmNvbSUyRmZpbGUlMkZkJTJGMTRkcEIzYTRpOGxnT3BvX0NJTVQ5TjhSdHZpd0ZsV01rJTJGdmlldyUzRnVzcCUzRHNoYXJpbmc6NDU1NDg2NzUyOmF0ZW5kaW1lbnRvMkBsdWNpYWZhcmlhLmNvbS5icjplOWYzZDQ=\" target=\"_blank\" rel=\"noreferrer noopener\">Relacionamento&nbsp;Familiar&nbsp;<\/a>&rsquo;&nbsp;e&nbsp;&lsquo;<a rel=\"noreferrer noopener\" href=\"https:\/\/ygeereniseronxe.i-mpr.com\/link.php?code=bDpodHRwJTNBJTJGJTJGZHJpdmUuZ29vZ2xlLmNvbSUyRmZpbGUlMkZkJTJGMVU4SkFsMFdUY0R3QmsydF9qaWZPOXVnWEJaLXhWZklnJTJGdmlldyUzRnVzcCUzRHNoYXJpbmc6NDU1NDg2NzUyOmF0ZW5kaW1lbnRvMkBsdWNpYWZhcmlhLmNvbS5icjo0MjUzYjY=\" target=\"_blank\">Vivendo em um&nbsp;Mundo 100%&nbsp;Online<\/a>&rsquo;.&nbsp;Ainda ser&atilde;o abordados, na ordem,&nbsp;&lsquo;Educa&ccedil;&atilde;o e EAD&rsquo;; e&nbsp;&lsquo;Valores&nbsp;Emergentes e&nbsp;Aprendizados da&nbsp;Pandemia&rsquo;.<\/p>\n\n\n\n<pre class=\"wp-block-verse\">Com informa\u00e7\u00f5es da assessoria de comunica\u00e7\u00e3o<\/pre>\n\n\n\n<p><\/p>\n","protected":false},"excerpt":{"rendered":"<p>Pesquisa da HSR&nbsp;Specialist&nbsp;Researchers&nbsp;aponta alimenta&ccedil;&atilde;o e sa&uacute;de entre as&nbsp;principais preocupa&ccedil;&otilde;es do p&uacute;blico entre 16 e 24 anos durante a pandemia.<\/p>\n","protected":false},"author":1,"featured_media":11020,"comment_status":"open","ping_status":"open","sticky":false,"template":"","format":"standard","meta":{"tdm_status":"","tdm_grid_status":"","footnotes":"","jetpack_publicize_message":"Com o que os jovens v\u00e3o se preocupar mais quando voltarem para o ambiente externo.\n","jetpack_publicize_feature_enabled":true,"jetpack_social_post_already_shared":true,"jetpack_social_options":{"image_generator_settings":{"template":"highway","enabled":false},"version":2}},"categories":[22,19],"tags":[1937,1981],"class_list":{"0":"post-11018","1":"post","2":"type-post","3":"status-publish","4":"format-standard","5":"has-post-thumbnail","7":"category-indicadores","8":"category-insights","9":"tag-pos-covid","10":"tag-pos-pandemia-2"},"jetpack_publicize_connections":[],"jetpack_featured_media_url":"https:\/\/radardofuturo.com.br\/test\/wp-content\/uploads\/2020\/06\/cozinha-ingredientes-pimenta-foto-pixabay.jpg","post_mailing_queue_ids":[],"_links":{"self":[{"href":"https:\/\/radardofuturo.com.br\/test\/wp-json\/wp\/v2\/posts\/11018","targetHints":{"allow":["GET"]}}],"collection":[{"href":"https:\/\/radardofuturo.com.br\/test\/wp-json\/wp\/v2\/posts"}],"about":[{"href":"https:\/\/radardofuturo.com.br\/test\/wp-json\/wp\/v2\/types\/post"}],"author":[{"embeddable":true,"href":"https:\/\/radardofuturo.com.br\/test\/wp-json\/wp\/v2\/users\/1"}],"replies":[{"embeddable":true,"href":"https:\/\/radardofuturo.com.br\/test\/wp-json\/wp\/v2\/comments?post=11018"}],"version-history":[{"count":0,"href":"https:\/\/radardofuturo.com.br\/test\/wp-json\/wp\/v2\/posts\/11018\/revisions"}],"wp:featuredmedia":[{"embeddable":true,"href":"https:\/\/radardofuturo.com.br\/test\/wp-json\/wp\/v2\/media\/11020"}],"wp:attachment":[{"href":"https:\/\/radardofuturo.com.br\/test\/wp-json\/wp\/v2\/media?parent=11018"}],"wp:term":[{"taxonomy":"category","embeddable":true,"href":"https:\/\/radardofuturo.com.br\/test\/wp-json\/wp\/v2\/categories?post=11018"},{"taxonomy":"post_tag","embeddable":true,"href":"https:\/\/radardofuturo.com.br\/test\/wp-json\/wp\/v2\/tags?post=11018"}],"curies":[{"name":"wp","href":"https:\/\/api.w.org\/{rel}","templated":true}]}}