{"id":109,"date":"2015-11-24T17:56:55","date_gmt":"2015-11-24T20:56:55","guid":{"rendered":"https:\/\/litebold.co\/~radardofuturo\/cenario-preocupante-na-seguranca-publica\/"},"modified":"2019-02-06T13:20:30","modified_gmt":"2019-02-06T16:20:30","slug":"cenario-preocupante-na-seguranca-publica","status":"publish","type":"post","link":"https:\/\/radardofuturo.com.br\/test\/cenario-preocupante-na-seguranca-publica\/","title":{"rendered":"Cen\u00e1rio preocupante na seguran\u00e7a p\u00fablica"},"content":{"rendered":"<p>Estudo do Ipea avalia fatores que mant&eacute;m a criminalidade elevada<\/p>\n<p><!--more-->Andreia Verd&eacute;lio<br>\nRep&oacute;rter da Ag&ecirc;ncia Brasil<\/p>\n<p>Mesmo no cen&aacute;rio mais otimista, as perspectivas da viol&ecirc;ncia urbana no Brasil s&atilde;o marcadas por perspectivas preocupantes. Segundo um estudo desenvolvido pelo&nbsp;Instituto de Pesquisa Econ&ocirc;mica Aplicada (Ipea), algumas das principais&nbsp;<a href=\"https:\/\/radardofuturo.com.br\/test\/ddof\/o-que-sao-tendencias\/\" target=\"_self\" title=\"Confira o que s&atilde;o tend&ecirc;ncias, os fatos ou fen&ocirc;menos que podem acontecer em algum momento adiante na hist&oacute;ria da sociedade, como um novo comportamento individual ou de um grupo\" class=\"encyclopedia\">tend&ecirc;ncias<\/a> dificilmente poder&atilde;o ser revertidas at&eacute; 2023, como a desigualdade social elevada, o f&aacute;cil acesso &agrave;s armas de fogo, o crescimento da criminalidade no interior do pa&iacute;s, o alto n&uacute;mero de mortes pela pol&iacute;cia, o endurecimento penal, os problemas de governan&ccedil;a na seguran&ccedil;a p&uacute;blica e a alta sensa&ccedil;&atilde;o de inseguran&ccedil;a.<\/p>\n<p>O estudo apresenta poss&iacute;veis cen&aacute;rios para o Brasil at&eacute; 2023 e prop&otilde;e a&ccedil;&otilde;es de preven&ccedil;&atilde;o social e de seguran&ccedil;a p&uacute;blica para o pa&iacute;s.&nbsp;&ldquo;Mudar as <a href=\"https:\/\/radardofuturo.com.br\/test\/ddof\/o-que-sao-tendencias\/\" target=\"_self\" title=\"Confira o que s&atilde;o tend&ecirc;ncias, os fatos ou fen&ocirc;menos que podem acontecer em algum momento adiante na hist&oacute;ria da sociedade, como um novo comportamento individual ou de um grupo\" class=\"encyclopedia\">tend&ecirc;ncias<\/a> depende de uma atua&ccedil;&atilde;o coordenada de todos os principais atores, que precisa ser constru&iacute;da e liderada pelo Minist&eacute;rio da Justi&ccedil;a&rdquo;, diz a publica&ccedil;&atilde;o.<\/p>\n<p>O objetivo do estudo Viol&ecirc;ncia e Seguran&ccedil;a P&uacute;blica em 2023: cen&aacute;rios explorat&oacute;rios e planejamento prospectivo &eacute; contribuir com o planejamento do governo federal para a &aacute;rea de seguran&ccedil;a p&uacute;blica, por meio da constru&ccedil;&atilde;o e da an&aacute;lise dos poss&iacute;veis cen&aacute;rios.<\/p>\n<p>Um dos autores da publica&ccedil;&atilde;o, o coordenador de Estudos e Pol&iacute;ticas de Estado e Institui&ccedil;&otilde;es do Ipea, Helder Ferreira, disse que &eacute; importante avan&ccedil;ar no planejamento e discutir com a sociedade um plano nacional de seguran&ccedil;a p&uacute;blica que contemple, n&atilde;o s&oacute; homic&iacute;dios, mas outros temas ligados &agrave; seguran&ccedil;a.<\/p>\n<p>&ldquo;A integra&ccedil;&atilde;o das pr&oacute;prias pol&iacute;cias j&aacute; est&aacute; sendo debatida no Congresso Nacional. Na preven&ccedil;&atilde;o social, &eacute; preciso trabalhar com jovens em situa&ccedil;&atilde;o de vulnerabilidade social e com os egressos do sistema prisional, incluindo os que cumpriram medidas socioeducativas, tentando tir&aacute;-los da trajet&oacute;ria de crime&rdquo;, disse o coordenador do Ipea.<\/p>\n<p>Entre as solu&ccedil;&otilde;es para a melhoria da seguran&ccedil;a p&uacute;blica, o coordenador defende a revis&atilde;o doEstatuto do Desarmamento. &ldquo;Todos os estudos apontam que mais armas trazem menos seguran&ccedil;a&rdquo;, afirmou.<\/p>\n<p>O diretor de Pesquisa e An&aacute;lise de Informa&ccedil;&atilde;o do Minist&eacute;rio da Justi&ccedil;a, Rog&eacute;rio Carneiro, disse que &eacute; preciso avaliar as a&ccedil;&otilde;es por sua efetividade no curto, m&eacute;dio e longo prazo e dividir em preven&ccedil;&atilde;o social as mais qualificadas. &ldquo;Por isso, o Minist&eacute;rio da Justi&ccedil;a est&aacute; buscando parcerias com outros minist&eacute;rios da &aacute;rea social, a fim de definir as a&ccedil;&otilde;es de preven&ccedil;&atilde;o. Elas t&ecirc;m resultados a m&eacute;dio e longo prazos, s&atilde;o mais eficientes, duradouras e mais estruturantes. Como o trabalho coloca, talvez n&atilde;o se consiga atingir todas at&eacute; 2023, como, por exemplo, acabar com a desigualdade social&rdquo;, ressaltou.<\/p>\n<p><a href=\"https:\/\/radardofuturo.com.br\/test\/ddof\/o-que-sao-tendencias\/\" target=\"_self\" title=\"Confira o que s&atilde;o tend&ecirc;ncias, os fatos ou fen&ocirc;menos que podem acontecer em algum momento adiante na hist&oacute;ria da sociedade, como um novo comportamento individual ou de um grupo\" class=\"encyclopedia\">Tend&ecirc;ncias<\/a> e cen&aacute;rios para seguran&ccedil;a p&uacute;blica<\/p>\n<p>O estudo refor&ccedil;a a urg&ecirc;ncia de se avan&ccedil;ar na pol&iacute;tica de seguran&ccedil;a p&uacute;blica. &ldquo;Isso, tendo em vista os riscos da situa&ccedil;&atilde;o se agravar, seja para um estado de viol&ecirc;ncia end&ecirc;mica, seja para um estado policial&rdquo;, Rog&eacute;rio Carneiro. Segundo ele, a an&aacute;lise das <a href=\"https:\/\/radardofuturo.com.br\/test\/ddof\/o-que-sao-tendencias\/\" target=\"_self\" title=\"Confira o que s&atilde;o tend&ecirc;ncias, os fatos ou fen&ocirc;menos que podem acontecer em algum momento adiante na hist&oacute;ria da sociedade, como um novo comportamento individual ou de um grupo\" class=\"encyclopedia\">tend&ecirc;ncias<\/a>, das incertezas e dos principais atores de seguran&ccedil;a p&uacute;blica e suas estrat&eacute;gias levaram a quatro cen&aacute;rios fict&iacute;cios: de preven&ccedil;&atilde;o social, de viol&ecirc;ncia end&ecirc;mica, de repress&atilde;o autorit&aacute;ria e de repress&atilde;o qualificada.<\/p>\n<p>O estudo mostra que certas decis&otilde;es podem contribuir para um futuro indesej&aacute;vel. &ldquo;A op&ccedil;&atilde;o por uma pol&iacute;tica mais repressiva, punitiva e encarceradora pode reduzir a nossa liberdade e aumentar a exclus&atilde;o, sem reduzir as taxas de criminalidade. A repress&atilde;o direcionada para as camadas populacionais mais vulner&aacute;veis socioeconomicamente cria um sentimento generalizado de injusti&ccedil;a, que acaba por esgar&ccedil;ar os v&iacute;nculos sociais e apartar a pol&iacute;cia das comunidades.&rdquo;<\/p>\n<p>Segundo a publica&ccedil;&atilde;o, a melhoria da governan&ccedil;a passa pela pol&iacute;tica de seguran&ccedil;a p&uacute;blica, que precisa coordenar e integrar melhor as medidas de preven&ccedil;&atilde;o e repress&atilde;o. Tamb&eacute;m passa pelo estabelecimento de pactos entre os &oacute;rg&atilde;o dos tr&ecirc;s poderes na coordena&ccedil;&atilde;o de a&ccedil;&otilde;es &ndash; hoje realizadas isoladamente no sistema de justi&ccedil;a criminal &ndash; e pela estrutura&ccedil;&atilde;o dos &oacute;rg&atilde;os de seguran&ccedil;a p&uacute;blica e envolvimento da sociedade.<\/p>\n<p>O livro est&aacute; dispon&iacute;vel apenas em formato digital no&nbsp;site&nbsp;do Ipea. Os minist&eacute;rios da Justi&ccedil;a e do Planejamento, Or&ccedil;amento e Gest&atilde;o foram parceiros na realiza&ccedil;&atilde;o do projeto.<\/p>\n","protected":false},"excerpt":{"rendered":"<p>Estudo do Ipea avalia fatores que mant&eacute;m a criminalidade elevada<\/p>\n","protected":false},"author":1,"featured_media":108,"comment_status":"open","ping_status":"open","sticky":false,"template":"","format":"standard","meta":{"tdm_status":"","tdm_grid_status":"","footnotes":"","jetpack_publicize_message":"","jetpack_publicize_feature_enabled":true,"jetpack_social_post_already_shared":false,"jetpack_social_options":{"image_generator_settings":{"template":"highway","enabled":false},"version":2}},"categories":[11],"tags":[],"class_list":{"0":"post-109","1":"post","2":"type-post","3":"status-publish","4":"format-standard","5":"has-post-thumbnail","7":"category-cenarios"},"jetpack_publicize_connections":[],"jetpack_featured_media_url":"https:\/\/radardofuturo.com.br\/test\/wp-content\/uploads\/2015\/11\/seguranca-cerca-protecao2.jpg","post_mailing_queue_ids":[],"_links":{"self":[{"href":"https:\/\/radardofuturo.com.br\/test\/wp-json\/wp\/v2\/posts\/109","targetHints":{"allow":["GET"]}}],"collection":[{"href":"https:\/\/radardofuturo.com.br\/test\/wp-json\/wp\/v2\/posts"}],"about":[{"href":"https:\/\/radardofuturo.com.br\/test\/wp-json\/wp\/v2\/types\/post"}],"author":[{"embeddable":true,"href":"https:\/\/radardofuturo.com.br\/test\/wp-json\/wp\/v2\/users\/1"}],"replies":[{"embeddable":true,"href":"https:\/\/radardofuturo.com.br\/test\/wp-json\/wp\/v2\/comments?post=109"}],"version-history":[{"count":0,"href":"https:\/\/radardofuturo.com.br\/test\/wp-json\/wp\/v2\/posts\/109\/revisions"}],"wp:featuredmedia":[{"embeddable":true,"href":"https:\/\/radardofuturo.com.br\/test\/wp-json\/wp\/v2\/media\/108"}],"wp:attachment":[{"href":"https:\/\/radardofuturo.com.br\/test\/wp-json\/wp\/v2\/media?parent=109"}],"wp:term":[{"taxonomy":"category","embeddable":true,"href":"https:\/\/radardofuturo.com.br\/test\/wp-json\/wp\/v2\/categories?post=109"},{"taxonomy":"post_tag","embeddable":true,"href":"https:\/\/radardofuturo.com.br\/test\/wp-json\/wp\/v2\/tags?post=109"}],"curies":[{"name":"wp","href":"https:\/\/api.w.org\/{rel}","templated":true}]}}