{"id":10892,"date":"2020-06-02T11:31:22","date_gmt":"2020-06-02T14:31:22","guid":{"rendered":"https:\/\/radardofuturo.com.br\/?p=10892"},"modified":"2020-06-02T11:41:45","modified_gmt":"2020-06-02T14:41:45","slug":"a-importancia-de-promover-a-transparencia-publica","status":"publish","type":"post","link":"https:\/\/radardofuturo.com.br\/test\/a-importancia-de-promover-a-transparencia-publica\/","title":{"rendered":"A import\u00e2ncia de promover a transpar\u00eancia p\u00fablica"},"content":{"rendered":"<figure id=\"attachment_10890\" aria-describedby=\"caption-attachment-10890\" style=\"width: 1280px\" class=\"wp-caption aligncenter\"><a href=\"https:\/\/radardofuturo.com.br\/test\/wp-content\/uploads\/2020\/06\/social-media-imagem-pixabay.jpg\"><img loading=\"lazy\" decoding=\"async\" class=\"size-full wp-image-10890\" src=\"https:\/\/radardofuturo.com.br\/test\/wp-content\/uploads\/2020\/06\/social-media-imagem-pixabay.jpg\" alt=\"Para que o cidad&atilde;o mude sua concep&ccedil;&atilde;o de confiabilidade quanto aos &oacute;rg&atilde;os p&uacute;blicos, &eacute; necess&aacute;ria a ado&ccedil;&atilde;o de uma nova abordagem por parte das empresas\" width=\"1280\" height=\"853\" srcset=\"https:\/\/radardofuturo.com.br\/test\/wp-content\/uploads\/2020\/06\/social-media-imagem-pixabay.jpg 1280w, https:\/\/radardofuturo.com.br\/test\/wp-content\/uploads\/2020\/06\/social-media-imagem-pixabay-300x200.jpg 300w, https:\/\/radardofuturo.com.br\/test\/wp-content\/uploads\/2020\/06\/social-media-imagem-pixabay-1024x682.jpg 1024w, https:\/\/radardofuturo.com.br\/test\/wp-content\/uploads\/2020\/06\/social-media-imagem-pixabay-768x512.jpg 768w, https:\/\/radardofuturo.com.br\/test\/wp-content\/uploads\/2020\/06\/social-media-imagem-pixabay-696x464.jpg 696w\" sizes=\"auto, (max-width: 1280px) 100vw, 1280px\"><\/a><figcaption id=\"caption-attachment-10890\" class=\"wp-caption-text\">Para que o cidad&atilde;o mude sua concep&ccedil;&atilde;o de confiabilidade quanto aos &oacute;rg&atilde;os p&uacute;blicos, &eacute; necess&aacute;ria a ado&ccedil;&atilde;o de uma nova abordagem por parte das empresas.<\/figcaption><\/figure>\n<p><!--more--><\/p>\n<p><em>Eduardo Nistal *&nbsp;<\/em><\/p>\n<p>Nos &uacute;ltimos anos, o brasileiro acostumou-se a observar institui&ccedil;&otilde;es p&uacute;blicas com certo receio e desconfian&ccedil;a, considerando o cen&aacute;rio pol&iacute;tico desfavor&aacute;vel em termos de proximidade e identifica&ccedil;&atilde;o relacional. No entanto, recuperar a confian&ccedil;a do cidad&atilde;o n&atilde;o &eacute; uma miss&atilde;o que deve ser encarada somente sob o punho administrativo de governos e prefeituras; as empresas podem e devem compartilhar desse protagonismo em prol de mais transpar&ecirc;ncia e acesso &agrave; informa&ccedil;&atilde;o.<\/p>\n<p>Logo, se usu&aacute;rios e consumidores est&atilde;o cada vez mais exigentes quanto &agrave; utiliza&ccedil;&atilde;o de suas informa&ccedil;&otilde;es pessoais pelas marcas, &eacute; imposs&iacute;vel desconectar essa mudan&ccedil;a de mentalidade aos &oacute;rg&atilde;os p&uacute;blicos. E assim como companhias privadas, as autoridades deparam-se com a urg&ecirc;ncia de corresponder aos anseios da popula&ccedil;&atilde;o, que se encontra gradualmente conectada &agrave;s redes e meios digitais.<\/p>\n<p>Para ilustrar a expectativa dos brasileiros nesse contexto, em um levantamento recente realizado pela Pesquisa Percep&ccedil;&atilde;o P&uacute;blica da C&amp;T no Brasil, identificou-se que cerca de 73% da popula&ccedil;&atilde;o repousa esperan&ccedil;as nas possibilidades oferecidas pela ci&ecirc;ncia e tecnologia. O espa&ccedil;o para o aprimoramento geral nunca foi t&atilde;o prop&iacute;cio, e para demonstrar a import&acirc;ncia do tema, preparei um artigo completo sobre o assunto. Acompanhe!<\/p>\n<h2>Informa&ccedil;&atilde;o &eacute; objeto de valor imensur&aacute;vel<\/h2>\n<p>Subestimar o acesso democr&aacute;tico &agrave; informa&ccedil;&atilde;o &eacute; um erro que impossibilita qualquer incentivo &agrave; confiabilidade p&uacute;blica. Quando paramos para analisar o quadro, nos deparamos com uma evolu&ccedil;&atilde;o limitada &agrave; lentid&atilde;o de passos incompat&iacute;veis com os dias atuais. No ano passado, ao menos 256 &oacute;rg&atilde;os federais descumpriram as exig&ecirc;ncias impostas pela Lei de Acesso &agrave; Informa&ccedil;&atilde;o, segundo dados da Controladoria-Geral da Uni&atilde;o.<\/p>\n<p>Afinal, para que se espere transpar&ecirc;ncia e seguran&ccedil;a informacional, &eacute; necess&aacute;rio partir do ponto de partida de que as informa&ccedil;&otilde;es ser&atilde;o disponibilizadas a todos, de forma flu&iacute;da e simplificada. Os desafios s&atilde;o variados, claro, a quantidade exorbitante de dados dificulta o atendimento efetivo de demandas e servi&ccedil;os prestados, assim como presta&ccedil;&otilde;es de contas. Mais uma vez, a tecnologia entra no jogo como uma aliada valiosa.<\/p>\n<h2>Solu&ccedil;&otilde;es inovadoras: uma realidade obrigat&oacute;ria<\/h2>\n<p>A Transforma&ccedil;&atilde;o Digital revolucionou a forma como enxergamos preceitos de comunica&ccedil;&atilde;o, isso &eacute; fato un&acirc;nime. Empresas de diversos segmentos t&ecirc;m como combust&iacute;vel para gest&otilde;es eficientes o uso de ferramentas e softwares simplificadores e essa ideia sist&ecirc;mica precisa disseminar-se entre os &oacute;rg&atilde;os p&uacute;blicos. Os efeitos pr&aacute;ticos para unidades provedoras de informa&ccedil;&otilde;es s&atilde;o variados e capazes de atender esferas Municipais, Estaduais e Federais, por exemplo, a integra&ccedil;&atilde;o e padroniza&ccedil;&atilde;o de processos em uma s&oacute; plataforma digital. Al&eacute;m de reduzir custos e potencializar a produtividade como um todo, fomenta uma pol&iacute;tica de dados em harmonia com as expectativas nacionais.<\/p>\n<p>Nesse sentido, todos os setores operacionais que envolvem a gest&atilde;o ter&atilde;o impacto positivo dessa implementa&ccedil;&atilde;o inovadora. Com a automatiza&ccedil;&atilde;o vigente, os servidores p&uacute;blicos ser&atilde;o direcionados para atividades mais complexas, que necessitam de uma aten&ccedil;&atilde;o subjetiva e estrat&eacute;gica. As vantagens s&atilde;o igualmente percept&iacute;veis entre as partes.<\/p>\n<h2>O &ecirc;xito do Business Intelligence<\/h2>\n<p>Entre as alternativas tecnol&oacute;gicas encontradas no mercado, projetos baseados em Business Intelligence (BI) destacam-se como meios assertivos de estrutura&ccedil;&atilde;o de dados e visualiza&ccedil;&atilde;o facilitada de relat&oacute;rios e estudos projecionais. Erradicar a dificuldade de se lidar com o armazenamento, repasse e concess&atilde;o de informa&ccedil;&otilde;es numerosas e diversificadas &eacute; imprescind&iacute;vel quanto &agrave; ingress&atilde;o em um futuro seguro e transparente.<\/p>\n<p>Outro fator preponderante &eacute; a integra&ccedil;&atilde;o proporcionada por uma cultura interna orientada por dados, com a aplica&ccedil;&atilde;o do BI. O aumento de recursos colaborativos e de comunica&ccedil;&atilde;o n&atilde;o s&oacute; representar&atilde;o um novo estigma p&uacute;blico para o cidad&atilde;o comum, como reduzir&atilde;o exponencialmente os custos de infraestrutura, trazendo mais autonomia e flexibilidade ao ambiente de TI. Isso se reflete ao usu&aacute;rio, que ter&aacute; dados acess&iacute;veis e objetivos &agrave; disposi&ccedil;&atilde;o, podendo, cada vez mais, promover a transpar&ecirc;ncia.<\/p>\n<p>Assim, as iniciativas digitais t&ecirc;m conquistado cada vez mais espa&ccedil;o no setor p&uacute;blico, demonstrando que &eacute; poss&iacute;vel equilibrar agilidade do emissor da informa&ccedil;&atilde;o e conforto para o receptor, que &eacute; o maior interessado. Tendo em mente que o exerc&iacute;cio de um &oacute;rg&atilde;o p&uacute;blico &eacute; extremamente complicado, torna-se evidente a contribui&ccedil;&atilde;o de uma gest&atilde;o din&acirc;mica e modernizada.<\/p>\n<p>No sentido de confian&ccedil;a e rela&ccedil;&atilde;o com a popula&ccedil;&atilde;o, o BI atua no monitoramento e assimila&ccedil;&atilde;o da percep&ccedil;&atilde;o individual e coletiva. Os resultados s&atilde;o observados no &acirc;mbito interno e externo, sustentando um novo panorama comunicacional entre institui&ccedil;&atilde;o e popula&ccedil;&atilde;o.<\/p>\n<p>Em resumo, a tecnologia chegou para modificar a forma como enxergamos o mundo &agrave; nossa volta, e a parceria entre empresas privadas e &oacute;rg&atilde;os p&uacute;blicos representam uma das <a href=\"https:\/\/radardofuturo.com.br\/test\/ddof\/o-que-sao-tendencias\/\" target=\"_self\" title=\"Confira o que s&atilde;o tend&ecirc;ncias, os fatos ou fen&ocirc;menos que podem acontecer em algum momento adiante na hist&oacute;ria da sociedade, como um novo comportamento individual ou de um grupo\" class=\"encyclopedia\">tend&ecirc;ncias<\/a> mais favor&aacute;veis &agrave; sociedade e sua rela&ccedil;&atilde;o com as autoridades.<\/p>\n<hr>\n<ul>\n<li><em> Eduardo Nistal &eacute; CEO do Grupo Toccato<\/em><\/li>\n<\/ul>\n","protected":false},"excerpt":{"rendered":"","protected":false},"author":1,"featured_media":10890,"comment_status":"closed","ping_status":"closed","sticky":false,"template":"","format":"standard","meta":{"tdm_status":"","tdm_grid_status":"","footnotes":"","jetpack_publicize_message":"","jetpack_publicize_feature_enabled":true,"jetpack_social_post_already_shared":true,"jetpack_social_options":{"image_generator_settings":{"template":"highway","enabled":false},"version":2}},"categories":[36,16],"tags":[],"class_list":{"0":"post-10892","1":"post","2":"type-post","3":"status-publish","4":"format-standard","5":"has-post-thumbnail","7":"category-pensadores-futuro","8":"category-tendencias-setores"},"jetpack_publicize_connections":[],"jetpack_featured_media_url":"https:\/\/radardofuturo.com.br\/test\/wp-content\/uploads\/2020\/06\/social-media-imagem-pixabay.jpg","post_mailing_queue_ids":[],"_links":{"self":[{"href":"https:\/\/radardofuturo.com.br\/test\/wp-json\/wp\/v2\/posts\/10892","targetHints":{"allow":["GET"]}}],"collection":[{"href":"https:\/\/radardofuturo.com.br\/test\/wp-json\/wp\/v2\/posts"}],"about":[{"href":"https:\/\/radardofuturo.com.br\/test\/wp-json\/wp\/v2\/types\/post"}],"author":[{"embeddable":true,"href":"https:\/\/radardofuturo.com.br\/test\/wp-json\/wp\/v2\/users\/1"}],"replies":[{"embeddable":true,"href":"https:\/\/radardofuturo.com.br\/test\/wp-json\/wp\/v2\/comments?post=10892"}],"version-history":[{"count":0,"href":"https:\/\/radardofuturo.com.br\/test\/wp-json\/wp\/v2\/posts\/10892\/revisions"}],"wp:featuredmedia":[{"embeddable":true,"href":"https:\/\/radardofuturo.com.br\/test\/wp-json\/wp\/v2\/media\/10890"}],"wp:attachment":[{"href":"https:\/\/radardofuturo.com.br\/test\/wp-json\/wp\/v2\/media?parent=10892"}],"wp:term":[{"taxonomy":"category","embeddable":true,"href":"https:\/\/radardofuturo.com.br\/test\/wp-json\/wp\/v2\/categories?post=10892"},{"taxonomy":"post_tag","embeddable":true,"href":"https:\/\/radardofuturo.com.br\/test\/wp-json\/wp\/v2\/tags?post=10892"}],"curies":[{"name":"wp","href":"https:\/\/api.w.org\/{rel}","templated":true}]}}