{"id":10832,"date":"2020-05-27T17:51:17","date_gmt":"2020-05-27T20:51:17","guid":{"rendered":"https:\/\/radardofuturo.com.br\/?p=10832"},"modified":"2020-05-27T17:51:17","modified_gmt":"2020-05-27T20:51:17","slug":"pesquisadores-lideres-de-projetos-comunitarios-e-organizacoes-debatem-situacao-do-rio","status":"publish","type":"post","link":"https:\/\/radardofuturo.com.br\/test\/pesquisadores-lideres-de-projetos-comunitarios-e-organizacoes-debatem-situacao-do-rio\/","title":{"rendered":"Pesquisadores, l\u00edderes de projetos comunit\u00e1rios e organiza\u00e7\u00f5es debatem situa\u00e7\u00e3o do Rio"},"content":{"rendered":"<figure id=\"attachment_7700\" aria-describedby=\"caption-attachment-7700\" style=\"width: 1024px\" class=\"wp-caption aligncenter\"><a href=\"https:\/\/radardofuturo.com.br\/test\/wp-content\/uploads\/2019\/10\/onu-ods.png\"><img loading=\"lazy\" decoding=\"async\" class=\"size-full wp-image-7700\" src=\"https:\/\/radardofuturo.com.br\/test\/wp-content\/uploads\/2019\/10\/onu-ods.png\" alt=\"GT Agenda 2030 divulga nota de rep&uacute;dio &agrave; extin&ccedil;&atilde;o da Comiss&atilde;o Nacional para os ODS\" width=\"1024\" height=\"581\" srcset=\"https:\/\/radardofuturo.com.br\/test\/wp-content\/uploads\/2019\/10\/onu-ods.png 1024w, https:\/\/radardofuturo.com.br\/test\/wp-content\/uploads\/2019\/10\/onu-ods-300x170.png 300w, https:\/\/radardofuturo.com.br\/test\/wp-content\/uploads\/2019\/10\/onu-ods-768x436.png 768w, https:\/\/radardofuturo.com.br\/test\/wp-content\/uploads\/2019\/10\/onu-ods-696x395.png 696w\" sizes=\"auto, (max-width: 1024px) 100vw, 1024px\"><\/a><figcaption id=\"caption-attachment-7700\" class=\"wp-caption-text\">Evento que acontecer&aacute; nesta quinta-feira abre rodada nacional do Grupo de Trabalho da Sociedade Civil para a agenda 2030, que percorrer&aacute; as outras quatro regi&otilde;es do pa&iacute;s. Foto: ONU<\/figcaption><\/figure>\n<p><!--more-->Os projetos Data Labe\/ Coc&ocirc;zap, da comunidade da Mar&eacute;, que vem alertando como a falta de &aacute;gua e saneamento afetam a preven&ccedil;&atilde;o do coronav&iacute;rus nas favelas e o Coletivo Rocinha Resiste, rede de coopera&ccedil;&atilde;o formada por pessoas ligadas &agrave; maior favela da Am&eacute;rica Latina, v&atilde;o apresentar suas experi&ecirc;ncias no combate &agrave; pandemia, durante um debate nacional, que em apoio e respeito &agrave;s medidas de distanciamento social impostas pela maior parte dos estados brasileiros durante o combate ao avan&ccedil;o da pandemia de Covid-19, acontecer&aacute; no formato on-line, das 9h &agrave;s 12h. Para participar, basta acessar o canal do Grupo de Trabalho da Sociedade Civil para a Agenda 2030, GT Agenda 2030, no YouTube, pelo link: <a href=\"https:\/\/tinyurl.com\/debate-rj-ods\" target=\"_blank\" rel=\"noopener\">https:\/\/tinyurl.com\/debate-rj-ods<\/a> .<\/p>\n<p>A ideia &eacute; levar um pouco dessas inciativas a outras &aacute;reas pobres do pa&iacute;s. Al&eacute;m deles, o encontro ter&aacute; a participa&ccedil;&atilde;o de representantes da Fiocruz, Casa Fluminense, REBRAPD, Action Aid e pesquisadores da UFRJ. O debate tamb&eacute;m abordar&aacute; a quest&atilde;o da crise da &aacute;gua, que acometeu a Regi&atilde;o Metropolitana do Rio e munic&iacute;pios vizinhos nos dois primeiros meses do ano, per&iacute;odo pr&eacute;-pandemia.<\/p>\n<p>O encontro faz parte do calend&aacute;rio de atividades do GT Agenda 2030, coaliz&atilde;o de organiza&ccedil;&otilde;es da sociedade civil brasileira que dissemina e monitora a implementa&ccedil;&atilde;o dos Objetivos de Desenvolvimento Sustent&aacute;vel (ODS) no Brasil. Esta edi&ccedil;&atilde;o &eacute; capitaneada tamb&eacute;m pelo Instituto Democracia e Sociedade (IDS). Ela abrir&aacute; a rodada de debates que percorre todos os anos todas as regi&otilde;es do pa&iacute;s, que tem o apoio da Uni&atilde;o Europeia.<\/p>\n<p>&ldquo;Hoje a popula&ccedil;&atilde;o carioca vive uma situa&ccedil;&atilde;o dram&aacute;tica. Menos de 60% do esgoto da cidade &eacute; coletado e s&oacute; 42,87% do total de esgoto gerado &eacute; tratado. Um problema t&atilde;o grave, que afeta a sa&uacute;de das pessoas e o bem-estar de toda a cidade, continua sendo postergado pelos governos. O Rio precisa de uma solu&ccedil;&atilde;o urgente&rdquo;, afirma Carolina Mattar, coordenadora executiva do IDS &ndash; Instituto Democracia e Sustentabilidade e uma das facilitadoras do GT Agenda 2030.<\/p>\n<p>S&atilde;o caracter&iacute;sticas como esta que v&ecirc;m preocupando autoridades e pesquisadores em sa&uacute;de p&uacute;blica de v&aacute;rias institui&ccedil;&otilde;es nacionais porque, segundo eles, t&ecirc;m contribu&iacute;do para o crescimento no n&uacute;mero de casos confirmados e de mortes pelo novo coronav&iacute;rus nas favelas da cidade. Um levantamento feito pelo site de Not&iacute;cias UOL, com base no Painel de dados da Covid-19 da Prefeitura do Rio, mostrou que, em um m&ecirc;s, os &oacute;bitos causados pela doen&ccedil;a aumentaram dez vezes. Em 8 de abril, haviam sido registradas sete mortes e 43 casos em 13 comunidades. Em 10 de maio eram ao menos 81 mortes e 422 casos confirmados da Covid-19.<\/p>\n<p>&ldquo;A atividade virtual objetiva ampliar as discuss&otilde;es sobre a Agenda 2030 atrav&eacute;s de quest&otilde;es locais que afetam a cidade no seu dia a dia. Soma-se a este cen&aacute;rio de problemas estruturais no campo do saneamento b&aacute;sico que h&aacute; d&eacute;cadas assolam a cidade, uma forte crise h&iacute;drica que ainda &eacute; tema central dos debates p&uacute;blicos&rdquo;, explicou Richarlls Martins, da Rede Brasileira de Popula&ccedil;&atilde;o e Desenvolvimento (REBRAPD).<\/p>\n<p>O debate p&uacute;blico &lsquo;Justi&ccedil;a Socioambiental e Saneamento no Rio de Janeiro: pensando as cidades em tempos de pandemia&rsquo; articula estes temas para pensar a sustentabilidade da cidade &agrave;s v&eacute;speras das elei&ccedil;&otilde;es municipais, em meio a uma crise sanit&aacute;ria de propor&ccedil;&otilde;es mundiais e como a Agenda 2030 pode contribuir com esse processo.<\/p>\n<p>Conforme demonstrou o Relat&oacute;rio Luz da Sociedade Civil para Agenda 2030, elaborado pelos especialistas do grupo de trabalho e que em sua 3&ordf; edi&ccedil;&atilde;o analisou a implementa&ccedil;&atilde;o dos 17 ODS no Brasil a partir de dados oficiais, apesar de ser signat&aacute;rio das resolu&ccedil;&otilde;es da ONU que reconhecem e reafirmam o acesso &agrave; &aacute;gua e ao saneamento (esgotamento sanit&aacute;rio) enquanto um direito humano, as condi&ccedil;&otilde;es, dados e proje&ccedil;&otilde;es no nosso pa&iacute;s indicam grandes dificuldades para alcan&ccedil;ar o ODS 6: Assegurar a disponibilidade e gest&atilde;o sustent&aacute;vel da &aacute;gua e saneamento para todas e todos.<\/p>\n<p>Como tarefa para que o Brasil e suas cidades iniciem uma caminhada para cumprir o ODS 6 da Agenda 2030, os experts do GT recomendaram garantir a participa&ccedil;&atilde;o social efetiva em todos os n&iacute;veis de tomada de decis&atilde;o sobre recursos h&iacute;dricos e saneamento, com aten&ccedil;&atilde;o &agrave; inclus&atilde;o de comunidades tradicionais ou em vulnerabilidade social, estabelecendo e implementando estrat&eacute;gia para universalizar o acesso &agrave; &aacute;gua e aos servi&ccedil;os de saneamento; preservar a vegeta&ccedil;&atilde;o existente e restaurar ecossistemas a fim de proteger as &aacute;guas do pa&iacute;s; incorporar o direito ao saneamento b&aacute;sico no Artigo 5&ordm; da Constitui&ccedil;&atilde;o Federal, entre outras estrat&eacute;gias.<\/p>\n<p><span class=\"td_btn td_btn_md td_round_btn\">SERVI&Ccedil;O<\/span><\/p>\n<h2>1&ordm; Debate P&uacute;blico nacional GT Agenda 2030<\/h2>\n<h4>&ldquo;Justi&ccedil;a Socioambiental e Saneamento no Rio de Janeiro: Pensando as Cidades em tempos de pandemia&rdquo;<\/h4>\n<p>Data: 28\/05, quinta-feira<\/p>\n<ul>\n<li>\n<h4>9h30 &ndash; 9h45: Mesa de Abertura<\/h4>\n<\/li>\n<\/ul>\n<p>Media&ccedil;&atilde;o: Richarlls Martins (REBRAPD)<\/p>\n<p>Carolina Mattar (IDS), Francisco Menezes (Action Aid) e Vitor Mihessen (Casa Fluminense)<\/p>\n<h4>9h45 &ndash; 10h45: Mesa 1 &ndash; Cidades sustent&aacute;veis, Saneamento e Seguran&ccedil;a H&iacute;drica em Tempos de Pandemia<\/h4>\n<p>Media&ccedil;&atilde;o: L&iacute;via Salles (Action Aid)<\/p>\n<p>Expositores: Ana Lucia Britto (UFRJ), Guilherme Franco Netto (FIOCRUZ), Guilherme Checco (IDS)<\/p>\n<h4>10h50 &agrave;s 11h50: Mesa 2 &ndash; Justi&ccedil;a s&oacute;cio-territorial e Cidade em Tempos de Pandemia<\/h4>\n<p>Media&ccedil;&atilde;o: Th&aacute;bara Garcia (Casa Fluminense)<\/p>\n<p>Expositoras: Juliana Marques (Data_Labe\/Cocozap), Magda Gomes (Coletivo Rocinha Resiste)<\/p>\n<h4>11h50 &ndash; 12h: Encerramento<\/h4>\n<p>&nbsp;<\/p>\n","protected":false},"excerpt":{"rendered":"","protected":false},"author":1,"featured_media":7700,"comment_status":"closed","ping_status":"closed","sticky":false,"template":"","format":"standard","meta":{"tdm_status":"","tdm_grid_status":"","footnotes":"","jetpack_publicize_message":"","jetpack_publicize_feature_enabled":true,"jetpack_social_post_already_shared":true,"jetpack_social_options":{"image_generator_settings":{"template":"highway","enabled":false},"version":2}},"categories":[18],"tags":[],"class_list":{"0":"post-10832","1":"post","2":"type-post","3":"status-publish","4":"format-standard","5":"has-post-thumbnail","7":"category-eventos"},"jetpack_publicize_connections":[],"jetpack_featured_media_url":"https:\/\/radardofuturo.com.br\/test\/wp-content\/uploads\/2019\/10\/onu-ods.png","post_mailing_queue_ids":[],"_links":{"self":[{"href":"https:\/\/radardofuturo.com.br\/test\/wp-json\/wp\/v2\/posts\/10832","targetHints":{"allow":["GET"]}}],"collection":[{"href":"https:\/\/radardofuturo.com.br\/test\/wp-json\/wp\/v2\/posts"}],"about":[{"href":"https:\/\/radardofuturo.com.br\/test\/wp-json\/wp\/v2\/types\/post"}],"author":[{"embeddable":true,"href":"https:\/\/radardofuturo.com.br\/test\/wp-json\/wp\/v2\/users\/1"}],"replies":[{"embeddable":true,"href":"https:\/\/radardofuturo.com.br\/test\/wp-json\/wp\/v2\/comments?post=10832"}],"version-history":[{"count":0,"href":"https:\/\/radardofuturo.com.br\/test\/wp-json\/wp\/v2\/posts\/10832\/revisions"}],"wp:featuredmedia":[{"embeddable":true,"href":"https:\/\/radardofuturo.com.br\/test\/wp-json\/wp\/v2\/media\/7700"}],"wp:attachment":[{"href":"https:\/\/radardofuturo.com.br\/test\/wp-json\/wp\/v2\/media?parent=10832"}],"wp:term":[{"taxonomy":"category","embeddable":true,"href":"https:\/\/radardofuturo.com.br\/test\/wp-json\/wp\/v2\/categories?post=10832"},{"taxonomy":"post_tag","embeddable":true,"href":"https:\/\/radardofuturo.com.br\/test\/wp-json\/wp\/v2\/tags?post=10832"}],"curies":[{"name":"wp","href":"https:\/\/api.w.org\/{rel}","templated":true}]}}