{"id":1081,"date":"2018-05-09T10:16:14","date_gmt":"2018-05-09T13:16:14","guid":{"rendered":"https:\/\/radardofuturo.com.br\/?p=1081"},"modified":"2018-05-09T10:16:14","modified_gmt":"2018-05-09T13:16:14","slug":"confeccao-4-0-ganha-impulso","status":"publish","type":"post","link":"https:\/\/radardofuturo.com.br\/test\/confeccao-4-0-ganha-impulso\/","title":{"rendered":"Confec\u00e7\u00e3o 4.0: ind\u00fastrias avan\u00e7am com oito projetos"},"content":{"rendered":"<figure id=\"attachment_1083\" aria-describedby=\"caption-attachment-1083\" style=\"width: 980px\" class=\"wp-caption aligncenter\"><a href=\"https:\/\/radardofuturo.com.br\/test\/wp-content\/uploads\/2018\/05\/Senai-Cetiqt-imagens-MBI-2-encontro.jpg\"><img loading=\"lazy\" decoding=\"async\" class=\"wp-image-1083 size-full\" src=\"https:\/\/radardofuturo.com.br\/test\/wp-content\/uploads\/2018\/05\/Senai-Cetiqt-imagens-MBI-2-encontro.jpg\" alt=\"Oito projetos de Confec&ccedil;&atilde;o 4.0 j&aacute; est&atilde;o em fase de desenvolvimento de produto Foto:divulga&ccedil;&atilde;o\" width=\"980\" height=\"653\" srcset=\"https:\/\/radardofuturo.com.br\/test\/wp-content\/uploads\/2018\/05\/Senai-Cetiqt-imagens-MBI-2-encontro.jpg 980w, https:\/\/radardofuturo.com.br\/test\/wp-content\/uploads\/2018\/05\/Senai-Cetiqt-imagens-MBI-2-encontro-300x200.jpg 300w, https:\/\/radardofuturo.com.br\/test\/wp-content\/uploads\/2018\/05\/Senai-Cetiqt-imagens-MBI-2-encontro-768x512.jpg 768w, https:\/\/radardofuturo.com.br\/test\/wp-content\/uploads\/2018\/05\/Senai-Cetiqt-imagens-MBI-2-encontro-480x320.jpg 480w\" sizes=\"auto, (max-width: 980px) 100vw, 980px\"><\/a><figcaption id=\"caption-attachment-1083\" class=\"wp-caption-text\">Lideran&ccedil;as de empresas do setor t&ecirc;xtil e de confec&ccedil;&atilde;o participaram do segundo encontro do MBI em Ind&uacute;stria Avan&ccedil;ada para implanta&ccedil;&atilde;o da confec&ccedil;&atilde;o 4.0<\/figcaption><\/figure>\n<p><!--more--><\/p>\n<p>Radar do Futuro<\/p>\n<p>Empres&aacute;rios e executivos do setor t&ecirc;xtil e de confec&ccedil;&atilde;o de todo o pa&iacute;s se reuniram mais uma vez,&nbsp;na sexta-feira, 4 de maio, para juntos organizarem os primeiros passos rumo &agrave; Ind&uacute;stria 4.0. E est&atilde;o empolgados com o desafio. J&aacute; come&ccedil;aram a planejar oito projetos de Confec&ccedil;&atilde;o Avan&ccedil;ada para o in&iacute;cio da implanta&ccedil;&atilde;o deste novo processo produtivo.<\/p>\n<p>O trabalho vem sendo realizado por meio da p&oacute;s-gradua&ccedil;&atilde;o em&nbsp;Master Business Innovation (MBI) Ind&uacute;stria Avan&ccedil;ada: Confec&ccedil;&atilde;o 4.0, promovido pelo SENAI CETIQT, institui&ccedil;&atilde;o que &eacute; refer&ecirc;ncia em forma&ccedil;&atilde;o de m&atilde;o de obra para o setor e consultoria t&ecirc;xtil, no Rio de Janeiro.<\/p>\n<p>&ldquo;S&atilde;o oito projetos desenvolvidos por pessoas de m&uacute;ltiplas &aacute;reas de conhecimento. Est&atilde;o presentes empresas do setor t&ecirc;xtil, de confec&ccedil;&atilde;o, representantes da &aacute;rea de tecnologia e profissionais do SENAI. Da nossa primeira imers&atilde;o no tema, em abril passado, surgiu a ideia do posicionamento de cada grupo. E agora, na continuidade, estamos discutindo o produto para atender a esse posicionamento&rdquo;, disse Robson Wanka, gerente de educa&ccedil;&atilde;o do SENAI CETIQT durante a segunda aula do MBI<\/p>\n<h2>Identifica&ccedil;&atilde;o de demandas<\/h2>\n<p>Os participantes do evento est&atilde;o discutindo quais s&atilde;o as demandas da sociedade em termos de produtos para definir, ent&atilde;o, seus nichos de atua&ccedil;&atilde;o. Al&eacute;m de buscar qual produto melhor se encaixa nesses nichos, eles ir&atilde;o discutir tamb&eacute;m quais os materiais b&aacute;sicos e avan&ccedil;ados mais adequados para que esse produto atenda a essa necessidade de mercado&rdquo;.<\/p>\n<p>&ldquo;A provoca&ccedil;&atilde;o que o MBI est&aacute; promovendo em n&oacute;s &eacute; extraordin&aacute;rio. Estamos sendo instigados a pensar de outras maneiras para sermos mais assertivos nessa integra&ccedil;&atilde;o tecnol&oacute;gica de toda a cadeia t&ecirc;xtil. Colocar 40 pessoas interagindo; 40 l&iacute;deres com opini&otilde;es fortes e apaixonadas e usar essas paix&otilde;es para repensar a manufatura &eacute; um desafio fascinante&rdquo;, pontuou Jos&eacute; Maria Fort, da empresa T&ecirc;xtil Canatiba, de Santa B&aacute;rbara d&rsquo;Oeste, no interior de S&atilde;o Paulo.<\/p>\n<p>O&nbsp;MBI em Ind&uacute;stria Avan&ccedil;ada: Confec&ccedil;&atilde;o 4.0&nbsp;seguir&aacute; por cinco eixos tem&aacute;ticos; Estrat&eacute;gias de Inova&ccedil;&atilde;o e Posicionamento de Neg&oacute;cio e Materiais e Produtos j&aacute; foram abordados nas duas primeiras aulas. As pr&oacute;ximas ter&atilde;o como tema: Processo Produtivo; Confec&ccedil;&atilde;o 4.0; e Projeto e An&aacute;lise de Viabilidade.<\/p>\n<h2>Estrat&eacute;gias<\/h2>\n<p>Para incentivar a imers&atilde;o nesses temas, os participantes ter&atilde;o a orienta&ccedil;&atilde;o de especialistas do Brasil e do exterior. Al&eacute;m de professores do pr&oacute;prio SENAI CETIQT, o corpo docente tamb&eacute;m conta com profissionais da universidade alem&atilde; de Aachen, especializada em automa&ccedil;&atilde;o industrial; do MIT (Massachusetts Institute of Technology) e do ITA (Instituto Tecnol&oacute;gico de Aeron&aacute;utica), entre outros. &ldquo;O MBI vai facilitar a defini&ccedil;&atilde;o de estrat&eacute;gias e os pr&oacute;ximos passos da implanta&ccedil;&atilde;o do modelo 4.0 na &aacute;rea t&ecirc;xtil, reunindo empresas e financiadores&rdquo;, resumiu Wanka.<\/p>\n<p>Ao longo da especializa&ccedil;&atilde;o, os alunos-executivos contam com aulas, palestras e videoaulas colaborativas. Eles t&ecirc;m acesso a uma plataforma exclusiva onde podem compartilhar o andamento de seus projetos e interagir com os trabalhos dos outros grupos, em um f&oacute;rum. Al&eacute;m disso, professores e alunos compartilham conte&uacute;do a fim de enriquecer ainda mais o conhecimento.<\/p>\n<p>&ldquo;Estou achando o MBI muito interessante. O&nbsp;networking, a troca de informa&ccedil;&otilde;es e tudo que pode ser feito para integrar, desde a confec&ccedil;&atilde;o at&eacute; o cliente final, &eacute; um mundo novo. Como entender melhor meu cliente e trabalhar de forma mais personalizada ir&aacute; agregar mais valor ao produto, al&eacute;m de ser uma exig&ecirc;ncia do cliente&rdquo;, disse Ana Am&eacute;lia Rabelo, dona da Lalie Lalou,&nbsp;empresa de lingerie de Nova Friburgo, regi&atilde;o serrana do Rio de Janeiro.<\/p>\n<p>O MBI ter&aacute; dura&ccedil;&atilde;o de 360 horas, com seis encontros presenciais at&eacute; outubro, em fins de semana, em um hotel na Barra da Tijuca, no Rio de Janeiro; al&eacute;m de aulas na unidade Riachuelo do SENAI CETIQT, onde h&aacute; uma planta piloto automatizada. Na mini f&aacute;brica 4.0, o sistema come&ccedil;a a funcionar a partir de um espelho virtual, no qual o cliente se posiciona para tirar suas medidas e escolher a pe&ccedil;a que ser&aacute; fabricada. Em 20 minutos, a roupa est&aacute; pronta e embalada.<\/p>\n<p>&ldquo;O sonho est&aacute; se materializando. Come&ccedil;amos a dar corpo a uma comunidade que pode construir na pr&aacute;tica a f&aacute;brica do futuro. Para isso, &eacute; preciso unir v&aacute;rias compet&ecirc;ncias. Temos rodado continentes e estamos muito satisfeitos em constatar que caminhamos lado a lado com o que h&aacute; de melhor no mundo em termos de Ind&uacute;stria 4.0. A implementa&ccedil;&atilde;o no setor t&ecirc;xtil brasileiro come&ccedil;ou&rdquo;, conclui Fernando Pimentel, presidente da&nbsp;Associa&ccedil;&atilde;o Brasileira da Ind&uacute;stria T&ecirc;xtil e de Confec&ccedil;&atilde;o&nbsp;&ndash; ABIT.<\/p>\n<p>Com informa&ccedil;&otilde;es da Assessoria de Imprensa<\/p>\n<p>&nbsp;<\/p>\n<p>[amazon_link asins=&rsquo;B07C3JC6L7,8593632009,1484220463&prime; template=&rsquo;ProductCarousel&rsquo; store=&rsquo;oportunidad0f-20&prime; marketplace=&rsquo;BR&rsquo; link_id=&rsquo;225fe72e-538b-11e8-8790-61482d43c192&prime;]<\/p>\n","protected":false},"excerpt":{"rendered":"","protected":false},"author":1,"featured_media":1083,"comment_status":"open","ping_status":"open","sticky":false,"template":"","format":"standard","meta":{"tdm_status":"","tdm_grid_status":"","footnotes":"","jetpack_publicize_message":"","jetpack_publicize_feature_enabled":true,"jetpack_social_post_already_shared":true,"jetpack_social_options":{"image_generator_settings":{"template":"highway","enabled":false},"version":2}},"categories":[19,16],"tags":[472,475,346,524],"class_list":{"0":"post-1081","1":"post","2":"type-post","3":"status-publish","4":"format-standard","5":"has-post-thumbnail","7":"category-insights","8":"category-tendencias-setores","9":"tag-confeccao-4-0","10":"tag-futuro-da-industria","11":"tag-industria-4-0","12":"tag-industrias-4-0"},"jetpack_publicize_connections":[],"jetpack_featured_media_url":"https:\/\/radardofuturo.com.br\/test\/wp-content\/uploads\/2018\/05\/Senai-Cetiqt-imagens-MBI-2-encontro.jpg","post_mailing_queue_ids":[],"_links":{"self":[{"href":"https:\/\/radardofuturo.com.br\/test\/wp-json\/wp\/v2\/posts\/1081","targetHints":{"allow":["GET"]}}],"collection":[{"href":"https:\/\/radardofuturo.com.br\/test\/wp-json\/wp\/v2\/posts"}],"about":[{"href":"https:\/\/radardofuturo.com.br\/test\/wp-json\/wp\/v2\/types\/post"}],"author":[{"embeddable":true,"href":"https:\/\/radardofuturo.com.br\/test\/wp-json\/wp\/v2\/users\/1"}],"replies":[{"embeddable":true,"href":"https:\/\/radardofuturo.com.br\/test\/wp-json\/wp\/v2\/comments?post=1081"}],"version-history":[{"count":0,"href":"https:\/\/radardofuturo.com.br\/test\/wp-json\/wp\/v2\/posts\/1081\/revisions"}],"wp:featuredmedia":[{"embeddable":true,"href":"https:\/\/radardofuturo.com.br\/test\/wp-json\/wp\/v2\/media\/1083"}],"wp:attachment":[{"href":"https:\/\/radardofuturo.com.br\/test\/wp-json\/wp\/v2\/media?parent=1081"}],"wp:term":[{"taxonomy":"category","embeddable":true,"href":"https:\/\/radardofuturo.com.br\/test\/wp-json\/wp\/v2\/categories?post=1081"},{"taxonomy":"post_tag","embeddable":true,"href":"https:\/\/radardofuturo.com.br\/test\/wp-json\/wp\/v2\/tags?post=1081"}],"curies":[{"name":"wp","href":"https:\/\/api.w.org\/{rel}","templated":true}]}}