{"id":1061,"date":"2018-05-08T11:06:14","date_gmt":"2018-05-08T14:06:14","guid":{"rendered":"https:\/\/radardofuturo.com.br\/?p=1061"},"modified":"2018-05-08T11:06:14","modified_gmt":"2018-05-08T14:06:14","slug":"minas-reforca-posicao-da-industria-eletrica","status":"publish","type":"post","link":"https:\/\/radardofuturo.com.br\/test\/minas-reforca-posicao-da-industria-eletrica\/","title":{"rendered":"Minas refor\u00e7a posi\u00e7\u00e3o da ind\u00fastria el\u00e9trica"},"content":{"rendered":"<figure id=\"attachment_1064\" aria-describedby=\"caption-attachment-1064\" style=\"width: 960px\" class=\"wp-caption aligncenter\"><a href=\"https:\/\/radardofuturo.com.br\/test\/wp-content\/uploads\/2018\/05\/eletricidade-geracao-de-eletricidade-imagem-pixabay.jpg\"><img loading=\"lazy\" decoding=\"async\" class=\"size-full wp-image-1064\" src=\"https:\/\/radardofuturo.com.br\/test\/wp-content\/uploads\/2018\/05\/eletricidade-geracao-de-eletricidade-imagem-pixabay.jpg\" alt=\"Investimento em laborat&oacute;rio de testes fortalece a inova&ccedil;&atilde;o do setor de eletricidade - foto: Pixabay\" width=\"960\" height=\"640\" srcset=\"https:\/\/radardofuturo.com.br\/test\/wp-content\/uploads\/2018\/05\/eletricidade-geracao-de-eletricidade-imagem-pixabay.jpg 960w, https:\/\/radardofuturo.com.br\/test\/wp-content\/uploads\/2018\/05\/eletricidade-geracao-de-eletricidade-imagem-pixabay-300x200.jpg 300w, https:\/\/radardofuturo.com.br\/test\/wp-content\/uploads\/2018\/05\/eletricidade-geracao-de-eletricidade-imagem-pixabay-768x512.jpg 768w, https:\/\/radardofuturo.com.br\/test\/wp-content\/uploads\/2018\/05\/eletricidade-geracao-de-eletricidade-imagem-pixabay-480x320.jpg 480w\" sizes=\"auto, (max-width: 960px) 100vw, 960px\"><\/a><figcaption id=\"caption-attachment-1064\" class=\"wp-caption-text\">Investimento em laborat&oacute;rio de testes fortalece a inova&ccedil;&atilde;o do setor de eletricidade<\/figcaption><\/figure>\n<p><!--more--><\/p>\n<p>Reda&ccedil;&atilde;o<br>\nRadar do Futuro<\/p>\n<p>Caso as condi&ccedil;&otilde;es pol&iacute;ticas n&atilde;o sofram efeitos de interfer&ecirc;ncias negativas do cen&aacute;rio futuro, o Sul de Minas tende se consolidar como o maior centro de inova&ccedil;&atilde;o no setor el&eacute;trico da Am&eacute;rica Latina nos pr&oacute;ximos anos. Ser&aacute; o resultado da&nbsp;combina&ccedil;&atilde;o entre investimentos privados e estatais. Recursos e projetos est&atilde;o gerando um complexo laboratorial que vai atender &agrave; demanda da ind&uacute;stria el&eacute;trica e eletr&ocirc;nica por testes de alta-tens&atilde;o, alta pot&ecirc;ncia, eleva&ccedil;&atilde;o de temperatura e ensaios mec&acirc;nicos, entre outros, essenciais &agrave; competitividade da ind&uacute;stria.<\/p>\n<p>Os investidores das ind&uacute;strias e do governo do Estado esperam que a estrutura esteja pronta em 2020 para o in&iacute;cio das opera&ccedil;&otilde;es. Tendo como refer&ecirc;ncia a regi&atilde;o de Itajub&aacute;, o desenvolvimento depende do sucesso de um investimento de&nbsp;R$ 425 milh&otilde;es que est&aacute; sendo realizado pelo Servi&ccedil;o Nacional de Aprendizagem Industrial (Senai), com financiamento do BNDES, e o governo de Minas &ndash; por meio da Companhia de Desenvolvimento de Minas Gerais (Codemge), Cemig e Funda&ccedil;&atilde;o de Amparo &agrave; Pesquisa do Estado de Minas Gerais (Fapemig).<\/p>\n<p>Testes de equipamentos como transformadores, por exemplo, de usinas como a de Belo Monte, s&atilde;o feitos na Europa a um custo elevado de deslocamento. A falta de laborat&oacute;rio de testes amplia as dificuldades dificuldades envolvidas&nbsp;no desenvolvimento de produtos locais. Al&eacute;m disso, mesmo no mercado externo a oferta desse tipo de servi&ccedil;o &eacute; pequena.<\/p>\n<h2>Gera&ccedil;&atilde;o de empregos<\/h2>\n<p>Olavo Machado, presidente da Federa&ccedil;&atilde;o das Ind&uacute;strias do Estado de Minas Gerais (Fiemg), acredita que ser&aacute; &ldquo;grande o potencial da iniciativa para a gera&ccedil;&atilde;o de neg&oacute;cios, emprego, renda, arrecada&ccedil;&atilde;o tribut&aacute;ria, al&eacute;m do desenvolvimento de pesquisa para a inova&ccedil;&atilde;o e gera&ccedil;&atilde;o de solu&ccedil;&otilde;es a serem ofertadas no mercado&rdquo;. Atualmente, a produ&ccedil;&atilde;o brasileira de m&aacute;quinas e equipamentos el&eacute;tricos &eacute; de cerca de R$ 75 bilh&otilde;es ao ano. Apesar disso, esse mercado importa grande parte dos produtos: em 2017 foram R$ 21,59 bilh&otilde;es contra a exporta&ccedil;&atilde;o de apenas R$ 8 bilh&otilde;es.<\/p>\n<p>O projeto, foi iniciado em 2015, e j&aacute; atrai o interesse de empresas do setor, especialmente estrangeiras, interessadas em se instalar nas proximidades do laborat&oacute;rio. Um grupo chin&ecirc;s j&aacute; teria reservado extensa &aacute;rea para se instalar em Itajub&aacute;, assim como a norte-americana Siva Power, l&iacute;der em tecnologia avan&ccedil;ada de fabrica&ccedil;&atilde;o de m&oacute;dulos solares, que anunciou investimento de R$ 800 milh&otilde;es na instala&ccedil;&atilde;o, tamb&eacute;m na cidade, de uma f&aacute;brica de pain&eacute;is fotovoltaicos, dispositivos utilizados pela ind&uacute;stria de gera&ccedil;&atilde;o de energia solar.<\/p>\n<p>Enquanto o Senai vai investir R$ 125 milh&otilde;es e buscar outros R$ 188 milh&otilde;es junto ao BNDES, a Cemig e Fapemig v&atilde;o disponibilizar R$ 40 milh&otilde;es cada para o desenvolvimento de projetos e pesquisa. Caber&aacute; &agrave; Codemge aplicar R$ 32 milh&otilde;es na constru&ccedil;&atilde;o do edif&iacute;cio de 60 mil metros quadrados &ndash; denominado m&oacute;dulo C, destinado &agrave; instala&ccedil;&atilde;o do laborat&oacute;rio. De acordo com Marco Ant&ocirc;nio Castello Branco, diretor presidente da Codemge, o pr&eacute;dio ser&aacute; constru&iacute;do em 30 meses. Durante 50 anos, o Senai ter&aacute; um aluguel subsidiado da propriedade.<\/p>\n<p>O recurso aplicado pelo governo mineiro possibilitar&aacute; ganhos em infraestrutura, pesquisa e desenvolvimetno, al&eacute;m de potencializar a produtividade e gera&ccedil;&atilde;o de emprego e renda na regi&atilde;o.&nbsp;&ldquo;Dado o protagonismo que Minas tem no setor de materiais el&eacute;tricos &ndash; e a regi&atilde;o de Itajub&aacute; se mostrou relevante por sua localiza&ccedil;&atilde;o e pelas universidades e n&uacute;cleos de pesquisa instalados &ndash; para receber o centro de inova&ccedil;&atilde;o na &aacute;rea de transformadores de alta pot&ecirc;ncia, de alta-tens&atilde;o, tudo ligado aos produtos que s&atilde;o necess&aacute;rios para os setores de transmiss&atilde;o e distribui&ccedil;&atilde;o de eletricidade&rdquo;, assinala Castello Branco.<\/p>\n<p>&nbsp;<\/p>\n","protected":false},"excerpt":{"rendered":"","protected":false},"author":1,"featured_media":1064,"comment_status":"open","ping_status":"open","sticky":false,"template":"","format":"standard","meta":{"tdm_status":"","tdm_grid_status":"","footnotes":"","jetpack_publicize_message":"","jetpack_publicize_feature_enabled":true,"jetpack_social_post_already_shared":true,"jetpack_social_options":{"image_generator_settings":{"template":"highway","enabled":false},"version":2}},"categories":[20,16],"tags":[517,519,47,518,516],"class_list":{"0":"post-1061","1":"post","2":"type-post","3":"status-publish","4":"format-standard","5":"has-post-thumbnail","7":"category-destaques","8":"category-tendencias-setores","9":"tag-eletricidade","10":"tag-industria-eletrica","11":"tag-inovacao","12":"tag-investimento","13":"tag-setor-eletrico"},"jetpack_publicize_connections":[],"jetpack_featured_media_url":"https:\/\/radardofuturo.com.br\/test\/wp-content\/uploads\/2018\/05\/eletricidade-geracao-de-eletricidade-imagem-pixabay.jpg","post_mailing_queue_ids":[],"_links":{"self":[{"href":"https:\/\/radardofuturo.com.br\/test\/wp-json\/wp\/v2\/posts\/1061","targetHints":{"allow":["GET"]}}],"collection":[{"href":"https:\/\/radardofuturo.com.br\/test\/wp-json\/wp\/v2\/posts"}],"about":[{"href":"https:\/\/radardofuturo.com.br\/test\/wp-json\/wp\/v2\/types\/post"}],"author":[{"embeddable":true,"href":"https:\/\/radardofuturo.com.br\/test\/wp-json\/wp\/v2\/users\/1"}],"replies":[{"embeddable":true,"href":"https:\/\/radardofuturo.com.br\/test\/wp-json\/wp\/v2\/comments?post=1061"}],"version-history":[{"count":0,"href":"https:\/\/radardofuturo.com.br\/test\/wp-json\/wp\/v2\/posts\/1061\/revisions"}],"wp:featuredmedia":[{"embeddable":true,"href":"https:\/\/radardofuturo.com.br\/test\/wp-json\/wp\/v2\/media\/1064"}],"wp:attachment":[{"href":"https:\/\/radardofuturo.com.br\/test\/wp-json\/wp\/v2\/media?parent=1061"}],"wp:term":[{"taxonomy":"category","embeddable":true,"href":"https:\/\/radardofuturo.com.br\/test\/wp-json\/wp\/v2\/categories?post=1061"},{"taxonomy":"post_tag","embeddable":true,"href":"https:\/\/radardofuturo.com.br\/test\/wp-json\/wp\/v2\/tags?post=1061"}],"curies":[{"name":"wp","href":"https:\/\/api.w.org\/{rel}","templated":true}]}}