{"id":1047,"date":"2018-05-08T15:05:18","date_gmt":"2018-05-08T18:05:18","guid":{"rendered":"https:\/\/radardofuturo.com.br\/?p=1047"},"modified":"2018-05-08T15:05:18","modified_gmt":"2018-05-08T18:05:18","slug":"o-que-vem-por-ai-centenarios-saudaveis-e-futurismo","status":"publish","type":"post","link":"https:\/\/radardofuturo.com.br\/test\/o-que-vem-por-ai-centenarios-saudaveis-e-futurismo\/","title":{"rendered":"O que vem por a\u00ed:  centen\u00e1rios saud\u00e1veis e futurismo"},"content":{"rendered":"<figure id=\"attachment_1067\" aria-describedby=\"caption-attachment-1067\" style=\"width: 960px\" class=\"wp-caption aligncenter\"><a href=\"https:\/\/radardofuturo.com.br\/test\/wp-content\/uploads\/2018\/05\/terceira-idade-com-qualidade-de-vida.jpg\"><img loading=\"lazy\" decoding=\"async\" class=\"size-full wp-image-1067\" src=\"https:\/\/radardofuturo.com.br\/test\/wp-content\/uploads\/2018\/05\/terceira-idade-com-qualidade-de-vida.jpg\" alt=\"N&atilde;o pense os centen&aacute;rios exclusivamente pelo vi&eacute;s tradicional. Eles ainda surpreender&atilde;o. foto: Pixabay\" width=\"960\" height=\"638\" srcset=\"https:\/\/radardofuturo.com.br\/test\/wp-content\/uploads\/2018\/05\/terceira-idade-com-qualidade-de-vida.jpg 960w, https:\/\/radardofuturo.com.br\/test\/wp-content\/uploads\/2018\/05\/terceira-idade-com-qualidade-de-vida-300x199.jpg 300w, https:\/\/radardofuturo.com.br\/test\/wp-content\/uploads\/2018\/05\/terceira-idade-com-qualidade-de-vida-768x510.jpg 768w, https:\/\/radardofuturo.com.br\/test\/wp-content\/uploads\/2018\/05\/terceira-idade-com-qualidade-de-vida-480x320.jpg 480w\" sizes=\"auto, (max-width: 960px) 100vw, 960px\"><\/a><figcaption id=\"caption-attachment-1067\" class=\"wp-caption-text\">N&atilde;o pense os centen&aacute;rios exclusivamente pelo vi&eacute;s tradicional. Eles ainda surpreender&atilde;o.<\/figcaption><\/figure>\n<p><!--more--><\/p>\n<figure id=\"attachment_742\" aria-describedby=\"caption-attachment-742\" style=\"width: 100px\" class=\"wp-caption alignleft\"><a href=\"https:\/\/radardofuturo.com.br\/test\/wp-content\/uploads\/2018\/03\/carlos-teixeira-jornalista-futurista-radar-do-futuro-e1521138972713.jpg\"><img loading=\"lazy\" decoding=\"async\" class=\"size-full wp-image-742\" src=\"https:\/\/radardofuturo.com.br\/test\/wp-content\/uploads\/2018\/03\/carlos-teixeira-jornalista-futurista-radar-do-futuro-e1521138972713.jpg\" alt=\"Carlos Teixeira Editor I Radar do Futuro\" width=\"100\" height=\"137\"><\/a><figcaption id=\"caption-attachment-742\" class=\"wp-caption-text\">Carlos Teixeira<br>Editor I Radar do Futuro<\/figcaption><\/figure>\n<p>Voc&ecirc; fica sabendo que o anivers&aacute;rio da tia-av&oacute; de da m&atilde;e do seu amigo foi um sucesso. A estrela da festa completou 100 aninhos com uma festa de verdade. Sem qualquer sinal de enfermeiros, cuidadores e cadeiras de rodas. Sem ambul&acirc;ncia na porta. Sem padres e rezas. Presentes apenas os parentes, alegria e o deslumbramento com a sa&uacute;de da aniversariante, respons&aacute;vel por animar os parentes mais desanimados para a dan&ccedil;a comandada por um DJ.<\/p>\n<p>Tudo bem que, hoje, a tia-av&oacute; da m&atilde;e do amigo &eacute; uma exce&ccedil;&atilde;o. Assim como a m&atilde;e do mesmo amigo. Prestes a completar 90 anos, ela revela boa sa&uacute;de para continuar a ser livre, sem gente se intrometendo com a vida dela. Apenas agora passou a tomar um rem&eacute;dio para press&atilde;o. Apenas por precau&ccedil;&atilde;o. O cora&ccedil;&atilde;o segue batendo em bom estado, como uma heran&ccedil;a familiar.<\/p>\n<p>Hist&oacute;rias de centen&aacute;rios que vivem com qualidade de vida tendem a ser mais frequentes nos pr&oacute;ximos anos. Uma oportunidade que n&atilde;o se encaixa nos an&uacute;ncios expostos pelas casas de sa&uacute;de da &ldquo;melhor idade&rdquo;. Pense al&eacute;m dos esquemas &nbsp;que associam velhice a decad&ecirc;ncia. Afinal, com os avan&ccedil;os da medicina, estamos cada vez mais pr&oacute;ximos de fazer dos 100 os novos 60.<\/p>\n<h2>Sinais do futuro<\/h2>\n<h3>Diversifica&ccedil;&atilde;o pela sobreviv&ecirc;ncia<\/h3>\n<p>Muito al&eacute;m da crise e dos sinais captados pela imprensa tradicional, h&aacute; mudan&ccedil;as no perfil do neg&oacute;cio chamado com&eacute;rcio. Exemplo:&nbsp;Em Betim, na regi&atilde;o metropolitana de Belo Horizonte, o Monte Carmo Shopping abriga uma unidade da Igreja Batista da Lagoinha. &Eacute; a busca da salva&ccedil;&atilde;o para o centro de compras inaugurado em 2014, na cidade que tem uma das f&aacute;bricas da Fiat. A igreja faz parte de novos servi&ccedil;os, ao lado da Faculdade Pit&aacute;goras, inaugurada este m&ecirc;s, da ag&ecirc;ncia dos Correios, da Receita Federal e de outras opera&ccedil;&otilde;es, digamos, fora do card&aacute;pio tradicional. &Eacute; a antecipa&ccedil;&atilde;o de uma tend&ecirc;ncia vigente nos Estados Unidos, onde os malls equilibram com&eacute;rcio, servi&ccedil;os e entretenimento.<\/p>\n<h3>Ava est&aacute; chegando<\/h3>\n<p>Voc&ecirc; ainda vai se sentir enganado ao conversar com uma imagem e achar que &eacute; gente. Afinal, os assistentes digitais est&atilde;o ficando mais humanos. Isso mesmo. Al&eacute;m de ter uma voz capaz de confundir interlocutores ao telefone, nos smartphones os chatbots come&ccedil;am a ter uma identidade visual. Como a Ava, o avatar de Autodesk Virtual Agent. Com um rosto extremamente realista, voz e um conjunto de &ldquo;emo&ccedil;&otilde;es&rdquo; fornecidas por uma empresa de intelig&ecirc;ncia artificial neozelandesa e uma startup de efeitos especiais chamada Soul Machines, est&aacute; aberta a nova temporada da intelig&ecirc;ncia artificial com cara de gente.<\/p>\n<h3>Hotelaria adota a robotiza&ccedil;&atilde;o<\/h3>\n<p>Um setor que vai apostar alto em substitui&ccedil;&atilde;o de gente por sistemas autom&aacute;ticos e computadores: a hotelaria. Os rob&ocirc;s est&atilde;o chegando, r&aacute;pidos, comunicativos, eficientes e sem necessidade de gorjeta. Dois hot&eacute;is da marca Hotel Jen, da Shangri-La Hotels and Resorts, est&atilde;o inovando no atendimento aos h&oacute;spedes. Localizados em Cingapura, os empreendimentos adotaram rob&ocirc;s aut&ocirc;nomos para fazer entregas no servi&ccedil;o de room service. Para evitar sustos nos corredores, os rob&ocirc;s usam uniformes de mordomos: Jeno, de azul turquesa, e Jena, de cor-de-rosa.<\/p>\n<h3>O desafio da biotecnologia<\/h3>\n<p>A falta de investimentos de laborat&oacute;rios brasileiros no segmento, respons&aacute;vel por grande parte das inova&ccedil;&otilde;es no mundo, amea&ccedil;a a atividade no Pa&iacute;s, que ainda se apoia no modelo de gen&eacute;ricos, enquanto a biotecnologia avan&ccedil;a no mundo. H&aacute; iniciativas no Brasil, mas s&atilde;o precariamente divulgadas. Tra&ccedil;o comum a diferentes segmentos nacionais, nos &uacute;ltimos 15 anos os laborat&oacute;rios nacionais cresceram por meio da c&oacute;pia de produtos sint&eacute;ticos que perderam a patente. O setor vai esperar apoio do governo. Que n&atilde;o vir&aacute;.<\/p>\n<h2>Indicadores<\/h2>\n<h3>Brasil &eacute; o oitavo mercado de conte&uacute;do audiovisual para internet<\/h3>\n<p>A entrega de conte&uacute;do audiovisual e de outras m&iacute;dias transmitidas pela internet, denominados de <em>Over the Top<\/em> (OTT), est&aacute; apontando para dire&ccedil;&otilde;es cada vez mais promissoras. Uma pesquisa realizada pela consultora Frost &amp; Sullivan mostrou que o Brasil &eacute; o oitavo mercado do mundo no segmento. Em 2018, a proje&ccedil;&atilde;o dever&aacute; atingir a marca de US$ 783 milh&otilde;es na Am&eacute;rica Latina devido ao uso de novas tecnologias.<\/p>\n<h3>Universidade x Judici&aacute;rio<\/h3>\n<p>Imagine que setor ficar&aacute; mais fortes nos pr&oacute;ximos anos. O judici&aacute;rio ou o ensino superior p&uacute;blico? As universidades federais custam 8 bilh&otilde;es por ano. S&oacute; a justi&ccedil;a brasileira custa dez vezes mais: 80 bilh&otilde;es, sendo 90% s&oacute; para pagamento de pessoal. O ensino superior &eacute; o&nbsp;term&ocirc;metro do desenvolvimento do Pa&iacute;s.<\/p>\n<h2>Prospectiva: entender os sinais do futuro<\/h2>\n<p>Sabe por que n&atilde;o percebemos as mudan&ccedil;as que est&atilde;o ocorrendo na sociedade ou no planeta? &Agrave;s vezes, porque as transforma&ccedil;&otilde;es s&atilde;o lentas demais. As mudan&ccedil;as clim&aacute;ticas s&atilde;o o caso mais cl&aacute;ssico das transforma&ccedil;&otilde;es excessivamente discretas. J&aacute; na d&eacute;cada de 1950 existiam os primeiros alertas para o aumento da temperatura da Terra. Agora, chegou o momento das mudan&ccedil;as se acelerarem, exponencialmente.<\/p>\n<p>Quando o cidad&atilde;o cai na real, os fen&ocirc;menos clim&aacute;ticos s&atilde;o cada vez mais severos. Como as chuvas de um m&ecirc;s que resolvem cair na cidade em um dia apenas, causando inunda&ccedil;&otilde;es. E trag&eacute;dias.<\/p>\n<p>Fica a li&ccedil;&atilde;o da semana para o ca&ccedil;ador de <a href=\"https:\/\/radardofuturo.com.br\/test\/ddof\/o-que-sao-tendencias\/\" target=\"_self\" title=\"Confira o que s&atilde;o tend&ecirc;ncias, os fatos ou fen&ocirc;menos que podem acontecer em algum momento adiante na hist&oacute;ria da sociedade, como um novo comportamento individual ou de um grupo\" class=\"encyclopedia\">tend&ecirc;ncias<\/a>: preste aten&ccedil;&atilde;o nos sinais de longo prazo.<\/p>\n<h2>Futuristas<\/h2>\n<h3>Gerd Leonhard: Humanidade x Tecnologia<\/h3>\n<p>Especializado nas mudan&ccedil;as na &aacute;rea de produ&ccedil;&atilde;o e do mercado midi&aacute;tico, com foco nas consequ&ecirc;ncias das novas tecnologias e no conceito de converg&ecirc;ncia, Gerd Leonhard &eacute; um t&iacute;pico pensador da era digital. Hoje, se dedica a divulgar o livro Humanidade x Tecnologia, em que desafia os leitores a fazer um balan&ccedil;o e a repensar a humanidade no mundo p&oacute;s-humano. A partir de duas d&eacute;cadas viajando pelo mundo e falando sobre cen&aacute;rios futuros em muitas ind&uacute;strias e culturas, o futurista avalia que, &agrave; medida que a tecnologia se desenvolve em um ritmo exponencial e redefine a forma como trabalhamos, vivemos e at&eacute; pensamos, h&aacute; uma mir&iacute;ade de perguntas n&atilde;o formuladas que dever&iacute;amos ter feito h&aacute; algum tempo.<\/p>\n<p>[amazon_link asins=&rsquo;B01IUIZBHA&rsquo; template=&rsquo;ProductCarousel&rsquo; store=&rsquo;oportunidad0f-20&prime; marketplace=&rsquo;BR&rsquo; link_id=&rsquo;ef3a538d-52e7-11e8-a20a-bb680bb708fb&rsquo;]<\/p>\n<p>[amazon_link asins=&rsquo;8525432180,B01LXCJTO4,8573126876,8539600978,B015WZM8WU&rsquo; template=&rsquo;ProductCarousel&rsquo; store=&rsquo;oportunidad0f-20&prime; marketplace=&rsquo;BR&rsquo; link_id=&rsquo;6a2e5999-52e9-11e8-8ed1-9bb021284714&prime;]<\/p>\n<p>&nbsp;<\/p>\n","protected":false},"excerpt":{"rendered":"","protected":false},"author":1,"featured_media":1067,"comment_status":"open","ping_status":"open","sticky":false,"template":"","format":"standard","meta":{"tdm_status":"","tdm_grid_status":"","footnotes":"","jetpack_publicize_message":"","jetpack_publicize_feature_enabled":true,"jetpack_social_post_already_shared":true,"jetpack_social_options":{"image_generator_settings":{"template":"highway","enabled":false},"version":2}},"categories":[20,19,497],"tags":[144,522,444,520,45,523,93,443,521],"class_list":{"0":"post-1047","1":"post","2":"type-post","3":"status-publish","4":"format-standard","5":"has-post-thumbnail","7":"category-destaques","8":"category-insights","9":"category-o-que-vem-por-ai","10":"tag-envelhecimento","11":"tag-futuro-do-mercado","12":"tag-melhor-idade","13":"tag-o-que-vem-por-ai","14":"tag-oportunidades","15":"tag-sociedade-do-futuro","16":"tag-tendencias","17":"tag-terceira-idade","18":"tag-transformacoes"},"jetpack_publicize_connections":[],"jetpack_featured_media_url":"https:\/\/radardofuturo.com.br\/test\/wp-content\/uploads\/2018\/05\/terceira-idade-com-qualidade-de-vida.jpg","post_mailing_queue_ids":[],"_links":{"self":[{"href":"https:\/\/radardofuturo.com.br\/test\/wp-json\/wp\/v2\/posts\/1047","targetHints":{"allow":["GET"]}}],"collection":[{"href":"https:\/\/radardofuturo.com.br\/test\/wp-json\/wp\/v2\/posts"}],"about":[{"href":"https:\/\/radardofuturo.com.br\/test\/wp-json\/wp\/v2\/types\/post"}],"author":[{"embeddable":true,"href":"https:\/\/radardofuturo.com.br\/test\/wp-json\/wp\/v2\/users\/1"}],"replies":[{"embeddable":true,"href":"https:\/\/radardofuturo.com.br\/test\/wp-json\/wp\/v2\/comments?post=1047"}],"version-history":[{"count":0,"href":"https:\/\/radardofuturo.com.br\/test\/wp-json\/wp\/v2\/posts\/1047\/revisions"}],"wp:featuredmedia":[{"embeddable":true,"href":"https:\/\/radardofuturo.com.br\/test\/wp-json\/wp\/v2\/media\/1067"}],"wp:attachment":[{"href":"https:\/\/radardofuturo.com.br\/test\/wp-json\/wp\/v2\/media?parent=1047"}],"wp:term":[{"taxonomy":"category","embeddable":true,"href":"https:\/\/radardofuturo.com.br\/test\/wp-json\/wp\/v2\/categories?post=1047"},{"taxonomy":"post_tag","embeddable":true,"href":"https:\/\/radardofuturo.com.br\/test\/wp-json\/wp\/v2\/tags?post=1047"}],"curies":[{"name":"wp","href":"https:\/\/api.w.org\/{rel}","templated":true}]}}