{"id":10157,"date":"2020-04-20T11:50:05","date_gmt":"2020-04-20T14:50:05","guid":{"rendered":"https:\/\/radardofuturo.com.br\/?p=10157"},"modified":"2020-04-20T11:50:05","modified_gmt":"2020-04-20T14:50:05","slug":"empregos-em-tempos-de-pandemia-o-que-esperar-do-cenario-pos-coronavirus","status":"publish","type":"post","link":"https:\/\/radardofuturo.com.br\/test\/empregos-em-tempos-de-pandemia-o-que-esperar-do-cenario-pos-coronavirus\/","title":{"rendered":"Empregos em tempos de pandemia: o que esperar do cen\u00e1rio p\u00f3s coronav\u00edrus?"},"content":{"rendered":"<figure id=\"attachment_10158\" aria-describedby=\"caption-attachment-10158\" style=\"width: 1515px\" class=\"wp-caption aligncenter\"><a href=\"https:\/\/radardofuturo.com.br\/test\/wp-content\/uploads\/2020\/04\/miseria-pobreza-foto-Jorge-Araujo-Fotos-Publicas.jpg\"><img loading=\"lazy\" decoding=\"async\" class=\"size-full wp-image-10158\" src=\"https:\/\/radardofuturo.com.br\/test\/wp-content\/uploads\/2020\/04\/miseria-pobreza-foto-Jorge-Araujo-Fotos-Publicas.jpg\" alt=\"A expectativa do mercado ap&oacute;s o Covid-19 &eacute; alarmante, espera-se que tenhamos mais de 40 milh&otilde;es de desempregados em todo o territ&oacute;rio nacional. Foto Jorge Araujo\/Fotos Publicas\" width=\"1515\" height=\"847\" srcset=\"https:\/\/radardofuturo.com.br\/test\/wp-content\/uploads\/2020\/04\/miseria-pobreza-foto-Jorge-Araujo-Fotos-Publicas.jpg 1515w, https:\/\/radardofuturo.com.br\/test\/wp-content\/uploads\/2020\/04\/miseria-pobreza-foto-Jorge-Araujo-Fotos-Publicas-300x168.jpg 300w, https:\/\/radardofuturo.com.br\/test\/wp-content\/uploads\/2020\/04\/miseria-pobreza-foto-Jorge-Araujo-Fotos-Publicas-1024x572.jpg 1024w, https:\/\/radardofuturo.com.br\/test\/wp-content\/uploads\/2020\/04\/miseria-pobreza-foto-Jorge-Araujo-Fotos-Publicas-768x429.jpg 768w, https:\/\/radardofuturo.com.br\/test\/wp-content\/uploads\/2020\/04\/miseria-pobreza-foto-Jorge-Araujo-Fotos-Publicas-696x389.jpg 696w, https:\/\/radardofuturo.com.br\/test\/wp-content\/uploads\/2020\/04\/miseria-pobreza-foto-Jorge-Araujo-Fotos-Publicas-1392x778.jpg 1392w\" sizes=\"auto, (max-width: 1515px) 100vw, 1515px\"><\/a><figcaption id=\"caption-attachment-10158\" class=\"wp-caption-text\">A expectativa do mercado ap&oacute;s o Covid-19 &eacute; alarmante, espera-se que tenhamos mais de 40 milh&otilde;es de desempregados em todo o territ&oacute;rio nacional. Foto Jorge Araujo\/Fotos Publicas<\/figcaption><\/figure>\n<p><!--more--><\/p>\n<p>F&aacute;bio Ghelfond *<\/p>\n<p>Uma coisa &eacute; certa: a Covid-19 modificou todos os planos para 2020 e vem deixando sequelas nos mais diversos segmentos. Segundo o Instituto Brasileiro de Geografia e Estat&iacute;stica (IBGE), em pesquisa divulgada no m&ecirc;s de mar&ccedil;o, a taxa de desemprego no Brasil j&aacute; atinge 11,6%, impactando cerca de 12,3 milh&otilde;es de pessoas em todo territ&oacute;rio nacional. Especialistas, por&eacute;m, se preparam para um futuro ainda mais alarmante, com expectativas de quadruplica&ccedil;&atilde;o do n&uacute;mero de brasileiros sem um emprego.<\/p>\n<p>&Eacute; natural que, em meio &agrave; tanta incerteza, grandes, m&eacute;dios e pequenos empreendedores, bem como os aut&ocirc;nomos, olhem para o cen&aacute;rio econ&ocirc;mico com preocupa&ccedil;&atilde;o. Afinal, o melhor m&eacute;todo de preven&ccedil;&atilde;o do coronav&iacute;rus &eacute; o isolamento e, por consequ&ecirc;ncia, o fechamento tempor&aacute;rio dos estabelecimentos. Esse cen&aacute;rio aflora a demiss&atilde;o em massa como uma das principais alternativas para tentar manter as contas no azul. Por&eacute;m, entendemos que o mundo como um todo mudar&aacute; drasticamente com o passar da crise.<\/p>\n<p>Uma das aliadas dos empreendedores e colaboradores neste momento &eacute; a tecnologia. Gra&ccedil;as &agrave; ela, servi&ccedil;os de delivery, por exemplo, crescem consideravelmente em todo o mundo, apontando novas <a href=\"https:\/\/radardofuturo.com.br\/test\/ddof\/o-que-sao-tendencias\/\" target=\"_self\" title=\"Confira o que s&atilde;o tend&ecirc;ncias, os fatos ou fen&ocirc;menos que podem acontecer em algum momento adiante na hist&oacute;ria da sociedade, como um novo comportamento individual ou de um grupo\" class=\"encyclopedia\">tend&ecirc;ncias<\/a> e maneiras de se olhar o mercado de trabalho a partir de agora. Tudo que era considerado urgente no primeiro bimestre do ano, deu espa&ccedil;o para uma nova vis&atilde;o de valor social e gestos interpessoais. Isso se aplica a todo o cen&aacute;rio, mas, principalmente, ao dos empregos informais e espor&aacute;dicos, como &eacute; o caso das secret&aacute;rias do lar, pintores, limpadores de piscina, entre outros.<\/p>\n<p>Esse segmento estava, de certa forma, desassistido, fazendo com que menos pessoas tivessem acesso &agrave;s oportunidades de renda extra e, at&eacute; mesmo, trabalhos regulares. Criar um local que conecta essas duas pontas contribui para que a economia continue em movimento, possibilita que a falta de empregos formais para os 11,6% de brasileiros n&atilde;o seja t&atilde;o dr&aacute;stica para a popula&ccedil;&atilde;o.<\/p>\n<p>O panorama do desemprego no Brasil n&atilde;o comporta mais o tamanho da popula&ccedil;&atilde;o que precisa trabalhar, ou seja, a quantidade de empregos n&atilde;o condiz mais com o volume de trabalhadores. Isso fica ainda mais claro quando se analisa o aumento do trabalho informal e dos casos de empreendedorismo. Assim como acontece com os motoristas e entregadores de aplicativo, que atendem conforme a demanda de servi&ccedil;o e n&atilde;o pelo regime CLT, regularizar os demais cargos cria uma demanda positiva para o mercado de trabalho.<\/p>\n<p>A expectativa do mercado ap&oacute;s o Covid-19 &eacute; alarmante, espera-se que tenhamos mais de 40 milh&otilde;es de desempregados em todo o territ&oacute;rio nacional (Fonte: XP Investimentos). Isso &eacute; 4 vezes mais do que temos hoje. Precisamos estar prontos para esse p&oacute;s, ajudar o maior n&uacute;mero de pessoas desempregadas organizando e diversificando as oportunidades para o trabalhador.<\/p>\n<hr>\n<ul>\n<li><em>F&aacute;bio Ghelfond &eacute; CEO e Co-Founder da TrampaSampa<\/em><\/li>\n<\/ul>\n","protected":false},"excerpt":{"rendered":"","protected":false},"author":1,"featured_media":10158,"comment_status":"closed","ping_status":"closed","sticky":false,"template":"","format":"standard","meta":{"tdm_status":"","tdm_grid_status":"","footnotes":"","jetpack_publicize_message":"","jetpack_publicize_feature_enabled":true,"jetpack_social_post_already_shared":true,"jetpack_social_options":{"image_generator_settings":{"template":"highway","enabled":false},"version":2}},"categories":[36],"tags":[273,1925,1924,154,72],"class_list":{"0":"post-10157","1":"post","2":"type-post","3":"status-publish","4":"format-standard","5":"has-post-thumbnail","7":"category-pensadores-futuro","8":"tag-desemprego","9":"tag-emprego","10":"tag-futuro-do-empreego","11":"tag-futuro-do-trabalho","12":"tag-trabalho"},"jetpack_publicize_connections":[],"jetpack_featured_media_url":"https:\/\/radardofuturo.com.br\/test\/wp-content\/uploads\/2020\/04\/miseria-pobreza-foto-Jorge-Araujo-Fotos-Publicas.jpg","post_mailing_queue_ids":[],"_links":{"self":[{"href":"https:\/\/radardofuturo.com.br\/test\/wp-json\/wp\/v2\/posts\/10157","targetHints":{"allow":["GET"]}}],"collection":[{"href":"https:\/\/radardofuturo.com.br\/test\/wp-json\/wp\/v2\/posts"}],"about":[{"href":"https:\/\/radardofuturo.com.br\/test\/wp-json\/wp\/v2\/types\/post"}],"author":[{"embeddable":true,"href":"https:\/\/radardofuturo.com.br\/test\/wp-json\/wp\/v2\/users\/1"}],"replies":[{"embeddable":true,"href":"https:\/\/radardofuturo.com.br\/test\/wp-json\/wp\/v2\/comments?post=10157"}],"version-history":[{"count":0,"href":"https:\/\/radardofuturo.com.br\/test\/wp-json\/wp\/v2\/posts\/10157\/revisions"}],"wp:featuredmedia":[{"embeddable":true,"href":"https:\/\/radardofuturo.com.br\/test\/wp-json\/wp\/v2\/media\/10158"}],"wp:attachment":[{"href":"https:\/\/radardofuturo.com.br\/test\/wp-json\/wp\/v2\/media?parent=10157"}],"wp:term":[{"taxonomy":"category","embeddable":true,"href":"https:\/\/radardofuturo.com.br\/test\/wp-json\/wp\/v2\/categories?post=10157"},{"taxonomy":"post_tag","embeddable":true,"href":"https:\/\/radardofuturo.com.br\/test\/wp-json\/wp\/v2\/tags?post=10157"}],"curies":[{"name":"wp","href":"https:\/\/api.w.org\/{rel}","templated":true}]}}