{"id":10103,"date":"2020-04-16T11:25:53","date_gmt":"2020-04-16T14:25:53","guid":{"rendered":"https:\/\/radardofuturo.com.br\/?p=10103"},"modified":"2020-04-16T11:25:53","modified_gmt":"2020-04-16T14:25:53","slug":"o-fim-da-educacao-distancia","status":"publish","type":"post","link":"https:\/\/radardofuturo.com.br\/test\/o-fim-da-educacao-distancia\/","title":{"rendered":"O fim da educa\u00e7\u00e3o a dist\u00e2ncia"},"content":{"rendered":"<figure id=\"attachment_8957\" aria-describedby=\"caption-attachment-8957\" style=\"width: 830px\" class=\"wp-caption aligncenter\"><a href=\"https:\/\/radardofuturo.com.br\/test\/wp-content\/uploads\/2019\/12\/capiche-education-foto-divulgacao.jpg\"><img loading=\"lazy\" decoding=\"async\" class=\"size-full wp-image-8957\" src=\"https:\/\/radardofuturo.com.br\/test\/wp-content\/uploads\/2019\/12\/capiche-education-foto-divulgacao.jpg\" alt=\"Estamos vivendo dias de experimenta&ccedil;&atilde;o e quebra de paradigmas. Estamos vendo nascer de fato uma nova educa&ccedil;&atilde;o.\" width=\"830\" height=\"570\" srcset=\"https:\/\/radardofuturo.com.br\/test\/wp-content\/uploads\/2019\/12\/capiche-education-foto-divulgacao.jpg 830w, https:\/\/radardofuturo.com.br\/test\/wp-content\/uploads\/2019\/12\/capiche-education-foto-divulgacao-300x206.jpg 300w, https:\/\/radardofuturo.com.br\/test\/wp-content\/uploads\/2019\/12\/capiche-education-foto-divulgacao-768x527.jpg 768w, https:\/\/radardofuturo.com.br\/test\/wp-content\/uploads\/2019\/12\/capiche-education-foto-divulgacao-100x70.jpg 100w, https:\/\/radardofuturo.com.br\/test\/wp-content\/uploads\/2019\/12\/capiche-education-foto-divulgacao-218x150.jpg 218w, https:\/\/radardofuturo.com.br\/test\/wp-content\/uploads\/2019\/12\/capiche-education-foto-divulgacao-436x300.jpg 436w, https:\/\/radardofuturo.com.br\/test\/wp-content\/uploads\/2019\/12\/capiche-education-foto-divulgacao-696x478.jpg 696w\" sizes=\"auto, (max-width: 830px) 100vw, 830px\"><\/a><figcaption id=\"caption-attachment-8957\" class=\"wp-caption-text\">Estamos vivendo dias de experimenta&ccedil;&atilde;o e quebra de paradigmas. Estamos vendo nascer de fato uma nova educa&ccedil;&atilde;o.<\/figcaption><\/figure>\n<p><!--more-->Renato Casagrande *<\/p>\n<p>Tenho tido algumas certezas nesses &uacute;ltimos dias. Uma delas &eacute; que a express&atilde;o &ldquo;educa&ccedil;&atilde;o a dist&acirc;ncia&rdquo; est&aacute; com os dias contados. Em breve ficar&aacute; meio d&eacute;mod&eacute; nos referirmos a educa&ccedil;&atilde;o mediada por tecnologias como EAD ou &ldquo;educa&ccedil;&atilde;o a dist&acirc;ncia&rdquo;. Essa express&atilde;o carregada de dem&eacute;rito, de preconceito e de estigmas vai em breve para o lixo. N&atilde;o falaremos mais em EAD, falaremos em educa&ccedil;&atilde;o em qualquer tempo, em qualquer hora e em qualquer lugar. Falaremos em educa&ccedil;&atilde;o e tecnologia. Falaremos de educa&ccedil;&atilde;o. Ponto.<\/p>\n<p>Mas, n&atilde;o se trata apenas de mudan&ccedil;a de nome. O t&iacute;tulo deste artigo eu fiz com um prop&oacute;sito, o de despertar sua curiosidade sobre o tema. &Eacute; brincadeira, desculpe-me! Realmente queria chamar sua aten&ccedil;&atilde;o para um fato que vai mudar drasticamente o processo de ensino e aprendizagem nas nossas institui&ccedil;&otilde;es educacionais.<\/p>\n<p>Estamos vivendo dias de experimenta&ccedil;&atilde;o e quebra de paradigmas. Estamos vendo nascer de fato uma nova educa&ccedil;&atilde;o. Sem estigmas, preconceitos ou resist&ecirc;ncia, estamos abra&ccedil;ando e fazendo as pazes com as novas tecnologias. Estamos, n&oacute;s educadores, entendendo que podemos dar passos largos em dire&ccedil;&atilde;o a um futuro e com muito mais certeza de que conseguiremos chegar &ldquo;com qualidade&rdquo; a lugares que pelos m&eacute;todos tradicionais nunca conseguir&iacute;amos.<\/p>\n<p>A educa&ccedil;&atilde;o, principalmente no ensino m&eacute;dio e superior, n&atilde;o ser&aacute; mais a mesma ap&oacute;s a triste pandemia que vivemos. Professores que at&eacute; 15, 20 dias atr&aacute;s n&atilde;o tinham a m&iacute;nima no&ccedil;&atilde;o e nem interesse em interagir com seus alunos por meio de tecnologias, se viram amea&ccedil;ados na sua fun&ccedil;&atilde;o. O computador que entrou pela porta dos fundos na escola, agora, em formato de smartphone, tablet ou notebook, em poucos dias tornou-se o maior aliado dos educadores.<\/p>\n<p>Professores da educa&ccedil;&atilde;o b&aacute;sica e mesmo do ensino superior foram for&ccedil;ados rapidamente a se aliarem e usarem as tecnologias em suas aulas. E o que &eacute; mais surpreendente: est&atilde;o gostando. Sim, e n&atilde;o s&atilde;o poucos os professores. Os mesmos que pestanejavam para as tecnologias agora me dizem que est&atilde;o se divertindo e encontrando novos &ldquo;sabores&rdquo; em suas aulas. At&eacute; professora de pijama j&aacute; vi dando aula. Tamb&eacute;m vejo muitos professores estufarem o peito para falar: &ldquo;hoje somos todos digitais&rdquo;. Os poucos professores que ainda n&atilde;o entenderam ou que ainda insistem em n&atilde;o entender ficar&atilde;o &agrave; margem da estrada. O trem bala est&aacute; passando.<\/p>\n<p>Nada ser&aacute; como antes. Como o homework deve ganhar protagonismo nas empresas em geral, a educa&ccedil;&atilde;o mediada por tecnologias tamb&eacute;m entrar&aacute; de vez nas escolas e nas universidades no per&iacute;odo p&oacute;s-isolamento. &Eacute; uma nova rela&ccedil;&atilde;o. &Eacute; uma nova hist&oacute;ria.<\/p>\n<p>Associada &agrave;s quest&otilde;es da resist&ecirc;ncia e da falta de h&aacute;bito ou da pr&oacute;pria compet&ecirc;ncia em lidar com as novas tecnologias, na educa&ccedil;&atilde;o temos as quest&otilde;es econ&ocirc;micas que v&atilde;o imperar de forma dr&aacute;stica no per&iacute;odo p&oacute;s-isolamento social. Viveremos anos de longas crises e cada &ldquo;tost&atilde;o&rdquo; a ser gasto ou investido pelo governos, pais e alunos ter&aacute; que ter um grande retorno. E a&iacute; a educa&ccedil;&atilde;o n&atilde;o presencial, h&iacute;brida ou mediada por novas tecnologias tamb&eacute;m contribuir&aacute; muito. A educa&ccedil;&atilde;o, quando produzida em escala, &eacute; muito mais barata. E a &uacute;nica ou a melhor forma de produzirmos em escala &eacute; com o aux&iacute;lio das tecnologias. Ela alcan&ccedil;a os alunos em qualquer lugar e em qualquer hora.<\/p>\n<p>Por fim, n&atilde;o tem e n&atilde;o ter&aacute; mais sentido jovens se deslocarem de um canto para outro e se amontoarem em salas de aulas com at&eacute; 100 alunos (realidade em muitas Institui&ccedil;&otilde;es de Ensino Superior, por exemplo) para assistirem suas aulas. Quando tudo voltar ao normal, o normal n&atilde;o vai ser a aula presencial. Isso n&atilde;o significa que as aulas ser&atilde;o todas n&atilde;o presenciais.<\/p>\n<p>Estudos e pesquisas j&aacute; nos mostram h&aacute; tempos que o que funciona mesmo &eacute; o hibridismo. Ou seja, os alunos assistem &agrave;s aulas e fazem atividades n&atilde;o presenciais, e tamb&eacute;m t&ecirc;m momentos presenciais com professores e colegas. Essa jun&ccedil;&atilde;o da presencialidade e n&atilde;o-presencialidade j&aacute; tem dado bons resultados na educa&ccedil;&atilde;o superior, principalmente nas grandes institui&ccedil;&otilde;es de ensino superior, e agora deve avan&ccedil;ar a passos largos em todas as institui&ccedil;&otilde;es de educa&ccedil;&atilde;o superior, de ensino m&eacute;dio e at&eacute; do fundamental, principalmente dos anos finais.<\/p>\n<p>N&atilde;o &eacute; simples, nem f&aacute;cil, mas &eacute; poss&iacute;vel, eficiente e d&aacute; resultados. Temos muito a aprender sobre educa&ccedil;&atilde;o e tecnologia. Mas, temos muitos trabalhos cient&iacute;ficos, muitas pesquisas, muitos estudos que agora ser&atilde;o mais valorizados e nos ajudar&atilde;o a aperfei&ccedil;oar o processo que ainda &eacute; bem amador. Temos bastante a aperfei&ccedil;oar e muito a crescer, mais a largada foi dada. Os que n&atilde;o entenderem isso ficar&atilde;o para tr&aacute;s. &Eacute; um caminho sem volta.<\/p>\n<hr>\n<ul>\n<li><em>Renato Casagrande &eacute; especialista em gest&atilde;o educacional, palestrante, autor de livros e presidente do Instituto Casagrande.<\/em><\/li>\n<\/ul>\n","protected":false},"excerpt":{"rendered":"","protected":false},"author":1,"featured_media":8957,"comment_status":"closed","ping_status":"closed","sticky":false,"template":"","format":"standard","meta":{"tdm_status":"","tdm_grid_status":"","footnotes":"","jetpack_publicize_message":"","jetpack_publicize_feature_enabled":true,"jetpack_social_post_already_shared":true,"jetpack_social_options":{"image_generator_settings":{"template":"highway","enabled":false},"version":2}},"categories":[19,36,16],"tags":[1920,1919,504,242,1921,246],"class_list":{"0":"post-10103","1":"post","2":"type-post","3":"status-publish","4":"format-standard","5":"has-post-thumbnail","7":"category-insights","8":"category-pensadores-futuro","9":"category-tendencias-setores","10":"tag-ead","11":"tag-educacao-a-distancia","12":"tag-educacao-no-futuro","13":"tag-futuro-da-educacao","14":"tag-futuro-da-educacao-a-distancia","15":"tag-futuro-do-ensino"},"jetpack_publicize_connections":[],"jetpack_featured_media_url":"https:\/\/radardofuturo.com.br\/test\/wp-content\/uploads\/2019\/12\/capiche-education-foto-divulgacao.jpg","post_mailing_queue_ids":[],"_links":{"self":[{"href":"https:\/\/radardofuturo.com.br\/test\/wp-json\/wp\/v2\/posts\/10103","targetHints":{"allow":["GET"]}}],"collection":[{"href":"https:\/\/radardofuturo.com.br\/test\/wp-json\/wp\/v2\/posts"}],"about":[{"href":"https:\/\/radardofuturo.com.br\/test\/wp-json\/wp\/v2\/types\/post"}],"author":[{"embeddable":true,"href":"https:\/\/radardofuturo.com.br\/test\/wp-json\/wp\/v2\/users\/1"}],"replies":[{"embeddable":true,"href":"https:\/\/radardofuturo.com.br\/test\/wp-json\/wp\/v2\/comments?post=10103"}],"version-history":[{"count":0,"href":"https:\/\/radardofuturo.com.br\/test\/wp-json\/wp\/v2\/posts\/10103\/revisions"}],"wp:featuredmedia":[{"embeddable":true,"href":"https:\/\/radardofuturo.com.br\/test\/wp-json\/wp\/v2\/media\/8957"}],"wp:attachment":[{"href":"https:\/\/radardofuturo.com.br\/test\/wp-json\/wp\/v2\/media?parent=10103"}],"wp:term":[{"taxonomy":"category","embeddable":true,"href":"https:\/\/radardofuturo.com.br\/test\/wp-json\/wp\/v2\/categories?post=10103"},{"taxonomy":"post_tag","embeddable":true,"href":"https:\/\/radardofuturo.com.br\/test\/wp-json\/wp\/v2\/tags?post=10103"}],"curies":[{"name":"wp","href":"https:\/\/api.w.org\/{rel}","templated":true}]}}