{"id":10074,"date":"2020-04-15T10:38:09","date_gmt":"2020-04-15T13:38:09","guid":{"rendered":"https:\/\/radardofuturo.com.br\/?p=10074"},"modified":"2020-04-15T10:38:09","modified_gmt":"2020-04-15T13:38:09","slug":"como-o-coronavirus-vai-mudar-nossas-vidas-10-tendencias-para-o-mundo-pos-pandemia","status":"publish","type":"post","link":"https:\/\/radardofuturo.com.br\/test\/como-o-coronavirus-vai-mudar-nossas-vidas-10-tendencias-para-o-mundo-pos-pandemia\/","title":{"rendered":"Como o coronav\u00edrus vai mudar nossas vidas: 10 tend\u00eancias para o mundo p\u00f3s-pandemia"},"content":{"rendered":"<figure id=\"attachment_10075\" aria-describedby=\"caption-attachment-10075\" style=\"width: 1280px\" class=\"wp-caption aligncenter\"><a href=\"https:\/\/radardofuturo.com.br\/test\/wp-content\/uploads\/2020\/04\/mulher-na-janela-isolamento-distanciamento-foto-pixabay.jpg\"><img loading=\"lazy\" decoding=\"async\" class=\"size-full wp-image-10075\" src=\"https:\/\/radardofuturo.com.br\/test\/wp-content\/uploads\/2020\/04\/mulher-na-janela-isolamento-distanciamento-foto-pixabay.jpg\" alt=\"O tempo de distanciamento social tende a criar mudan&ccedil;as fortes em h&aacute;bitos e atividades das pessoas nos pr&oacute;ximos anos. Foto: Pixabay\" width=\"1280\" height=\"854\" srcset=\"https:\/\/radardofuturo.com.br\/test\/wp-content\/uploads\/2020\/04\/mulher-na-janela-isolamento-distanciamento-foto-pixabay.jpg 1280w, https:\/\/radardofuturo.com.br\/test\/wp-content\/uploads\/2020\/04\/mulher-na-janela-isolamento-distanciamento-foto-pixabay-300x200.jpg 300w, https:\/\/radardofuturo.com.br\/test\/wp-content\/uploads\/2020\/04\/mulher-na-janela-isolamento-distanciamento-foto-pixabay-1024x683.jpg 1024w, https:\/\/radardofuturo.com.br\/test\/wp-content\/uploads\/2020\/04\/mulher-na-janela-isolamento-distanciamento-foto-pixabay-768x512.jpg 768w, https:\/\/radardofuturo.com.br\/test\/wp-content\/uploads\/2020\/04\/mulher-na-janela-isolamento-distanciamento-foto-pixabay-696x464.jpg 696w\" sizes=\"auto, (max-width: 1280px) 100vw, 1280px\"><\/a><figcaption id=\"caption-attachment-10075\" class=\"wp-caption-text\">O tempo de distanciamento social tende a criar mudan&ccedil;as fortes em h&aacute;bitos e atividades das pessoas nos pr&oacute;ximos anos. Foto: Pixabay<\/figcaption><\/figure>\n<p><!--more--><\/p>\n<p>Clayton Melo<br>\nJornalista e analista de <a href=\"https:\/\/radardofuturo.com.br\/test\/ddof\/o-que-sao-tendencias\/\" target=\"_self\" title=\"Confira o que s&atilde;o tend&ecirc;ncias, os fatos ou fen&ocirc;menos que podem acontecer em algum momento adiante na hist&oacute;ria da sociedade, como um novo comportamento individual ou de um grupo\" class=\"encyclopedia\">tend&ecirc;ncias<\/a><br>\n<a href=\"https:\/\/avidanocentro.com.br\" target=\"_blank\" rel=\"noopener\">Plataforma A Vida no Centro<\/a><br>\n<a href=\"https:\/\/www.instagram.com\/claytonmelo\/\" target=\"_blank\" rel=\"noopener noreferrer\">Instagram: @claytonmelo<\/a><br>\n<a href=\"https:\/\/twitter.com\/clayton_melo\" target=\"_blank\" rel=\"noopener noreferrer\">Twitter: @clayton_melo<\/a><\/p>\n<p>A Covid-19 mudou nossas vidas. N&atilde;o estou falando aqui simplesmente da altera&ccedil;&atilde;o da rotina nesses dias de isolamento, em que n&atilde;o podemos mais fazer caminhadas no Minhoc&atilde;o ou ir aos nossos bares e restaurantes preferidos. Sim, tudo isso mudou nosso cotidiano &ndash; e muito. Mas o meu convite para voc&ecirc; neste post &eacute; para pensarmos nas mudan&ccedil;as mais profundas, naquelas transforma&ccedil;&otilde;es que devem moldar a realidade &agrave; nossa volta e, claro, as nossas vidas depois que o novo coronav&iacute;rus baixar a bola. Por isso talvez seja melhor mudar o tempo verbal da frase que abre este texto e dizer que o coronav&iacute;rus vai mudar as nossas vidas. Mas como? Que cen&aacute;rios prov&aacute;veis j&aacute; come&ccedil;am a emergir e devem se impor no mundo p&oacute;s-pandemia?<\/p>\n<h2>O mundo p&oacute;s-pandemia ser&aacute; diferente<\/h2>\n<p>Entender que mundo novo &eacute; esse &eacute; importante para nos prepararmos para o que vem por a&iacute;. Porque uma coisa &eacute; certa: o mundo n&atilde;o ser&aacute; como antes, conforme nos alertou o bi&oacute;logo &Aacute;tila Iamarino.<\/p>\n<p>&ldquo;O mundo mudou, e aquele mundo (de antes do coronav&iacute;rus) n&atilde;o existe mais. A nossa vida vai mudar muito daqui para a frente, e algu&eacute;m que tenta manter o&nbsp;status quo&nbsp;de 2019 &eacute; algu&eacute;m que ainda n&atilde;o aceitou essa nova realidade&rdquo;, disse nesta <a href=\"https:\/\/www.bbc.com\/portuguese\/brasil-52061804\" target=\"_blank\" rel=\"noopener\">entrevista para a BBC Brasil<\/a> &Aacute;tila, que &eacute; doutor em microbiologia pela Universidade de S&atilde;o Paulo e p&oacute;s-doutor pela Universidade Yale. &ldquo;Mudan&ccedil;as que o mundo levaria d&eacute;cadas para passar, que a gente levaria muito tempo para implementar voluntariamente, a gente est&aacute; tendo que implementar no susto, em quest&atilde;o de meses&rsquo;, diz ele.<\/p>\n<h2>Pandemia marca o fim do s&eacute;culo 20<\/h2>\n<p>Ainda nessa linha, havia uma vis&atilde;o entre especialistas de que faltava um s&iacute;mbolo para o fim do s&eacute;culo 20, uma &eacute;poca altamente marcada pela tecnologia. E esse marco &eacute; a pandemia do coronav&iacute;rus, segundo a historiadora e antrop&oacute;loga Lilia Schwarcz, professora da Universidade de S&atilde;o Paulo e de Princeton, nos EUA, em entrevista ao <a href=\"https:\/\/www.uol.com.br\/universa\/reportagens-especiais\/coronavirus-100-dias-que-mudaram-o-mundo\/#tematico-1\" target=\"_blank\" rel=\"noopener\">Universa<\/a>.<\/p>\n<p>&ldquo;[<em>O historiador brit&acirc;nico Eric<\/em>] Hobsbawn disse que o longo s&eacute;culo 19 s&oacute; terminou depois da Primeira Guerra Mundial [1914-1918]. N&oacute;s usamos o marcador de tempo: virou o s&eacute;culo, tudo mudou. Mas n&atilde;o funciona assim, a experi&ecirc;ncia humana &eacute; que constr&oacute;i o tempo. Ele tem raz&atilde;o, o longo s&eacute;culo 19 terminou com a Primeira Guerra, com mortes, com a experi&ecirc;ncia do luto, mas tamb&eacute;m o que significou sobre a capacidade destrutiva. Acho que essa nossa pandemia marca o final do s&eacute;culo 20, que foi o s&eacute;culo da tecnologia. N&oacute;s tivemos um grande desenvolvimento tecnol&oacute;gico, mas agora a pandemia mostra esses limites&rdquo;, diz Lilia.<\/p>\n<h2>Coronav&iacute;rus, um acelerador de futuros<\/h2>\n<p>V&aacute;rios futuristas internacionais dizem que o coronav&iacute;rus funciona como um acelerador de futuros. A pandemia antecipa mudan&ccedil;as que j&aacute; estavam em curso, como o trabalho remoto, a educa&ccedil;&atilde;o a dist&acirc;ncia, a busca por sustentabilidade e a cobran&ccedil;a, por parte da sociedade, para que as empresas sejam mais respons&aacute;veis do ponto de vista&nbsp; social.<\/p>\n<p>Outras mudan&ccedil;as estavam mais embrion&aacute;rias e talvez n&atilde;o fossem t&atilde;o percept&iacute;veis ainda, mas agora ganham novo sentido diante da revis&atilde;o de valores provocada por uma crise sanit&aacute;ria sem precedentes para a nossa gera&ccedil;&atilde;o. Como exemplos, podemos citar o fortalecimento de valores como solidariedade e empatia, assim como o questionamento do modelo de sociedade baseado no consumismo e no lucro a qualquer custo.<\/p>\n<p>&ldquo;A vida depois do v&iacute;rus ser&aacute; diferente&rdquo;, disse ao site <a href=\"https:\/\/www.newsday.com\/news\/health\/coronavirus\/coronavirus-future-changes-futurists-1.43635849?utm_source=tw_nd\" target=\"_blank\" rel=\"noopener\">Newsday<\/a> a futurista <a href=\"https:\/\/amywebb.io\/\" target=\"_blank\" rel=\"noopener\">Amy Webb<\/a>, professora da Escola de Neg&oacute;cios da Universidade de Nova York. &ldquo;Temos uma escolha a fazer: queremos confrontar cren&ccedil;as e fazer mudan&ccedil;as significativas para o futuro ou simplesmente preservar o status quo?&rdquo;<\/p>\n<h2>Efeitos do coronav&iacute;rus devem durar quase dois anos<\/h2>\n<p>As transforma&ccedil;&otilde;es s&atilde;o in&uacute;meras e passam pela pol&iacute;tica, economia, modelos de neg&oacute;cios, rela&ccedil;&otilde;es sociais, cultura, psicologia social e a rela&ccedil;&atilde;o com a cidade e o espa&ccedil;o p&uacute;blico, entre outras coisas.<\/p>\n<p>O ponto de partida &eacute; ter consci&ecirc;ncia de que os efeitos da pandemia devem durar quase dois anos, pois a Organiza&ccedil;&atilde;o Mundial de Sa&uacute;de calcula que sejam necess&aacute;rios pelo menos 18 meses para haver uma vacina contra o novo. Isso significa que os pa&iacute;ses devem alternar per&iacute;odos de abertura e isolamento durante esse per&iacute;odo.<\/p>\n<p>Diante dessa perspectiva, como ficam as atividades de lazer, cultura, gastronomia e entretenimento durante esse per&iacute;odo? O que mudar&aacute; depois desse per&iacute;odo? S&atilde;o quest&otilde;es ainda em aberto, mas h&aacute; sinais que nos permitem algumas reflex&otilde;es.<\/p>\n<p>Para entender essas e outras quest&otilde;es e identificar os prov&aacute;veis cen&aacute;rios, procurei saber que <a href=\"https:\/\/radardofuturo.com.br\/test\/ddof\/o-que-sao-tendencias\/\" target=\"_self\" title=\"Confira o que s&atilde;o tend&ecirc;ncias, os fatos ou fen&ocirc;menos que podem acontecer em algum momento adiante na hist&oacute;ria da sociedade, como um novo comportamento individual ou de um grupo\" class=\"encyclopedia\">tend&ecirc;ncias<\/a> os futuristas, pesquisadores e bureaus de pesquisas nacionais e internacionais est&atilde;o tra&ccedil;ando para o mundo p&oacute;s-pand&ecirc;mico. A partir dessas leituras e tamb&eacute;m de um olhar para as quest&otilde;es que dizem respeito ao Centro de S&atilde;o Paulo e &agrave; vida urbana em geral, fiz uma lista com algumas dessas <a href=\"https:\/\/radardofuturo.com.br\/test\/ddof\/o-que-sao-tendencias\/\" target=\"_self\" title=\"Confira o que s&atilde;o tend&ecirc;ncias, os fatos ou fen&ocirc;menos que podem acontecer em algum momento adiante na hist&oacute;ria da sociedade, como um novo comportamento individual ou de um grupo\" class=\"encyclopedia\">tend&ecirc;ncias<\/a>, que voc&ecirc; pode ler a seguir.<\/p>\n<h2>Confira as 10 tend&ecirc;ncias para o mundo p&oacute;s-pandemia<\/h2>\n<ol>\n<li>\n<h4><strong> Revis&atilde;o de cren&ccedil;as e valores <\/strong><\/h4>\n<\/li>\n<\/ol>\n<p>A crise de sa&uacute;de p&uacute;blica &eacute; definida por alguns pesquisadores como um reset, uma esp&eacute;cie de um divisor de &aacute;guas capaz de provocar mudan&ccedil;as profundas no comportamento das pessoas. &ldquo;Uma crise como essa pode mudar valores&rdquo;, diz Pete Lunn, chefe da unidade de pesquisa comportamental da Trinity College Dublin, em entrevista ao <a href=\"https:\/\/www.newsday.com\/news\/health\/coronavirus\/coronavirus-future-changes-futurists-1.43635849?utm_source=tw_nd\" target=\"_blank\" rel=\"noopener\">Newsday<\/a>.<\/p>\n<p>&ldquo;As crises obrigam as comunidades a se unirem e trabalharem mais como equipes, seja nos bairros, entre funcion&aacute;rios de empresas, seja o que for&hellip; E isso pode afetar os valores daqueles que vivem nesse per&iacute;odo &ndash; assim como ocorre com as gera&ccedil;&otilde;es que viveram guerras&rdquo;.<\/p>\n<p>J&aacute; estamos come&ccedil;ando a ver esses sinais no Brasil &ndash; e no Centro de S&atilde;o Paulo, com v&aacute;rios exemplos de pessoas que <a href=\"https:\/\/avidanocentro.com.br\/cidades\/coronavirus-idosos\/\" target=\"_blank\" rel=\"noopener\">unem para ajudar idosos<\/a>, por exemplo.<\/p>\n<ol start=\"2\">\n<li>\n<h4><strong> Menos &eacute; mais<\/strong><\/h4>\n<\/li>\n<\/ol>\n<p>A crise financeira decorrente da pandemia por si s&oacute; ser&aacute; um motivo para que as pessoas economizem mais e revejam seus h&aacute;bitos de consumo. Como diz o <a href=\"https:\/\/cifs.dk\/\" target=\"_blank\" rel=\"noopener\">Copenhagen Institute for Futures Studies<\/a>, a ideia de &ldquo;menos &eacute; mais&rdquo; vai guiar os consumidores daqui para frente.<\/p>\n<p>Mas a falta de dinheiro no momento n&atilde;o ser&aacute; o &uacute;nico motivo. As pessoas devem rever sua rela&ccedil;&atilde;o com o consumo, refor&ccedil;ando um movimento que j&aacute; vinha acontecendo. &ldquo;Consumir por consumir saiu de &lsquo;moda&rsquo;&rdquo;, escreve no site <a href=\"https:\/\/ofuturodascoisas.com\/covid-19-um-reset-rumo-a-abundancia\/\" target=\"_blank\" rel=\"noopener\">O Futuro das Coisas<\/a> Sabina Deweik, mestre em comunica&ccedil;&atilde;o semi&oacute;tica pela PUC e pesquisadora de comportamento e <a href=\"https:\/\/radardofuturo.com.br\/test\/ddof\/o-que-sao-tendencias\/\" target=\"_self\" title=\"Confira o que s&atilde;o tend&ecirc;ncias, os fatos ou fen&ocirc;menos que podem acontecer em algum momento adiante na hist&oacute;ria da sociedade, como um novo comportamento individual ou de um grupo\" class=\"encyclopedia\">tend&ecirc;ncias<\/a>.<\/p>\n<p>O outro lado desse processo &eacute; um questionamento maior do modelo de capitalismo baseado pura e simplesmente na maximiza&ccedil;&atilde;o dos lucros para os acionistas. &ldquo;O coronav&iacute;rus trouxe para o contexto dos neg&oacute;cios e para o contexto pessoal a necessidade de revisitar as prioridades. O que antes em uma organiza&ccedil;&atilde;o gerava resultados financeiros, persuadindo, incentivando o consumo, aumentando a produ&ccedil;&atilde;o e as vendas, hoje n&atilde;o funciona mais&rdquo;, diz Sabina.<\/p>\n<p>&ldquo;Hoje, faz-se necess&aacute;rio pensar no valor concedido &agrave;s pessoas, no impacto ambiental, na gera&ccedil;&atilde;o de um impacto positivo na sociedade ou no engajamento com uma causa. Faz-se necess&aacute;rio olhar definitivamente com confian&ccedil;a para os colaboradores j&aacute; que o&nbsp;<em>home office<\/em>&nbsp;deixou de ser uma alternativa para ser uma necessidade. Faz-se necess&aacute;rio repensar a sociedade do consumo e refletir o que &eacute; essencial.&rdquo;<\/p>\n<ol start=\"3\">\n<li>\n<h4><strong> Reconfigura&ccedil;&atilde;o dos espa&ccedil;os do com&eacute;rcio<\/strong><\/h4>\n<\/li>\n<\/ol>\n<p>A pandemia vai acentuar o medo e a ansiedade das pessoas e estimular novos h&aacute;bitos. Assim, os cuidados com a sa&uacute;de e o bem-estar, que estar&atilde;o em alta, devem se estender aos locais p&uacute;blicos, especialmente os fechados, pois o receio de locais com aglomera&ccedil;&atilde;o deve permanecer.<\/p>\n<p>&ldquo;Quando as pessoas voltarem a frequentar espa&ccedil;os p&uacute;blicos, depois do fim das restri&ccedil;&otilde;es, as empresas devem investir em estrat&eacute;gias para engajar os consumidores de modo profundo, criando locais que tragam a eles a sensa&ccedil;&atilde;o de estar em casa&rdquo;, diz um <a href=\"https:\/\/www.wgsn.com\/content\/board_viewer\/#\/86743\/pt\/page\/1\" target=\"_blank\" rel=\"noopener\">relat&oacute;rio da WGSN<\/a>, um dos maiores bureaus de pesquisas de <a href=\"https:\/\/radardofuturo.com.br\/test\/ddof\/o-que-sao-tendencias\/\" target=\"_self\" title=\"Confira o que s&atilde;o tend&ecirc;ncias, os fatos ou fen&ocirc;menos que podem acontecer em algum momento adiante na hist&oacute;ria da sociedade, como um novo comportamento individual ou de um grupo\" class=\"encyclopedia\">tend&ecirc;ncias<\/a> do mundo.<\/p>\n<p>Eis um ponto de aten&ccedil;&atilde;o para bares, restaurantes, cafeterias, academias e coworkings, que devem redesenhar seus espa&ccedil;os para reduzir a aglomera&ccedil;&atilde;o e facilitar o acesso a produtos de higiene, como &aacute;lcool gel. Os espa&ccedil;os compartilhados, como coworkings, t&ecirc;m um grande desafio nesse novo cen&aacute;rio.<\/p>\n<ol start=\"4\">\n<li>\n<h4><strong> Novos modelos de neg&oacute;cios para restaurantes<\/strong><\/h4>\n<\/li>\n<\/ol>\n<p>Uma das 10 <a href=\"https:\/\/radardofuturo.com.br\/test\/ddof\/o-que-sao-tendencias\/\" target=\"_self\" title=\"Confira o que s&atilde;o tend&ecirc;ncias, os fatos ou fen&ocirc;menos que podem acontecer em algum momento adiante na hist&oacute;ria da sociedade, como um novo comportamento individual ou de um grupo\" class=\"encyclopedia\">tend&ecirc;ncias<\/a> apontadas pelo futurista <a href=\"https:\/\/www.rohitbhargava.com\/2020\/03\/10-futuristic-ideas-becoming-reality-faster-because-of-covid-19.html\" target=\"_blank\" rel=\"noopener\">Rohit Bhatgava <\/a>&eacute; o que ele chama de &ldquo;restaurantes fantasmas&rdquo;, termo usado para descrever os estabelecimentos que funcionam s&oacute; com delivery. Como a possibilidade de novas ondas da pandemia num futuro pr&oacute;ximo, o setor de restaurantes deve ficar atento a mudan&ccedil;as no seu modelo de neg&oacute;cios, e o servi&ccedil;o de entrega vai continuar em alta e pode se tornar a principal fonte de receita em muitos casos.<\/p>\n<ol start=\"5\">\n<li>\n<h4><strong> Experi&ecirc;ncias culturais imersivas<\/strong><\/h4>\n<\/li>\n<\/ol>\n<p>Como resposta ao isolamento social, os artistas e produtores culturais passaram a apostar em <a href=\"https:\/\/avidanocentro.com.br\/cultura\/isolamento-social-shows-online\/\" target=\"_blank\" rel=\"noopener\">shows e espet&aacute;culos online<\/a>, assim como os <a href=\"https:\/\/artsandculture.google.com\/\" target=\"_blank\" rel=\"noopener\">tours virtuais a museus<\/a> ganharam mais destaque. Esse comportamento deve evoluir para o que se pode chamar de experi&ecirc;ncias culturais imersivas, que tentam conectar o real com o virtual a partir do uso de tecnologias que j&aacute; est&atilde;o por a&iacute;, mas que devem se disseminar, como a <a href=\"https:\/\/radardofuturo.com.br\/test\/ddof\/realidade-aumentada\/\" target=\"_self\" title=\"Realidade aumentada &eacute; a tecnologia que utiliza recursos para facilitar a informa&ccedil;&otilde;es e conhecimentos do mundo externo, seja sobre caracter&iacute;sticas de produtos, de coisas ou lugares. A ideia &eacute; aumentar seu conhecimento imediato do mundo ao seu redor. Para isso, insere informa&ccedil;&otilde;es curtas, diretas e relevantes nele. Isso permite maior intera&ccedil;&atilde;o e aumenta as possibilidades&hellip;\" class=\"encyclopedia\">realidade aumentada<\/a> e virtual, assistentes virtuais e m&aacute;quinas inteligentes.<\/p>\n<p>De acordo com o estudo Hype Cycle, da consultoria internacional Gartner, as experi&ecirc;ncias imersivas s&atilde;o uma das tr&ecirc;s grandes <a href=\"https:\/\/radardofuturo.com.br\/test\/ddof\/o-que-sao-tendencias\/\" target=\"_self\" title=\"Confira o que s&atilde;o tend&ecirc;ncias, os fatos ou fen&ocirc;menos que podem acontecer em algum momento adiante na hist&oacute;ria da sociedade, como um novo comportamento individual ou de um grupo\" class=\"encyclopedia\">tend&ecirc;ncias<\/a> da tecnologia. Destacamos aqui a &aacute;rea cultural, mas isso tamb&eacute;m se estende outros setores, como esportes, viagens a varejo, conforme indica o relat&oacute;rio <a href=\"https:\/\/info.trendwatching.com\/coronavirus-trend-report-download\" target=\"_blank\" rel=\"noopener\">A Post-Corona World<\/a>, produzido pela Trend Watching, plataforma global de <a href=\"https:\/\/radardofuturo.com.br\/test\/ddof\/o-que-sao-tendencias\/\" target=\"_self\" title=\"Confira o que s&atilde;o tend&ecirc;ncias, os fatos ou fen&ocirc;menos que podem acontecer em algum momento adiante na hist&oacute;ria da sociedade, como um novo comportamento individual ou de um grupo\" class=\"encyclopedia\">tend&ecirc;ncias<\/a>.<\/p>\n<ol start=\"6\">\n<li>\n<h4><strong> Trabalho remoto<\/strong><\/h4>\n<\/li>\n<\/ol>\n<p>O home office j&aacute; era uma realidade para muita gente, de freelancers e profissionais liberais a funcion&aacute;rios de companhias que j&aacute; adotavam o modelo. Mas essa modalidade vai crescer ainda mais. Com a pandemia, mais empresas &ndash; de diferentes portes &ndash; passaram a se organizar para trabalhar com esse modelo. Al&eacute;m disso, o trabalho remoto evita a necessidade de estar em espa&ccedil;os com grande aglomera&ccedil;&atilde;o, como &ocirc;nibus e metr&ocirc;s, especialmente em hor&aacute;rios de pico.<\/p>\n<ol start=\"7\">\n<li>\n<h4><strong> Morar perto do trabalho<\/strong><\/h4>\n<\/li>\n<\/ol>\n<p>Essa j&aacute; era uma tend&ecirc;ncia, e morar no Centro de S&atilde;o Paulo se tornou um objeto de desejo para muitas pessoas justamente por conta disso, entre outros motivos. Mas, com o receio de novas ondas de cont&aacute;gio, morar perto do trabalho, a ponto de ir a p&eacute; e n&atilde;o usar transporte p&uacute;blico, deve se tornar um ativo ainda mais valorizado.<\/p>\n<ol start=\"8\">\n<li>\n<h4><strong> Shopstreaming <\/strong><\/h4>\n<\/li>\n<\/ol>\n<p>Com o isolamento social, as lives explodiram, principalmente no Instagram. As vendas pela internet tamb&eacute;m, passando a ser uma op&ccedil;&atilde;o tamb&eacute;m para lojas que at&eacute; ent&atilde;o se valiam apenas do local f&iacute;sico. Pois pense na jun&ccedil;&atilde;o das coisas: o shopstreaming &eacute; isso. Uma vers&atilde;o Instagram do antigo ShopTime.<\/p>\n<p>Considerado por diferentes futuristas como uma tend&ecirc;ncia j&aacute; h&aacute; alguns anos, agora esse recurso deve ganhar impulso, segundo a Trend Watching. &ldquo;A recente crise fez o mercado chin&ecirc;s de transmiss&atilde;o ao vivo crescer ainda mais, e esse mix de entretenimento, comunidade e com&eacute;rcio eletr&ocirc;nico aumentar&aacute; no mundo todo&rdquo;, diz a consultoria. Fica a dica para os lojistas.<\/p>\n<ol start=\"9\">\n<li>\n<h4><strong> Busca por novos conhecimentos&nbsp;<\/strong><\/h4>\n<\/li>\n<\/ol>\n<p>Num mundo em constante e r&aacute;pida transforma&ccedil;&atilde;o, atualizar seus conhecimentos &eacute; quest&atilde;o de sobreviv&ecirc;ncia no mercado (al&eacute;m de ser um prazer, n&eacute;?). Mas a era de incertezas aberta pela pandemia agu&ccedil;ou esse sentimento nas pessoas, que passam, nesse primeiro momento, a ter mais contato com cursos online com o objetivo de aprender coisas novas, se divertir e\/ou se preparar para o mundo p&oacute;s-pandemia. Afinal, muitos empregos est&atilde;o sendo fechados, algumas atividades perdem espa&ccedil;o enquanto outros servi&ccedil;os ganham mercado.<\/p>\n<ol start=\"10\">\n<li>\n<h4><strong> Educa&ccedil;&atilde;o a dist&acirc;ncia <\/strong><\/h4>\n<\/li>\n<\/ol>\n<p>Se a busca por conhecimentos est&aacute; em alta, o canal para isso daqui para frente ser&aacute; a educa&ccedil;&atilde;o a dist&acirc;ncia, cuja expans&atilde;o vai se acelerar. Nesse contexto, uma nova figura deve entrar em cena: os mentores virtuais. A Trend Watching aposta que devem surgir novas plataformas ou servi&ccedil;os que conectam mentores e professores a pessoas que querem aprender sobre diferentes assuntos.<\/p>\n","protected":false},"excerpt":{"rendered":"","protected":false},"author":1,"featured_media":10075,"comment_status":"closed","ping_status":"closed","sticky":false,"template":"","format":"standard","meta":{"tdm_status":"","tdm_grid_status":"","footnotes":"","jetpack_publicize_message":"Como o coronav\u00edrus vai mudar nossas vidas: 10 tend\u00eancias para o mundo p\u00f3s-pandemia \r\n#pandemia #poscoronavirus #pos-coronavirus #pospandemia #futurodoplaneta","jetpack_publicize_feature_enabled":true,"jetpack_social_post_already_shared":true,"jetpack_social_options":{"image_generator_settings":{"template":"highway","enabled":false},"version":2}},"categories":[20,36,37],"tags":[1893,1903,1908,797,1909,1897],"class_list":{"0":"post-10074","1":"post","2":"type-post","3":"status-publish","4":"format-standard","5":"has-post-thumbnail","7":"category-destaques","8":"category-pensadores-futuro","9":"category-um-dia-no-futuro","10":"tag-covid-19","11":"tag-epidemias","12":"tag-futuro-do-mundo","13":"tag-futuro-do-planeta","14":"tag-impactos-das-epidemias","15":"tag-pandemia"},"jetpack_publicize_connections":[],"jetpack_featured_media_url":"https:\/\/radardofuturo.com.br\/test\/wp-content\/uploads\/2020\/04\/mulher-na-janela-isolamento-distanciamento-foto-pixabay.jpg","post_mailing_queue_ids":[],"_links":{"self":[{"href":"https:\/\/radardofuturo.com.br\/test\/wp-json\/wp\/v2\/posts\/10074","targetHints":{"allow":["GET"]}}],"collection":[{"href":"https:\/\/radardofuturo.com.br\/test\/wp-json\/wp\/v2\/posts"}],"about":[{"href":"https:\/\/radardofuturo.com.br\/test\/wp-json\/wp\/v2\/types\/post"}],"author":[{"embeddable":true,"href":"https:\/\/radardofuturo.com.br\/test\/wp-json\/wp\/v2\/users\/1"}],"replies":[{"embeddable":true,"href":"https:\/\/radardofuturo.com.br\/test\/wp-json\/wp\/v2\/comments?post=10074"}],"version-history":[{"count":0,"href":"https:\/\/radardofuturo.com.br\/test\/wp-json\/wp\/v2\/posts\/10074\/revisions"}],"wp:featuredmedia":[{"embeddable":true,"href":"https:\/\/radardofuturo.com.br\/test\/wp-json\/wp\/v2\/media\/10075"}],"wp:attachment":[{"href":"https:\/\/radardofuturo.com.br\/test\/wp-json\/wp\/v2\/media?parent=10074"}],"wp:term":[{"taxonomy":"category","embeddable":true,"href":"https:\/\/radardofuturo.com.br\/test\/wp-json\/wp\/v2\/categories?post=10074"},{"taxonomy":"post_tag","embeddable":true,"href":"https:\/\/radardofuturo.com.br\/test\/wp-json\/wp\/v2\/tags?post=10074"}],"curies":[{"name":"wp","href":"https:\/\/api.w.org\/{rel}","templated":true}]}}